{"id":559458,"date":"2026-06-28T02:11:43","date_gmt":"2026-06-28T02:11:43","guid":{"rendered":"https:\/\/www.europesays.com\/it\/559458\/"},"modified":"2026-06-28T02:11:43","modified_gmt":"2026-06-28T02:11:43","slug":"dal-cretto-di-burri-alle-egadi-cosa-fare-nel-weekend-del-27-e-28-giugno-in-provincia-di-trapani","status":"publish","type":"post","link":"https:\/\/www.europesays.com\/it\/559458\/","title":{"rendered":"Dal Cretto di Burri alle Egadi: cosa fare nel weekend del 27 e 28 giugno in provincia di Trapani"},"content":{"rendered":"<p>\t\t\t\t\t\t\t\t\t\t\t<a href=\"https:\/\/www.europesays.com\/it\/wp-content\/uploads\/2026\/06\/dal-cretto-di-burri-alle-egadi-cosa-fare-nel-weekend-del-27-e-28-giugno-in-provincia-di-trapani-450..jpeg\" data-lightbox=\"gallery\" data-title=\"Zoom\"><br \/>\n\t\t\t\t\t\t\t\t\t\t\t\t\t\t\t\t\t\t\t\t\t\t\t\t\t\t<img decoding=\"async\" src=\"https:\/\/www.europesays.com\/it\/wp-content\/uploads\/2026\/06\/dal-cretto-di-burri-alle-egadi-cosa-fare-nel-weekend-del-27-e-28-giugno-in-provincia-di-trapani-450..jpeg\" alt=\"https:\/\/www.europesays.com\/it\/wp-content\/uploads\/2026\/06\/dal-cretto-di-burri-alle-egadi-cosa-fare-nel-weekend-del-27-e-28-giugno-in-provincia-di-trapani-450..jpeg\" title=\"https:\/\/www.europesays.com\/it\/wp-content\/uploads\/2026\/06\/dal-cretto-di-burri-alle-egadi-cosa-fare-nel-weekend-del-27-e-28-giugno-in-provincia-di-trapani-450..jpeg\" style=\"float:left; padding: 7px 0px 0px 0px;\" class=\"resize-img\" \/><br \/>\n\t\t\t\t\t\t\t\t\t\t\t<\/a><\/p>\n<p>Dal Cretto di Burri alle Egadi, passando per Alcamo, Marsala e Buseto Palizzolo: il weekend del 27 e 28 giugno offre un calendario fitto tra teatro, arte contemporanea, musica dal vivo, presentazioni di libri e sport equestre.<\/p>\n<p>Sabato 27 giugno a <strong>Gibellina<\/strong>, \u00a0il Cretto di Burri diventa palcoscenico per \u00abL&#8217;Orestea di Gibellina\u00bb di <strong>Emilio Isgr\u00f2<\/strong>: prima nazionale in anteprima alla 45\u00aa edizione delle Orestiadi, nell&#8217;anno in cui la citt\u00e0 \u00e8 Capitale italiana dell&#8217;arte contemporanea. Isgr\u00f2 non ripropone lo spettacolo degli anni Ottanta, ma lo riscrive come installazione teatrale sul sudario di cemento bianco che copre le macerie della citt\u00e0 distrutta dal terremoto del Bel\u00ecce. In scena, tra gli altri, Donatella Finocchiaro, Vincenzo Pirrotta e Fabrizio Falco; musica dal vivo di Giovanni Caccamo. Sipario alle 19.30.<\/p>\n<p>Sempre sabato a <strong>Gibellina<\/strong>, ma al mattino, il Museo d&#8217;Arte Contemporanea &#8220;Ludovico Corrao&#8221; ospita il convegno \u00abPi\u00f9 rinnovabili per salvare il paesaggio dai cambiamenti climatici\u00bb organizzato da Legambiente Sicilia nell&#8217;ambito di &#8220;Sicilia Carbon Free&#8221;. Dalle 9.30 alle 13.30, studiosi, amministratori e rappresentanti delle istituzioni discutono di transizione energetica e tutela del territorio. Domenica 28, alle 19, la Chiesa di Santa Caterina a Gibellina Vecchia accoglie invece \u00abLe residenze d&#8217;arte nell&#8217;anno della Capitale\u00bb, incontro con artisti e curatori sul ruolo delle residenze artistiche nel percorso di Gibellina 2026.<\/p>\n<p>Il 27 giugno \u00e8 anche l&#8217;anniversario della Strage di Ustica. <strong>Marsala<\/strong> ricorda le 81 vittime \u2014 tra cui tre marsalesi \u2014 con una cerimonia commemorativa alle 19 a Capo Boeo e, alle 21.30 al Baluardo Velasco, la presentazione dell&#8217;installazione \u00abI pensieri sospesi\u00bb con un momento musicale della cantante Sing.Her. L&#8217;iniziativa \u00e8 promossa da Libera Marsala insieme ad altre associazioni cittadine.<\/p>\n<p>Nel pomeriggio di sabato, sempre a Marsala, le Cantine Storiche Pellegrino ospitano alle 16.30 un convegno sui legami storici tra la Sicilia e la Gran Bretagna: la presenza delle famiglie britanniche, il vino Marsala e l&#8217;Archivio Ingham-Whitaker. Serata invece al Baglio Curatolo Arini con &#8220;Onda d&#8217;estate \u2013 Amun\u00ec&#8221;: dalle 19 apertura nella bottaia storica, poi live degli Amun\u00ec in corte. Sabato e domenica, alle 21.30, il Teatro Sollima accende le luci su \u00abCircus \u2013 Oltre il cerchio di luce\u00bb di Carpe Diem Officina Artistica, spettacolo con i giovani artisti della scuola tra coreografie, maschere e un finale corale. Biglietto 10 euro. Domenica 28, al Baluardo Velasco, si presenta invece \u00abAzzurra e Samuel. Memoramore\u00bb di Carla Maria Pellegrino (ore 18.30, ingresso gratuito).<\/p>\n<p>Ad <strong>Alcamo<\/strong> il weekend si apre sabato con tre appuntamenti in contemporanea alle 18: l&#8217;inaugurazione di \u00abTerra di Donna\u00bb al MACA, collettiva di 22 artisti sul legame tra identit\u00e0 femminile, paesaggio e memoria (aperta fino al 10 luglio, ingresso libero); la presentazione del romanzo \u00abNei miei silenzi\u00bb di Jasemina Zeqiraj al Castello dei Conti di Modica, con Antonio Pandolfo e Antonio Tagliavia; e sempre al Castello, sabato 27 e domenica 28 alle 20.30, due spettacoli di danza della scuola Danzark\u00e8 al Teatro Cielo \u2014 \u00abLe quattro stagioni\u00bb sabato e \u00abCopp\u00e9lia\u00bb domenica.<\/p>\n<p>Alle <strong>isole Egadi<\/strong>, domenica 28 giugno alle 21.30, l&#8217;Ex Stabilimento Florio a Favignana apre il <strong>FestivalFlorio 2026<\/strong>. Ad inaugurare la rassegna \u2014 in programma fino al 5 luglio tra Favignana, Marettimo e Levanzo \u2014 \u00e8 Leo Gullotta, che ricever\u00e0 il Premio Favignana per il Teatro. Nei giorni successivi saliranno sul palco, tra gli altri, Carlotta Proietti, Sergio Baietta, Raphaela Gromes, Marco Morricone e Giovanni Allevi. Ingresso libero.<\/p>\n<p>A <strong>Buseto Palizzolo<\/strong>, infine, il Centro Ippico Pietra dei Fiori ospita sabato e domenica la prima edizione della <strong>Segesta Horse Cup<\/strong>: finali del Campionato Regionale Fitetrec-Ante nelle discipline del turismo equestre, trekking a cavallo verso l&#8217;area archeologica di Segesta e, domenica, premiazioni e Trofeo finale. Ingresso libero.<\/p>\n","protected":false},"excerpt":{"rendered":"Dal Cretto di Burri alle Egadi, passando per Alcamo, Marsala e Buseto Palizzolo: il weekend del 27 e&hellip;\n","protected":false},"author":3,"featured_media":559459,"comment_status":"","ping_status":"","sticky":false,"template":"","format":"standard","meta":{"footnotes":"","_share_on_mastodon":"0"},"categories":[174],"tags":[11355,197463,32926,49893,35055,203,38151,1148,204,1537,90,89,11354,11356,7,15,438,11357,10671,106],"class_list":["post-559458","post","type-post","status-publish","format-standard","has-post-thumbnail","category-intrattenimento","tag-alcamo","tag-burri","tag-cosa","tag-cretto","tag-egadi","tag-entertainment","tag-fare","tag-giugno","tag-intrattenimento","tag-it","tag-italia","tag-italy","tag-marsala","tag-mazara","tag-news","tag-notizie","tag-provincia","tag-salemi","tag-trapani","tag-weekend"],"share_on_mastodon":{"url":"https:\/\/pubeurope.com\/@it\/116825312087764954","error":""},"_links":{"self":[{"href":"https:\/\/www.europesays.com\/it\/wp-json\/wp\/v2\/posts\/559458","targetHints":{"allow":["GET"]}}],"collection":[{"href":"https:\/\/www.europesays.com\/it\/wp-json\/wp\/v2\/posts"}],"about":[{"href":"https:\/\/www.europesays.com\/it\/wp-json\/wp\/v2\/types\/post"}],"author":[{"embeddable":true,"href":"https:\/\/www.europesays.com\/it\/wp-json\/wp\/v2\/users\/3"}],"replies":[{"embeddable":true,"href":"https:\/\/www.europesays.com\/it\/wp-json\/wp\/v2\/comments?post=559458"}],"version-history":[{"count":0,"href":"https:\/\/www.europesays.com\/it\/wp-json\/wp\/v2\/posts\/559458\/revisions"}],"wp:featuredmedia":[{"embeddable":true,"href":"https:\/\/www.europesays.com\/it\/wp-json\/wp\/v2\/media\/559459"}],"wp:attachment":[{"href":"https:\/\/www.europesays.com\/it\/wp-json\/wp\/v2\/media?parent=559458"}],"wp:term":[{"taxonomy":"category","embeddable":true,"href":"https:\/\/www.europesays.com\/it\/wp-json\/wp\/v2\/categories?post=559458"},{"taxonomy":"post_tag","embeddable":true,"href":"https:\/\/www.europesays.com\/it\/wp-json\/wp\/v2\/tags?post=559458"}],"curies":[{"name":"wp","href":"https:\/\/api.w.org\/{rel}","templated":true}]}}