{"id":559789,"date":"2026-06-28T08:31:13","date_gmt":"2026-06-28T08:31:13","guid":{"rendered":"https:\/\/www.europesays.com\/it\/559789\/"},"modified":"2026-06-28T08:31:13","modified_gmt":"2026-06-28T08:31:13","slug":"zamorano-intervista-il-mondiale-linter-chivu","status":"publish","type":"post","link":"https:\/\/www.europesays.com\/it\/559789\/","title":{"rendered":"Zamorano intervista: &#8220;Il Mondiale, l&#8217;Inter, Chivu&#8221;"},"content":{"rendered":"<p>                                L&#8217;ex attaccante cileno: &#8220;Al Mondiale strafavorita la Francia, poi metto Spagna e Portogallo anche se Martinez fa troppo possesso palla. Zanetti a inizio stagione mi aveva detto&#8230;.&#8221;<\/p>\n<p class=\"paragraph\" spellcheck=\"true\">Il Mondiale di Ivan Zamorano \u00e8 strano e malinconico: fa su e gi\u00f9 per gli Stati Uniti per commentare le partite, ma si diverte a met\u00e0. \u201cSenza il mio Cile e l\u2019Italia mi manca qualcosa\u201d. Un pezzo di vita grosso cos\u00ec: 34 gol in nazionale, 40 nell\u2019Inter dal 1996 al 2001. Lo incontriamo a Houston mezz\u2019ora prima del 5-0 del Portogallo all&#8217;Uzbekistan di Cannavaro.\u00a0<\/p>\n<p class=\"paragraph\" spellcheck=\"true\"><b>Ivan, com\u2019\u00e8 senza gli azzurri?\u00a0<\/b><\/p>\n<p class=\"paragraph\" spellcheck=\"true\">\u201cNon \u00e8 lo stesso Mondiale. Guardo la formazione dell&#8217;Italia e penso: ma dove sono i campioni? Baggio, Vieri, Totti\u2026 non c\u2019\u00e8 pi\u00f9 nessuno che si pu\u00f2 definire tale. Non c\u2019\u00e8 stato un ricambio generazionale, e in Cile \u00e8 accaduto lo stesso. Non abbiamo ancora un allenatore eh, assurdo: e nemmeno l\u2019Italia ce l\u2019ha\u201d.\u00a0<\/p>\n<p class=\"paragraph\" spellcheck=\"true\"><b>Qual \u00e8 stato l\u2019errore?\u00a0<\/b><\/p>\n<p class=\"paragraph\" spellcheck=\"true\">\u201cIl non capire che i campioni stavano finendo. Non c\u2019\u00e8 stata pianificazione. Con Mancini almeno c\u2019era un\u2019identit\u00e0\u201d.\u00a0<\/p>\n<p class=\"paragraph\" spellcheck=\"true\">\u201cSarebbe una buona notizia per l\u2019Italia. Ma quando chiami prima Spalletti e poi Gattuso, due cos\u00ec diversi in tutto, significa che non hai una struttura e non hai idee di cosa stai facendo. E infatti al Mondiale \u00e8 andata la Bosnia&#8230;\u201d.\u00a0<\/p>\n<p class=\"paragraph\" spellcheck=\"true\"><b>E in Cile che succede, invece?\u00a0<\/b><\/p>\n<p class=\"paragraph\" spellcheck=\"true\">\u201cUn gran casino. Sono passati otto mesi dalla fine delle qualificazioni, ovviamente un disastro, e non abbiamo ancora un allenatore. C\u2019\u00e8 Nicolas Cordova come c.t. ad interim, ma il futuro \u00e8 preoccupante. Da noi si ragiona cos\u00ec: se vinci una partita ok, se perdi invece sono guai\u201d.\u00a0<\/p>\n<p class=\"paragraph\" spellcheck=\"true\"><b>Il futuro dell\u2019Italia chi pu\u00f2 essere?\u00a0<\/b><\/p>\n<p class=\"paragraph\" spellcheck=\"true\">\u201cPio Esposito, ma deve giocare. All\u2019Inter \u00e8 la terza punta. Uno cos\u00ec non puoi tenerlo in panchina. Pensi a come sono cambiati i tempi: oggi l\u2019attaccante titolare degli azzurri non gioca dall\u2019inizio nel suo club\u2026\u201d.\u00a0<\/p>\n<p class=\"paragraph\" spellcheck=\"true\"><b>Un giudizio sulla stagione di Chivu?\u00a0<\/b><\/p>\n<p class=\"paragraph\" spellcheck=\"true\">\u201cUn fenomeno: numero uno totale. Del resto, Zanetti me l\u2019aveva detto a inizio stagione. &#8216;Ivan, Cristian \u00e8 bravo e far\u00e0 bene&#8217;.\u00a0Marotta, Ausilio e tutti quelli che sono l\u00ec hanno fatto un lavoro eccezionale\u201d.\u00a0<\/p>\n<p class=\"paragraph\" spellcheck=\"true\"><b>Un augurio per il prossimo anno?\u00a0<\/b><\/p>\n<p class=\"paragraph\" spellcheck=\"true\">\u201cChe si possa vincere la Champions e vendicare la mazzata di Monaco. L\u2019Inter cresce ogni anno. Bisogna alzare ancora di pi\u00f9 l\u2019asticella e puntare alla grande coppa\u201d.\u00a0<\/p>\n<p class=\"paragraph\" spellcheck=\"true\"><b>Chi vince il Mondiale, invece?\u00a0<\/b><\/p>\n<p class=\"paragraph\" spellcheck=\"true\">\u201cLa Francia \u00e8 la pi\u00f9 forte, strafavorita. Poi metto la Spagna, che sta giocando bene, e il Portogallo. Anche se Martinez deve smetterla col possesso palla: ne fa troppo. Tutte le altre nazionali sono un filo dietro\u201d.\u00a0<\/p>\n<p class=\"paragraph\" spellcheck=\"true\"><b>Anche l\u2019Argentina di Messi?\u00a0<\/b><\/p>\n<p class=\"paragraph\" spellcheck=\"true\">\u201cFisicamente non \u00e8 al top. A fine partita Leo era distrutto. Campionissimo, numero uno, ma qualcosina potrebbe pagare\u201d.\u00a0<\/p>\n<p class=\"paragraph\" spellcheck=\"true\"><b>E il Brasile di Ancelotti?\u00a0<\/b><\/p>\n<p class=\"paragraph\" spellcheck=\"true\">\u201cMi piace, ma manca qualcosa. Carlo \u00e8 il numero uno insieme a Mourinho e a Guardiola, ma non lo vedo favorito. Anche l\u00ec, al netto di Vinicius e un Neymar a mezzo servizio, mancano i Rivaldo, i Ronaldo, i Ronaldinho. Quando le cose andavano male la risolvevano loro. Di sicuro \u00e8 una squadra migliore rispetto a quella vista durante la fase di qualificazione\u201d.\u00a0<\/p>\n<p class=\"paragraph\" spellcheck=\"true\"><b>Ma nel 2030 l\u2019Italia ci sar\u00e0?<\/b><\/p>\n<p><a class=\"is-partner-link\" href=\"https:\/\/aipredictor.gazzetta.it\/?intcmp=Nazionali\" rel=\"nofollow noopener\" target=\"_blank\">Promo Mondiale 1\u20ac al mese per 3 mesi &#8211; Scopri chi vince con Gazzetta AI Predictor!<\/a><\/p>\n<p class=\"paragraph\" spellcheck=\"true\">\u201cMe lo auguro. Non \u00e8 Mondiale senza di voi\u201d.<\/p>\n<p class=\"is-copyright\">\u00a9 RIPRODUZIONE RISERVATA<\/p>\n","protected":false},"excerpt":{"rendered":"L&#8217;ex attaccante cileno: &#8220;Al Mondiale strafavorita la Francia, poi metto Spagna e Portogallo anche se Martinez fa troppo&hellip;\n","protected":false},"author":3,"featured_media":559790,"comment_status":"","ping_status":"","sticky":false,"template":"","format":"standard","meta":{"footnotes":"","_share_on_mastodon":"0"},"categories":[1452],"tags":[500,1960,562,4700,721,2037,2839,308730,17033,1973,1740,4300,11332,1302,78925,350,1537,90,89,21539,1914,4964,35788,6146,308731,1353,1312,3171,1290,17294,308732,16737,89400,1739,6059,24806,308733,245,244,577,308734,300823,57031,308735,308736],"class_list":["post-559789","post","type-post","status-publish","format-standard","has-post-thumbnail","category-calcio","tag-accaduto","tag-allenatore","tag-attaccante","tag-azzurri","tag-calcio","tag-campioni","tag-chivu","tag-chivu-fenomeno","tag-cile","tag-fenomeno","tag-football","tag-francia","tag-gattuso","tag-inizio","tag-inizio-stagione","tag-inter","tag-it","tag-italia","tag-italy","tag-ivan","tag-li","tag-manca","tag-martinez","tag-metto","tag-metto-spagna","tag-mondiale","tag-numero","tag-palla","tag-partita","tag-portogallo","tag-portogallo-martinez","tag-possesso","tag-possesso-palla","tag-soccer","tag-spagna","tag-spalletti","tag-spalletti-gattuso","tag-sport","tag-sports","tag-stagione","tag-strafavorita","tag-zamorano","tag-zanetti","tag-zanetti-inizio","tag-zanetti-inizio-stagione"],"share_on_mastodon":{"url":"","error":"Validation failed: Text character limit of 500 exceeded"},"_links":{"self":[{"href":"https:\/\/www.europesays.com\/it\/wp-json\/wp\/v2\/posts\/559789","targetHints":{"allow":["GET"]}}],"collection":[{"href":"https:\/\/www.europesays.com\/it\/wp-json\/wp\/v2\/posts"}],"about":[{"href":"https:\/\/www.europesays.com\/it\/wp-json\/wp\/v2\/types\/post"}],"author":[{"embeddable":true,"href":"https:\/\/www.europesays.com\/it\/wp-json\/wp\/v2\/users\/3"}],"replies":[{"embeddable":true,"href":"https:\/\/www.europesays.com\/it\/wp-json\/wp\/v2\/comments?post=559789"}],"version-history":[{"count":0,"href":"https:\/\/www.europesays.com\/it\/wp-json\/wp\/v2\/posts\/559789\/revisions"}],"wp:featuredmedia":[{"embeddable":true,"href":"https:\/\/www.europesays.com\/it\/wp-json\/wp\/v2\/media\/559790"}],"wp:attachment":[{"href":"https:\/\/www.europesays.com\/it\/wp-json\/wp\/v2\/media?parent=559789"}],"wp:term":[{"taxonomy":"category","embeddable":true,"href":"https:\/\/www.europesays.com\/it\/wp-json\/wp\/v2\/categories?post=559789"},{"taxonomy":"post_tag","embeddable":true,"href":"https:\/\/www.europesays.com\/it\/wp-json\/wp\/v2\/tags?post=559789"}],"curies":[{"name":"wp","href":"https:\/\/api.w.org\/{rel}","templated":true}]}}