{"id":559815,"date":"2026-06-28T08:58:14","date_gmt":"2026-06-28T08:58:14","guid":{"rendered":"https:\/\/www.europesays.com\/it\/559815\/"},"modified":"2026-06-28T08:58:14","modified_gmt":"2026-06-28T08:58:14","slug":"juve-su-kolo-muani-e-soule-le-trattative","status":"publish","type":"post","link":"https:\/\/www.europesays.com\/it\/559815\/","title":{"rendered":"Juve su Kolo Muani e Soul\u00e9, le trattative"},"content":{"rendered":"<p>                                Carnevali incontrer\u00e0 la dirigenza francese per l&#8217;attaccante gi\u00e0 cercato a lungo l&#8217;anno scorso, l&#8217;obiettivo \u00e8 chiudere subito. E intanto da Roma&#8230;<\/p>\n<p>\n                                                                    Filippo Cornacchia e Alessio D&#8217;Urso\n                            <\/p>\n<p>                    28 giugno &#8211; 09:27  &#8211; MILANO<\/p>\n<p class=\"paragraph\" spellcheck=\"true\">Il sole di Rimini per scongelare i rapporti col Psg, la magia della Romagna per far decollare l\u2019affare Kolo Muani. La Juventus e i campioni d\u2019Europa si sono dati appuntamento al mare, in campo neutro, per girare pagina dopo le ruggini del passato e chiudere col lieto fine la fiction \u201cKolo e la Signora\u201d. Domani il Grand Hotel Rimini battezzer\u00e0 l\u2019inizio del mercato estivo. Le trattative si aprono ufficialmente e la Juventus spera di chiudere il tormentone del nove. In Riviera \u00e8 attesa una delegazione del Paris Saint Germain e in modo particolare il ds dei parigini Luis Campos, l\u2019artefice dei grandi colpi della squadra di Luis Enrique vincitrice delle ultime due edizioni della Champions. Nelle spiagge della cittadina romagnola, dove si pensa sempre in grande, si sogna anche la presenza di Nasser Al-Khelaifi, il presidente del Psg. Sicuramente ci sar\u00e0 Giovanni Carnevali, al debutto da ad e dg della Juventus. Occasione perfetta per rompere il ghiaccio e magari avvicinarsi alla fumata bianca per Kolo.\u00a0<\/p>\n<p>    la situazione\u2014 \u00a0<\/p>\n<p class=\"paragraph is-inline\" spellcheck=\"true\">La Juventus rivuole l\u2019attaccante francese, autore di 10 gol durante il prestito di sei mesi del 2025, e il giocatore si \u00e8 ripromesso ai bianconeri. Al puzzle manca la tessera pi\u00f9 importante: l\u2019intesa tra club, negli ultimi dodici mesi fallita gi\u00e0 in due occasioni sotto la gestione Damien Comolli. La rivoluzione societaria non ha fatto cambiare idea ai bianconeri sull\u2019attaccante, ma diverso \u00e8 l\u2019approccio di Carnevali. L\u2019ex plenipotenziario del Sassuolo vuole regalare Kolo Muani a Luciano Spalletti, per\u00f2 prima di tutto punta a ricucire col Psg. Atteggiamento apprezzato sotto la Torre Eiffel, tanto che l\u2019ottimismo \u00e8 segnalato in crescita. I cavalli di ritorno non passano mai di moda: la <a href=\"https:\/\/www.gazzetta.it\/calcio\/squadre\/juventus\/notizie\/\" rel=\"nofollow noopener\" target=\"_blank\">Juventus<\/a> si avvicina al traguardo per Kolo e nel frattempo registra i messaggi nostalgici di un altro ex bianconero, il romanista Matias Soul\u00e9.\u00a0<\/p>\n<p>        L\u2019accordo col nove\u2014 \u00a0<\/p>\n<p class=\"paragraph\" spellcheck=\"true\">La priorit\u00e0 \u00e8 Kolo Muani. Carnevali riparte dove si \u00e8 inceppato Comolli. Strategia diversa con l\u2019obiettivo di ottenere un risultato differente. Un anno fa, dopo due mesi di trattative sull\u2019asse Torino-Parigi, l\u2019ex ad della Juventus vir\u00f2 su Lois Openda, investendo 44 milioni nell\u2019ultimo giorno di mercato. Una gelata per Kolo Muani e anche per il club di Al-Khelaifi, costretto a prestare last minute il francese al Tottenham. Un cambio di programma mal digerito dai parigini ed emerso nuovamente nei contatti dello scorso gennaio. Dopo due tentativi andati a vuoto tra l\u2019estate e l\u2019inverno, questa sembra la volta buona. Kolo Muani si vede soltanto alla Juventus, tanto da accettare una spalmatura del ricco stipendio: 5 milioni pi\u00f9 bonus per 4 anni.\u00a0<\/p>\n<p><a class=\"is-partner-link\" href=\"https:\/\/aipredictor.gazzetta.it\/?intcmp=calciomercato\" rel=\"nofollow noopener\" target=\"_blank\">Promo Mondiale 1\u20ac al mese per 3 mesi &#8211; Scopri chi vince con Gazzetta AI Predictor!<\/a><\/p>\n<p>        E rispunta\u2014 \u00a0<\/p>\n<p class=\"paragraph\" spellcheck=\"true\">Soul\u00e9 Carnevali ha studiato il dossier Kolo Muani e punta a stringere i tempi. Il francese \u00e8 stato escluso dai convocati per il Mondiale e attualmente \u00e8 in vacanza. Tradotto: in caso di fumata bianca, potrebbe aggregarsi al gruppo di Spalletti fin dal raduno del 13 luglio. Tanto l\u2019allenatore quanto l\u2019attaccante incrociano le dita. Kolo alla Juve \u00e8 arrivato in prestito nel gennaio 2025 grazie all\u2019allora dt Giuntoli e da Torino non se ne sarebbe mai voluto andare. Questione di feeling, che la scorsa stagione non ha trovato al Tottenham (5 reti e 4 assist). La Juventus non l\u2019avrebbe mai voluta lasciare nemmeno Matias Soul\u00e9. L\u2019argentino nell\u2019estate 2024 \u00e8 stato ceduto alla Roma per quasi 30 milioni: la luna di miele giallorossa sembra finita, il giocatore in Arabia non vuole andare e negli ultimi giorni si sono riattivati i contatti con i bianconeri, a caccia di fantasia.<\/p>\n<p class=\"is-copyright\">\u00a9 RIPRODUZIONE RISERVATA<\/p>\n","protected":false},"excerpt":{"rendered":"Carnevali incontrer\u00e0 la dirigenza francese per l&#8217;attaccante gi\u00e0 cercato a lungo l&#8217;anno scorso, l&#8217;obiettivo \u00e8 chiudere subito. E&hellip;\n","protected":false},"author":3,"featured_media":559816,"comment_status":"","ping_status":"","sticky":false,"template":"","format":"standard","meta":{"footnotes":"","_share_on_mastodon":"0"},"categories":[1452],"tags":[32,562,842,585,721,6963,5682,554,10572,4435,1533,1740,3368,79077,224912,2614,564,1537,90,89,565,558,96886,572,573,21518,129605,308761,1412,576,809,39823,6840,14393,7634,10973,987,1739,13635,24806,245,244,1641,24868,3747,338,4969],"class_list":["post-559815","post","type-post","status-publish","format-standard","has-post-thumbnail","category-calcio","tag-andare","tag-attaccante","tag-bianca","tag-bianconeri","tag-calcio","tag-carnevali","tag-chiudere","tag-club","tag-comolli","tag-contatti","tag-estate","tag-football","tag-francese","tag-fumata","tag-fumata-bianca","tag-gennaio","tag-giocatore","tag-it","tag-italia","tag-italy","tag-juve","tag-juventus","tag-khelaifi","tag-kolo","tag-kolo-muani","tag-luis","tag-matias","tag-matias-soule","tag-mercato","tag-muani","tag-obiettivo","tag-parigini","tag-prestito","tag-psg","tag-punta","tag-rimini","tag-roma","tag-soccer","tag-soule","tag-spalletti","tag-sport","tag-sports","tag-torino","tag-tottenham","tag-trattative","tag-ultimi","tag-vuole"],"share_on_mastodon":{"url":"https:\/\/pubeurope.com\/@it\/116826912018217269","error":""},"_links":{"self":[{"href":"https:\/\/www.europesays.com\/it\/wp-json\/wp\/v2\/posts\/559815","targetHints":{"allow":["GET"]}}],"collection":[{"href":"https:\/\/www.europesays.com\/it\/wp-json\/wp\/v2\/posts"}],"about":[{"href":"https:\/\/www.europesays.com\/it\/wp-json\/wp\/v2\/types\/post"}],"author":[{"embeddable":true,"href":"https:\/\/www.europesays.com\/it\/wp-json\/wp\/v2\/users\/3"}],"replies":[{"embeddable":true,"href":"https:\/\/www.europesays.com\/it\/wp-json\/wp\/v2\/comments?post=559815"}],"version-history":[{"count":0,"href":"https:\/\/www.europesays.com\/it\/wp-json\/wp\/v2\/posts\/559815\/revisions"}],"wp:featuredmedia":[{"embeddable":true,"href":"https:\/\/www.europesays.com\/it\/wp-json\/wp\/v2\/media\/559816"}],"wp:attachment":[{"href":"https:\/\/www.europesays.com\/it\/wp-json\/wp\/v2\/media?parent=559815"}],"wp:term":[{"taxonomy":"category","embeddable":true,"href":"https:\/\/www.europesays.com\/it\/wp-json\/wp\/v2\/categories?post=559815"},{"taxonomy":"post_tag","embeddable":true,"href":"https:\/\/www.europesays.com\/it\/wp-json\/wp\/v2\/tags?post=559815"}],"curies":[{"name":"wp","href":"https:\/\/api.w.org\/{rel}","templated":true}]}}