{"id":560033,"date":"2026-06-28T12:30:15","date_gmt":"2026-06-28T12:30:15","guid":{"rendered":"https:\/\/www.europesays.com\/it\/560033\/"},"modified":"2026-06-28T12:30:15","modified_gmt":"2026-06-28T12:30:15","slug":"calciomercato-di-guru-e-fake-news-paz-tutto-e-il-contrario-di-tutto","status":"publish","type":"post","link":"https:\/\/www.europesays.com\/it\/560033\/","title":{"rendered":"Calciomercato di guru e fake news. Paz, tutto e il contrario di tutto"},"content":{"rendered":"\n<p>Non era bastata la telenovela dello scorso anno su Fabregas. E nemmeno la qualificazione in Champions League. Serviva anche l\u2019affaire Nico Paz ai guru del giornalismo per capire cosa rappresenta oggi il Como nel calcio italiano. Per l\u2019ennesima volta, una lunga coda di fantomatici esperti di mercato e giornaloni ha giocato  sulle strategie della societ\u00e0 lariana. Un racconto tragicomico di come sono andate le cose &#8211; fra supposizioni, periodi ipotetici, congetture, pure invenzioni \u2013 che a un certo punto hanno fatto immaginare cose che non erano vere.<\/p>\n<p>  Contraddizioni <\/p>\n<p>Prima Nico resta, poi va, poi vuole rimanere a Como, poi l\u2019incontro con il Real e la recompra, poi vuole andare all\u2019Inter, poi resta al Como. Tutto e il contrario di tutto nel giro di pochi giorni, o meglio, di poche ore. E mentre si pubblicavano notizie false su notizie false su notizie false su X per anticipare la concorrenza e prendere due like in pi\u00f9, ce li immaginiamo Ludi, Fabregas e Suwarso a sghignazzare nelle segrete stanze, osservando con piet\u00e0 lo  spettacolo.  Curioso: sembrava di essere tornati a un anno fa, quando Fabregas \u201cdoveva\u201d andare all\u2019Inter.Cos\u00ec come Paz, quest\u2019anno, \u201cdoveva\u201d andare all\u2019Inter. <\/p>\n<p>Che bello il calciomercato, un grande insieme di \u201csembra che\u201d, \u201cdovrebbe essere\u201d, \u201cda quel che emerge\u201d, non troppo dissimile dal luna park a cui siamo abituati ad assistere poco prima delle elezioni, durante la diatriba del toto sindaco. Poi basta  la classica \u201cclamorosa svolta inaspettata\u201d per fare retromarcia e saltare sul carro vincente. <\/p>\n<p>Lasciatecelo dire: la grande rivalsa del Como di questi giorni \u00e8 anche quella del piccolo e vessato giornale locale. Quello dei provincialotti, dei secondari, di quelli che non possono essere invitati all\u2019evento, non possono entrare nell\u2019hospitality, non possono intervistare questo e quello. Non possono perch\u00e9 sono il giornaletto, mica il grande brand. Lo stesso giornaletto che, nei giorni scorsi \u00e8 stato l\u2019unico a descrivere la vicenda Paz con precisione, trasmettendo fiducia sulla fattibilit\u00e0 dell\u2019operazione e rispettando i tifosi, senza lasciarsi condizionare dalla corrente comune. <\/p>\n<p>  Davide e Golia <\/p>\n<p>No, quella di questi giorni non \u00e8 stata una \u201ccosa da Paz\u201d e tantomeno una \u201cBeffa Inter\u201d come provano a farvi credere. L\u2019unica vera cosa \u201cPaz\u201d di tutto questo casino \u00e8 stata quella di pensare che il Como fosse un comprimario in una trattativa infattibile, e che le big avrebbero avuto la meglio.  <\/p>\n<p>I miti sono belli perch\u00e9 tra Davide e Golia ogni tanto vince Davide. E sono mitici proprio perch\u00e9 spesso non si capisce chi \u00e8 il vero Davide e chi il vero Golia.<\/p>\n","protected":false},"excerpt":{"rendered":"Non era bastata la telenovela dello scorso anno su Fabregas. E nemmeno la qualificazione in Champions League. Serviva&hellip;\n","protected":false},"author":3,"featured_media":560034,"comment_status":"","ping_status":"","sticky":false,"template":"","format":"standard","meta":{"footnotes":"","_share_on_mastodon":"0"},"categories":[176],"tags":[185,1615,1644,184,61257,40544,308857,204,1537,90,89,85900,793,51531,268810,11377,40543,245,244],"class_list":["post-560033","post","type-post","status-publish","format-standard","has-post-thumbnail","category-sport","tag-affari-e-finanza","tag-arte","tag-cultura","tag-economia","tag-emilio-fede","tag-fedi","tag-induismo","tag-intrattenimento","tag-it","tag-italia","tag-italy","tag-mass-media","tag-media","tag-nico-paz","tag-quotidiani-e-periodici","tag-real","tag-religioni","tag-sport","tag-sports"],"share_on_mastodon":{"url":"https:\/\/pubeurope.com\/@it\/116827745626713419","error":""},"_links":{"self":[{"href":"https:\/\/www.europesays.com\/it\/wp-json\/wp\/v2\/posts\/560033","targetHints":{"allow":["GET"]}}],"collection":[{"href":"https:\/\/www.europesays.com\/it\/wp-json\/wp\/v2\/posts"}],"about":[{"href":"https:\/\/www.europesays.com\/it\/wp-json\/wp\/v2\/types\/post"}],"author":[{"embeddable":true,"href":"https:\/\/www.europesays.com\/it\/wp-json\/wp\/v2\/users\/3"}],"replies":[{"embeddable":true,"href":"https:\/\/www.europesays.com\/it\/wp-json\/wp\/v2\/comments?post=560033"}],"version-history":[{"count":0,"href":"https:\/\/www.europesays.com\/it\/wp-json\/wp\/v2\/posts\/560033\/revisions"}],"wp:featuredmedia":[{"embeddable":true,"href":"https:\/\/www.europesays.com\/it\/wp-json\/wp\/v2\/media\/560034"}],"wp:attachment":[{"href":"https:\/\/www.europesays.com\/it\/wp-json\/wp\/v2\/media?parent=560033"}],"wp:term":[{"taxonomy":"category","embeddable":true,"href":"https:\/\/www.europesays.com\/it\/wp-json\/wp\/v2\/categories?post=560033"},{"taxonomy":"post_tag","embeddable":true,"href":"https:\/\/www.europesays.com\/it\/wp-json\/wp\/v2\/tags?post=560033"}],"curies":[{"name":"wp","href":"https:\/\/api.w.org\/{rel}","templated":true}]}}