{"id":560058,"date":"2026-06-28T12:55:30","date_gmt":"2026-06-28T12:55:30","guid":{"rendered":"https:\/\/www.europesays.com\/it\/560058\/"},"modified":"2026-06-28T12:55:30","modified_gmt":"2026-06-28T12:55:30","slug":"i-moda-a-torino-noi-romantici-anche-sotto-il-cielo-dellinalpi-arena-torino-cronaca","status":"publish","type":"post","link":"https:\/\/www.europesays.com\/it\/560058\/","title":{"rendered":"I Mod\u00e0 a Torino: &#8220;Noi romantici anche sotto il cielo dell&#8217;Inalpi Arena&#8221; &#8211; Torino Cronaca"},"content":{"rendered":"<p><strong>La notte dei romantici<\/strong> di <strong>Kekko e compagni<\/strong> si \u00e8 conclusa gioved\u00ec scorso nella splendida scenografia della <strong>Reggia di Caserta<\/strong> nel modo migliore possibile, con tanto di <strong>proposta di matrimonio<\/strong> da parte di un fan alla sua amata. E quale <strong>\u201cpiazza\u201d migliore<\/strong> se non il live dei <strong>Mod\u00e0<\/strong> per una dichiarazione? In fondo si tratta della band dai sentimenti struggenti, dalle emozioni vere, le stesse che <strong>Kekko<\/strong> non ha avuto paura di confidare ai fan attraverso i social qualche mese fa quando dovette annunciare che il live dell&#8217;<strong>Allianz Stadium<\/strong> non aveva veduto abbastanza e che quindi si sarebbe tenuto all&#8217;<strong>Inalpi Arena<\/strong>.<\/p>\n<p> Powered by <a target=\"_blank\" href=\"https:\/\/evolutiongroup.digital\/\" rel=\"nofollow noopener\"> <img decoding=\"async\" src=\"https:\/\/evolutiongroup.digital\/wp-content\/themes\/evolution_group\/assets\/static\/logo\/logo-evolutiongroup-black.svg\" alt=\"powered by evolution group\"\/> <\/a> <\/p>\n<p>E, adesso, ci siamo. <strong>\u00abCi vediamo a Torino\u00bb<\/strong> \u00e8 stato il grido di <strong>Kekko<\/strong> in chiusura di concerto a Caserta riferendosi alla tanto attesa tappa torinese in programma <strong>marted\u00ec 30 giugno<\/strong>. Una tappa <strong>indoor<\/strong> nel pieno dell&#8217;estate dove le stelle brilleranno ugualmente grazie alla grinta e alla passione che la band metter\u00e0 per abbracciare il proprio pubblico.<\/p>\n<p><strong>\u00ab\u00c8 vero, l&#8217;atmosfera di uno stadio \u00e8 qualcosa di speciale e non sar\u00e0 una Notte dei Romantici sotto le stelle\u2026 ma saremo in un posto pi\u00f9 raccolto, pi\u00f9 vicini, con la stessa voglia di vivere una serata speciale insieme. La scaletta rester\u00e0 la stessa e noi daremo tutto per far s\u00ec che questa notte resti indimenticabile\u00bb<\/strong> ha spiegato <strong>Kekko<\/strong> che con i suoi <strong>Mod\u00e0<\/strong> dal <strong>2002<\/strong> ha venduto oltre <strong>2 milioni di dischi<\/strong>, conquistando <strong>1 disco di diamante<\/strong>, <strong>30 di platino<\/strong>, <strong>10 d&#8217;oro<\/strong>. Per non parlare del secondo e terzo posto a <strong>Sanremo<\/strong> rispettivamente nel <strong>2011<\/strong> e <strong>2013<\/strong>.<\/p>\n<p>Alla base della sua scrittura, profondit\u00e0 e pathos come quella che si trova nell&#8217;ultimo singolo <strong>\u00abTi amo ma non posso dirlo\u00bb<\/strong> cantato in coppia con <strong>Bianca Atzei<\/strong> che sar\u00e0 la <strong>special guest<\/strong> del concerto in ogni tappa del tour. Il brano \u00e8 un dialogo serrato tra la voce graffiante di <strong>Bianca<\/strong> e quella dei <strong>Mod\u00e0<\/strong>, e recupera quelle atmosfere malinconiche e potenti che avevano decretato il successo dei loro primi lavori insieme, come <strong>\u00abLa paura che ho di perderti\u00bb<\/strong>.<\/p>\n<p>Per quanto riguarda la scaletta, si parla di <strong>venti brani<\/strong> e <strong>tre medley<\/strong>. Si va da <strong>\u00abStella cadente\u00bb<\/strong>, <strong>\u00abTi passer\u00e0\u00bb<\/strong>, <strong>\u00abIl foglietto con il tuono me\u00bb<\/strong>, <strong>\u00abQuelli come me\u00bb<\/strong>, passando per <strong>\u00abGioia\u00bb<\/strong>, <strong>\u00abAnche stasera\u00bb<\/strong>, <strong>\u00abVivo da re\u00bb<\/strong>, per chiudere con <strong>\u00abCome un pittore\u00bb<\/strong>, <strong>\u00abIn tutto l&#8217;universo\u00bb<\/strong>, <strong>\u00abViva i romantici\u00bb<\/strong>.<\/p>\n","protected":false},"excerpt":{"rendered":"La notte dei romantici di Kekko e compagni si \u00e8 conclusa gioved\u00ec scorso nella splendida scenografia della Reggia&hellip;\n","protected":false},"author":3,"featured_media":560059,"comment_status":"","ping_status":"","sticky":false,"template":"","format":"standard","meta":{"footnotes":"","_share_on_mastodon":"0"},"categories":[1443],"tags":[51873,38861,12840,203,65433,204,1537,90,89,272368,308876,3112,1538,1539,62481,9143,1641],"class_list":["post-560058","post","type-post","status-publish","format-standard","has-post-thumbnail","category-musica","tag-allianz-stadium","tag-bianca-atzei","tag-caserta","tag-entertainment","tag-inalpi-arena","tag-intrattenimento","tag-it","tag-italia","tag-italy","tag-kekko","tag-la-notte-dei-romantici","tag-moda","tag-music","tag-musica","tag-reggia-di-caserta","tag-sanremo","tag-torino"],"share_on_mastodon":{"url":"https:\/\/pubeurope.com\/@it\/116827844607632258","error":""},"_links":{"self":[{"href":"https:\/\/www.europesays.com\/it\/wp-json\/wp\/v2\/posts\/560058","targetHints":{"allow":["GET"]}}],"collection":[{"href":"https:\/\/www.europesays.com\/it\/wp-json\/wp\/v2\/posts"}],"about":[{"href":"https:\/\/www.europesays.com\/it\/wp-json\/wp\/v2\/types\/post"}],"author":[{"embeddable":true,"href":"https:\/\/www.europesays.com\/it\/wp-json\/wp\/v2\/users\/3"}],"replies":[{"embeddable":true,"href":"https:\/\/www.europesays.com\/it\/wp-json\/wp\/v2\/comments?post=560058"}],"version-history":[{"count":0,"href":"https:\/\/www.europesays.com\/it\/wp-json\/wp\/v2\/posts\/560058\/revisions"}],"wp:featuredmedia":[{"embeddable":true,"href":"https:\/\/www.europesays.com\/it\/wp-json\/wp\/v2\/media\/560059"}],"wp:attachment":[{"href":"https:\/\/www.europesays.com\/it\/wp-json\/wp\/v2\/media?parent=560058"}],"wp:term":[{"taxonomy":"category","embeddable":true,"href":"https:\/\/www.europesays.com\/it\/wp-json\/wp\/v2\/categories?post=560058"},{"taxonomy":"post_tag","embeddable":true,"href":"https:\/\/www.europesays.com\/it\/wp-json\/wp\/v2\/tags?post=560058"}],"curies":[{"name":"wp","href":"https:\/\/api.w.org\/{rel}","templated":true}]}}