{"id":560123,"date":"2026-06-28T13:53:15","date_gmt":"2026-06-28T13:53:15","guid":{"rendered":"https:\/\/www.europesays.com\/it\/560123\/"},"modified":"2026-06-28T13:53:15","modified_gmt":"2026-06-28T13:53:15","slug":"geolier-al-maradona-scaletta-e-ospiti-27-e-28-giugno-orari-parcheggi-cumana-e-divieti-a-napoli","status":"publish","type":"post","link":"https:\/\/www.europesays.com\/it\/560123\/","title":{"rendered":"Geolier al Maradona, scaletta e ospiti 27 e 28 giugno. Orari, parcheggi, Cumana e divieti a Napoli"},"content":{"rendered":"<p><a href=\"https:\/\/www.ilmessaggero.it\/t\/geolier\" rel=\"nofollow noopener\" target=\"_blank\">Geolier<\/a> torna allo <strong>Stadio Diego Armando Maradona<\/strong> per le ultime due notti del suo tour negli stadi. Dopo il primo concerto di <strong>venerd\u00ec 26 giugno<\/strong>, il rapper napoletano sar\u00e0 di nuovo sul palco oggi, <strong>sabato 27 giugno<\/strong>, e domani, <strong>domenica 28 giugno<\/strong>, per completare la tripletta sold out nella sua citt\u00e0.<\/p>\n<p>Il concerto inizier\u00e0 alle <strong>21<\/strong> in entrambe le serate. Per Geolier \u00e8 il momento pi\u00f9 simbolico del tour: dopo Termoli, San Siro, lo Stadio Olimpico di Roma e Messina, il percorso si chiude a Napoli, davanti al pubblico di casa. Non \u00e8 solo un finale di tourn\u00e9e, ma una festa collettiva costruita attorno al rapporto tra l\u2019artista, la citt\u00e0 e una generazione che si riconosce nella sua musica. Dopo la prima serata al Maradona, la scaletta \u00e8 ormai pi\u00f9 chiara. L\u2019impianto del concerto dovrebbe restare simile anche per le date del 27 e del 28 giugno, pur con possibili variazioni, ospiti o momenti speciali legati al gran finale. La data di domenica 28 giugno avr\u00e0 inoltre un valore ancora pi\u00f9 ampio: sar\u00e0 l\u2019ultima notte del tour e verr\u00e0 trasmessa anche in diretta, trasformando il Maradona in un evento visibile oltre lo stadio.<\/p>\n<p><a class=\"link_item\" data-linked_from=\"null\" href=\"https:\/\/www.ilmessaggero.it\/persone\/geolier_chiara_frattesi_figlio_matrimonio_amore_famiglia-9617957.html\" rel=\"nofollow noopener\" target=\"_blank\"> Geolier si confessa: \u00abCon Chiara Frattesi faccio sul serio. Guardo al futuro e penso a un figlio ma devo sentirmi all&#8217;altezza\u00bb<\/a><\/p>\n","protected":false},"excerpt":{"rendered":"Geolier torna allo Stadio Diego Armando Maradona per le ultime due notti del suo tour negli stadi. Dopo&hellip;\n","protected":false},"author":3,"featured_media":560124,"comment_status":"","ping_status":"","sticky":false,"template":"","format":"standard","meta":{"footnotes":"","_share_on_mastodon":"0"},"categories":[174],"tags":[308927,300427,308928,9629,203,9630,296366,308929,308930,296367,204,1537,90,89,296368],"class_list":["post-560123","post","type-post","status-publish","format-standard","has-post-thumbnail","category-intrattenimento","tag-concerti-geolier","tag-concerti-napoli","tag-concerti-oggi","tag-concerto-geolier","tag-entertainment","tag-geolier","tag-geolier-concerto","tag-geolier-napoli","tag-geolier-oggi","tag-geolier-scaletta","tag-intrattenimento","tag-it","tag-italia","tag-italy","tag-scaletta-geolier"],"share_on_mastodon":{"url":"https:\/\/pubeurope.com\/@it\/116828072083766023","error":""},"_links":{"self":[{"href":"https:\/\/www.europesays.com\/it\/wp-json\/wp\/v2\/posts\/560123","targetHints":{"allow":["GET"]}}],"collection":[{"href":"https:\/\/www.europesays.com\/it\/wp-json\/wp\/v2\/posts"}],"about":[{"href":"https:\/\/www.europesays.com\/it\/wp-json\/wp\/v2\/types\/post"}],"author":[{"embeddable":true,"href":"https:\/\/www.europesays.com\/it\/wp-json\/wp\/v2\/users\/3"}],"replies":[{"embeddable":true,"href":"https:\/\/www.europesays.com\/it\/wp-json\/wp\/v2\/comments?post=560123"}],"version-history":[{"count":0,"href":"https:\/\/www.europesays.com\/it\/wp-json\/wp\/v2\/posts\/560123\/revisions"}],"wp:featuredmedia":[{"embeddable":true,"href":"https:\/\/www.europesays.com\/it\/wp-json\/wp\/v2\/media\/560124"}],"wp:attachment":[{"href":"https:\/\/www.europesays.com\/it\/wp-json\/wp\/v2\/media?parent=560123"}],"wp:term":[{"taxonomy":"category","embeddable":true,"href":"https:\/\/www.europesays.com\/it\/wp-json\/wp\/v2\/categories?post=560123"},{"taxonomy":"post_tag","embeddable":true,"href":"https:\/\/www.europesays.com\/it\/wp-json\/wp\/v2\/tags?post=560123"}],"curies":[{"name":"wp","href":"https:\/\/api.w.org\/{rel}","templated":true}]}}