{"id":560189,"date":"2026-06-28T14:49:12","date_gmt":"2026-06-28T14:49:12","guid":{"rendered":"https:\/\/www.europesays.com\/it\/560189\/"},"modified":"2026-06-28T14:49:12","modified_gmt":"2026-06-28T14:49:12","slug":"jeff-bezos-e-lauren-sanchez-alice-campello-e-alvaro-morata-tutti-i-vip-che-hanno-celebrato-il-matrimonio-a-venezia","status":"publish","type":"post","link":"https:\/\/www.europesays.com\/it\/560189\/","title":{"rendered":"Jeff Bezos e Lauren Sanchez, Alice Campello e Alvaro Morata: tutti i vip che hanno celebrato il matrimonio a Venezia"},"content":{"rendered":"<p><strong><a href=\"https:\/\/www.ilgazzettino.it\/t\/venezia\" rel=\"nofollow noopener\" target=\"_blank\">VENEZIA<\/a> &#8211; <a href=\"https:\/\/www.ilgazzettino.it\/t\/jeff-bezos\" rel=\"nofollow noopener\" target=\"_blank\">Jeff Bezos<\/a><\/strong> e <strong><a href=\"https:\/\/www.ilgazzettino.it\/t\/lauren-sanchez\" rel=\"nofollow noopener\" target=\"_blank\">Lauren Sanchez<\/a><\/strong>, l&#8217;anno scorso, hanno pronunciato il fatidico s\u00ec a Venezia, la citt\u00e0 dall&#8217;amore per eccellenza. Il numero uno di Amazon e la moglie hanno celebrato un <strong><a href=\"https:\/\/www.ilgazzettino.it\/t\/matrimonio\" rel=\"nofollow noopener\" target=\"_blank\">matrimonio<\/a><\/strong> ricco di invitati vip, di feste e outfit sfarzosi ma, allo stesso tempo, hanno scatenato le polemiche pi\u00f9 aspre in citt\u00e0. Troppo traffico, chi non riusciva a rincasare a causa delle calli sbarrate perch\u00e9 \u00absolo chi autorizzato poteva entrarvi\u00bb oppure gli striscioni appesi al campanile di San Marco. A parte le questioni pi\u00f9 critiche, le nozze Bezos-Sanchez sono state le pi\u00f9 chiacchierate del 2025 ma i due non sono certo stati gli unici innamorati a scegliere la laguna per il loro giorno speciale. <\/p>\n<p>Altri personaggi noti italiani o attori hollywoodiani hanno scelto Venezia per celebrare le loro unioni. <\/p>\n","protected":false},"excerpt":{"rendered":"VENEZIA &#8211; Jeff Bezos e Lauren Sanchez, l&#8217;anno scorso, hanno pronunciato il fatidico s\u00ec a Venezia, la citt\u00e0&hellip;\n","protected":false},"author":3,"featured_media":560190,"comment_status":"","ping_status":"","sticky":false,"template":"","format":"standard","meta":{"footnotes":"","_share_on_mastodon":"0"},"categories":[172],"tags":[178,177,1537,90,89,14031,12862,8866,222],"class_list":["post-560189","post","type-post","status-publish","format-standard","has-post-thumbnail","category-affari","tag-affari","tag-business","tag-it","tag-italia","tag-italy","tag-jeff-bezos","tag-lauren-sanchez","tag-matrimonio","tag-venezia"],"share_on_mastodon":{"url":"https:\/\/pubeurope.com\/@it\/116828292202853233","error":""},"_links":{"self":[{"href":"https:\/\/www.europesays.com\/it\/wp-json\/wp\/v2\/posts\/560189","targetHints":{"allow":["GET"]}}],"collection":[{"href":"https:\/\/www.europesays.com\/it\/wp-json\/wp\/v2\/posts"}],"about":[{"href":"https:\/\/www.europesays.com\/it\/wp-json\/wp\/v2\/types\/post"}],"author":[{"embeddable":true,"href":"https:\/\/www.europesays.com\/it\/wp-json\/wp\/v2\/users\/3"}],"replies":[{"embeddable":true,"href":"https:\/\/www.europesays.com\/it\/wp-json\/wp\/v2\/comments?post=560189"}],"version-history":[{"count":0,"href":"https:\/\/www.europesays.com\/it\/wp-json\/wp\/v2\/posts\/560189\/revisions"}],"wp:featuredmedia":[{"embeddable":true,"href":"https:\/\/www.europesays.com\/it\/wp-json\/wp\/v2\/media\/560190"}],"wp:attachment":[{"href":"https:\/\/www.europesays.com\/it\/wp-json\/wp\/v2\/media?parent=560189"}],"wp:term":[{"taxonomy":"category","embeddable":true,"href":"https:\/\/www.europesays.com\/it\/wp-json\/wp\/v2\/categories?post=560189"},{"taxonomy":"post_tag","embeddable":true,"href":"https:\/\/www.europesays.com\/it\/wp-json\/wp\/v2\/tags?post=560189"}],"curies":[{"name":"wp","href":"https:\/\/api.w.org\/{rel}","templated":true}]}}