{"id":560339,"date":"2026-06-28T17:06:19","date_gmt":"2026-06-28T17:06:19","guid":{"rendered":"https:\/\/www.europesays.com\/it\/560339\/"},"modified":"2026-06-28T17:06:19","modified_gmt":"2026-06-28T17:06:19","slug":"fulmine-si-abbatte-sulla-tour-eiffel-laltra-faccia-del-caldo-estremo-temporali-grandine-e-downburst-su-tutta-europa-loms-londata-ha-fatto-1300-morti","status":"publish","type":"post","link":"https:\/\/www.europesays.com\/it\/560339\/","title":{"rendered":"Fulmine si abbatte sulla Tour Eiffel. L\u2019altra faccia del caldo estremo: temporali, grandine e downburst su tutta Europa. L\u2019Oms: \u201cL\u2019ondata ha fatto 1300 morti\u201d"},"content":{"rendered":"<p>Parigi, 28 giugno 2026 \u2013 L\u2019impressionante\u00a0<a rel=\"follow nofollow noopener\" href=\"https:\/\/www.quotidiano.net\/meteo\/caldo-oggi-il-picco-in-italia-dove-si-arrivera-a-41-il-corpo-non-recupera-piu-lo-stress-termico-di-questa-ondata-ckj0yyxy\" target=\"_blank\">ondata di calore in Europa<\/a> sta raggiungendo il suo <strong>picco in queste ore<\/strong>. <a rel=\"follow nofollow noopener\" href=\"https:\/\/www.quotidiano.net\/meteo\/grandine-nubifragi-in-arrivo-rischio-downburst-ew2g4l8w\" target=\"_blank\">Il caldo per\u00f2 ha le ore contate<\/a> secondo i meteorologi. L\u2019anticiclone africano si sta infatti progressivamente indebolendo a partire dall\u2019Europa nord occidentale da dove le prime infiltrazioni di aria fredda in quota stanno portando i primi forti <strong>temporali<\/strong> che nelle prossime ore si andranno espandendo e intensificando.<\/p>\n<p> <img alt=\"Fulmine si abbatte sulla Tour Eiffel. L\u2019altra faccia del caldo estremo: temporali, grandine e downburst su tutta Europa. L\u2019Oms: \u201cL\u2019ondata ha fatto 1300 morti\u201d\" loading=\"lazy\" width=\"762\" height=\"429\" decoding=\"async\" data-nimg=\"1\" style=\"color:transparent\"  src=\"https:\/\/www.europesays.com\/it\/wp-content\/uploads\/2026\/06\/xaj2euu.jpeg\"\/><br \/>\nIl fulmine sulla Tour Eiffel <\/p>\n<p>A Parigi e nel nord della Francia c\u2019\u00e8 stato un primo assaggio di questo cambiamento con violenti temporali che si sono abbattuti a partire da questa mattina. In particolare la capitale \u00e8 stata raggiunta da una <strong>tempesta con pioggia, fulmini e forti raffiche di vento<\/strong> e una saetta\u00a0ha colpito la <strong>Tour Eiffel<\/strong>, simbolo di Parigi.<\/p>\n<p> <img alt=\"FRANCE-WEATHER\" loading=\"lazy\" width=\"3072\" height=\"2048\" decoding=\"async\" data-nimg=\"1\" style=\"color:transparent;max-width:100%;height:auto\"   src=\"https:\/\/www.europesays.com\/it\/wp-content\/uploads\/2026\/06\/france-weather.webp\"\/><\/p>\n<p>Forti temporali si sono abbattuti sul Nord della Francia e sulla capitale<\/p>\n<p>Forti temporali in tutta Europa <\/p>\n<p>Temporali, fulmini, <a rel=\"follow nofollow noopener\" href=\"https:\/\/www.quotidiano.net\/cronaca\/downburst-cos-e-rf6nyycq\" target=\"_blank\"><strong>downburst<\/strong><\/a>, grandine sono comunque \u201cl\u2019altra faccia del caldo\u201d e rischiano di fare altrettanti danni rispetto al caldo che secondo l\u2019Oms, in pochi giorni, \u00e8 stato la causa di 1.300 morti nel Vecchio Continente.<\/p>\n<p>Approfondisci:<\/p>\n<p><a href=\"https:\/\/www.quotidiano.net\/meteo\/dal-caldo-insopportabile-ai-temporali-violenti-x0aqfh9a\" class=\"ArticleEmbed_article__embed__content__Jzqnz\" rel=\"nofollow noopener\" target=\"_blank\">Paolo Corazzon: \u201cDal caldo insopportabile ai temporali violenti, l\u2019umidit\u00e0 accumulata pu\u00f2 scatenare fenomeni rischiosi\u201d<img alt=\"Paolo Corazzon: \u201cDal caldo insopportabile ai temporali violenti, l\u2019umidit\u00e0 accumulata pu\u00f2 scatenare fenomeni rischiosi\u201d\" loading=\"lazy\" width=\"140\" height=\"78\" decoding=\"async\" data-nimg=\"1\" style=\"color:transparent\"  src=\"https:\/\/www.europesays.com\/it\/wp-content\/uploads\/2026\/06\/emergenza-caldo.webp\"\/><\/a> <\/p>\n<p>Oms: 1.300 morti per il caldo in Europa <\/p>\n<p>&#8220;Dal 21 giugno sono stati registrati pi\u00f9 di <strong>1300 morti<\/strong> in eccesso legate alle alte temperature in Europa\u201d. Lo afferma su X il capo dell<strong>&#8216;Oms<\/strong> Tedros Adhanom Ghebreyesus, spiegando che \u201c\u00e8 il continente che si sta riscaldando pi\u00f9 rapidamente sulla Terra, con un riscaldamento doppio rispetto alla media globale\u201d. \u201cIn questo momento 150 milioni di persone vivono sotto ondate di caldo estremo\u201d, spesso \u201cchiamato &#8216;<strong>il killer silenzioso\u2019<\/strong>: le case, i luoghi di lavoro e le scuole europei non sono stati costruiti per queste temperature\u201d.<\/p>\n<p>Approfondisci:<\/p>\n<p><a href=\"https:\/\/www.quotidiano.net\/economia\/quanto-costa-aria-condizionata-le-simulazioni-a23f8a23\" class=\"ArticleEmbed_article__embed__content__Jzqnz\" rel=\"nofollow noopener\" target=\"_blank\">Quanto costa un\u2019ora di aria condizionata: le simulazioni. Che temperatura impostare per risparmiare fino al 40%<img alt=\"Quanto costa un\u2019ora di aria condizionata: le simulazioni. Che temperatura impostare per risparmiare fino al 40%\" loading=\"lazy\" width=\"140\" height=\"78\" decoding=\"async\" data-nimg=\"1\" style=\"color:transparent\"  src=\"https:\/\/www.europesays.com\/it\/wp-content\/uploads\/2026\/06\/grafico-quanto-ci-costa-l-aria-condizionata-le-simulazioni.webp\"\/><\/a> <\/p>\n<p>Il riscaldamento globale e il killer silenzioso <\/p>\n<p>&#8220;Spinto dal cambiamento climatico e dal riscaldamento globale, il fenomeno delle ondate di calore\u201d\u00a0che un tempo si manifestava &#8220;una volta ogni generazione\u00a0si verifica ora quasi annualmente. Ci avevano avvertito\u201d, ha aggiunto il direttore dell&#8217;<strong>Organizzazione mondiale della sanit\u00e0<\/strong>. \u201cL&#8217;Oms sta lavorando con i suoi Stati membri e i partner per affrontare le minacce alla salute poste dal caldo estremo, concentrandosi sulla preparazione, la prevenzione e risposte pi\u00f9 forti dei sistemi sanitari. In particolare \u2013\u00a0ha precisato \u2013, stiamo incoraggiando i<strong> Paesi europei<\/strong> a implementare piani d&#8217;azione per la salute legati al caldo, come parte di un&#8217;agenda pi\u00f9 ampia per proteggere la salute contro il cambiamento climatico\u201d.<\/p>\n<p>In particolare bisogna stare attenti ai <a rel=\"follow nofollow noopener\" href=\"https:\/\/www.quotidiano.net\/salute\/medicina\/come-riconoscere-colpo-di-calore-sintomi-cause-wa8564o3\" target=\"_blank\">colpi di calore<\/a>.<\/p>\n<p> <img alt=\"CALDO RECORD, L'ITALIA SOFFOCA NELLA MORSA DELL'AFA\" loading=\"lazy\" width=\"3072\" height=\"2048\" decoding=\"async\" data-nimg=\"1\" style=\"color:transparent;max-width:100%;height:auto\"   src=\"https:\/\/www.europesays.com\/it\/wp-content\/uploads\/2026\/06\/caldo-record-l-italia-soffoca-nella-morsa-dell-afa.webp\"\/><\/p>\n<p>Si cerca refrigerio come si pu\u00f2<\/p>\n<p>Temporali e grandine in Italia <\/p>\n<p>Gi\u00e0 in queste ore i primi temporali si stanno abbattendo sui rilievi del Nord e in serata potranno raggiungere anche le zone prealpine e la Pianura Padana. Ma \u00e8 da inizio settimana (in particolare fra marted\u00ec e mercoled\u00ec) che si avvertir\u00e0 un calo deciso delle temperature (fino a 10 gradi) regalando un po\u2019 di sollievo, ma anche qualche preoccupazione. L\u2019aria pi\u00f9 fredda in arrivo dall\u2019Atlantico si scontrer\u00e0 con quella caldissima sull\u2019Europa generando delle <strong>supercelle temporalesche<\/strong>. Questo dar\u00e0 inevitabilmente origine a forti<strong> temporali<\/strong> con possibile <strong>grandine<\/strong>, <strong>trombe d\u2019aria<\/strong> e il fenomeno del <strong>downburst<\/strong>.<\/p>\n","protected":false},"excerpt":{"rendered":"Parigi, 28 giugno 2026 \u2013 L\u2019impressionante\u00a0ondata di calore in Europa sta raggiungendo il suo picco in queste ore.&hellip;\n","protected":false},"author":3,"featured_media":560340,"comment_status":"","ping_status":"","sticky":false,"template":"","format":"standard","meta":{"footnotes":"","_share_on_mastodon":"0"},"categories":[160],"tags":[7823,3497,2537,14,164,165,271032,9197,3085,22252,18486,6491,166,770,7,15,15081,103,3555,11,167,12,168,161,162,163],"class_list":["post-560339","post","type-post","status-publish","format-standard","has-post-thumbnail","category-mondo","tag-eiffel","tag-abbatte","tag-altra","tag-cronaca","tag-dal-mondo","tag-dalmondo","tag-downburst","tag-estremo","tag-europa","tag-faccia","tag-fulmine","tag-grandine","tag-mondo","tag-morti","tag-news","tag-notizie","tag-ondata","tag-temporali","tag-tour","tag-ultime-notizie","tag-ultime-notizie-di-mondo","tag-ultimenotizie","tag-ultimenotiziedimondo","tag-world","tag-world-news","tag-worldnews"],"share_on_mastodon":{"url":"https:\/\/pubeurope.com\/@it\/116828831921577780","error":""},"_links":{"self":[{"href":"https:\/\/www.europesays.com\/it\/wp-json\/wp\/v2\/posts\/560339","targetHints":{"allow":["GET"]}}],"collection":[{"href":"https:\/\/www.europesays.com\/it\/wp-json\/wp\/v2\/posts"}],"about":[{"href":"https:\/\/www.europesays.com\/it\/wp-json\/wp\/v2\/types\/post"}],"author":[{"embeddable":true,"href":"https:\/\/www.europesays.com\/it\/wp-json\/wp\/v2\/users\/3"}],"replies":[{"embeddable":true,"href":"https:\/\/www.europesays.com\/it\/wp-json\/wp\/v2\/comments?post=560339"}],"version-history":[{"count":0,"href":"https:\/\/www.europesays.com\/it\/wp-json\/wp\/v2\/posts\/560339\/revisions"}],"wp:featuredmedia":[{"embeddable":true,"href":"https:\/\/www.europesays.com\/it\/wp-json\/wp\/v2\/media\/560340"}],"wp:attachment":[{"href":"https:\/\/www.europesays.com\/it\/wp-json\/wp\/v2\/media?parent=560339"}],"wp:term":[{"taxonomy":"category","embeddable":true,"href":"https:\/\/www.europesays.com\/it\/wp-json\/wp\/v2\/categories?post=560339"},{"taxonomy":"post_tag","embeddable":true,"href":"https:\/\/www.europesays.com\/it\/wp-json\/wp\/v2\/tags?post=560339"}],"curies":[{"name":"wp","href":"https:\/\/api.w.org\/{rel}","templated":true}]}}