{"id":560372,"date":"2026-06-28T17:34:12","date_gmt":"2026-06-28T17:34:12","guid":{"rendered":"https:\/\/www.europesays.com\/it\/560372\/"},"modified":"2026-06-28T17:34:12","modified_gmt":"2026-06-28T17:34:12","slug":"moglia-bimba-di-sei-mesi-salvato-dai-vicini-allarmati-dal-pianto-era-con-la-nonna-morta-da-ore-per-un-malore-e-il-caldo-avrebbe-influito","status":"publish","type":"post","link":"https:\/\/www.europesays.com\/it\/560372\/","title":{"rendered":"Moglia, bimba di sei mesi salvato dai vicini allarmati dal pianto: era con la nonna morta da ore per un malore (e il caldo avrebbe influito)"},"content":{"rendered":"<p>    di<br \/>\n    Giovanni Vigna<\/p>\n<p class=\"summary-art is-line-h-12\">I residenti del palazzo di viale Coppini a Moglia, nel Mantovano, hanno sentito il pianto e lanciato l&#8217;allarme: i vigili del fuoco sono entrati in casa dal tetto trovando Rosa Ortiz Adames, 59 anni, stroncata da un malore mentre faceva da baby sitter, e il piccolo accanto a lei. La bimba, in buone condizioni, \u00e8 stata riaffidato alla madre<\/p>\n<p class=\"chapter-paragraph\">\u00c8 stato il<b> pianto ininterrotto di un neonato<\/b>, durato oltre un&#8217;ora, a far scattare l&#8217;allarme in un condominio di viale Coppini, <b>a Moglia<\/b>. Quando i vigili del fuoco sono riusciti a entrare nell&#8217;appartamento, calando un operatore dal tetto, hanno trovato la<b>\u00a0piccola di sei mesi accanto alla nonna<\/b>, Rosa Ortiz Adames, dominicana di\u00a059 anni: la signora era morta da diverse ore. Una tragedia che si \u00e8 consumata nel silenzio di un&#8217;abitazione al quarto piano e che avrebbe potuto avere conseguenze ancora pi\u00f9 gravi senza la prontezza dei <b>vicini di casa.<\/b><\/p>\n<p class=\"chapter-paragraph\"><b>L&#8217;allarme \u00e8 stato lanciato il 28 giugno poco dopo le 11 dai residenti <\/b>dello stabile, preoccupati perch\u00e9 la neonata continuava a piangere senza sosta. Prima dell&#8217;arrivo dei soccorsi avevano provato a contattare telefonicamente la donna e a suonare il campanello, senza ottenere alcuna risposta. Una vicina, che aveva un paio di chiavi dell&#8217;appartamento, ha tentato di aprire la porta, ma il tentativo \u00e8 fallito perch\u00e9 dall&#8217;interno era rimasta inserita una chiave nella serratura.    &#13;<br \/>\n&#13;<br \/>\n&#13;<br \/>\n&#13;<br \/>\n&#13;<br \/>\n&#13;<br \/>\n&#13;<br \/>\n&#13;<br \/>\n&#13;<br \/>\n&#13;<br \/>\n&#13;<br \/>\n&#13;<br \/>\n&#13;<br \/>\n&#13;<br \/>\n&#13;<br \/>\n&#13;<br \/>\n&#13;<br \/>\n&#13;<br \/>\n&#13;<br \/>\n&#13;<br \/>\n&#13;<br \/>\n&#13;<br \/>\n&#13;<br \/>\n&#13;<br \/>\n&#13;<br \/>\n&#13;<br \/>\n&#13;<br \/>\n&#13;<br \/>\n&#13;<br \/>\n&#13;<br \/>\n&#13;<br \/>\n&#13;<br \/>\n&#13;<br \/>\n&#13;<br \/>\n&#13;<br \/>\n&#13;<br \/>\n&#13;<br \/>\n&#13;<br \/>\n&#13;<br \/>\n&#13;<br \/>\n&#13;<br \/>\n&#13;<br \/>\n&#13;<br \/>\n&#13;<br \/>\n&#13;<br \/>\n&#13;<br \/>\n&#13;<br \/>\n&#13;<br \/>\n&#13;<br \/>\n&#13;<br \/>\n&#13;<br \/>\n&#13;<br \/>\n&#13;\n<\/p>\n<p class=\"chapter-paragraph\"><b>Sul posto \u00e8 intervenuta quindi una squadra dei vigili del fuoco<\/b> del distaccamento di Suzzara. Valutato che attendere l&#8217;arrivo dell&#8217;autoscala da Mantova avrebbe comportato un ritardo eccessivo, il caposquadra ha deciso di intervenire immediatamente <b>facendo calare un vigile del fuoco in corda doppia dal tetto fino alla finestra dell&#8217;appartamento. <\/b>L&#8217;operatore \u00e8 riuscito a entrare passando da una finestra lasciata aperta, protetta soltanto da una zanzariera, e ha raggiunto la bambina, che nel frattempo aveva smesso di piangere, portandola rapidamente in salvo. Nell&#8217;appartamento la temperatura era abbastanza alta e le pale del ventilatore erano in funzione: <b>non \u00e8 escluso che il caldo abbia avuto un ruolo nel malore della donna.<\/b><\/p>\n<p class=\"chapter-paragraph\"><b>La neonata era stata affidato alla nonna dalla madre<\/b>, che vive con loro, prima di recarsi al lavoro a Modena. I sanitari del 118, intervenuti insieme al Soccorso azzurro di Bondeno, hanno accertato che il piccolo era in buone condizioni di salute. Per la 59enne non c&#8217;era ormai pi\u00f9 nulla da fare. Il personale sanitario ha constatato il decesso, riconducibile a cause naturali. Secondo una prima valutazione medica <b>la 59enne era morta da almeno sei ore.<\/b><\/p>\n<p class=\"chapter-paragraph\">Sul luogo della tragedia sono intervenuti anche i carabinieri della stazione di Gonzaga. Al termine delle verifiche, <b>il bambino \u00e8 stato riaffidato alla madre.<\/b> Una vicenda che ha profondamente colpito la comunit\u00e0 di Moglia e che si \u00e8 conclusa senza conseguenze per la piccola grazie alla tempestivit\u00e0 dei vicini e all\u2019intervento dei vigili del fuoco. \u00c8 giunto sul posto anche il sindaco Claudio Bavutti per far sentire la propria vicinanza e quella della cittadinanza alla famiglia.\u00a0<\/p>\n<p class=\"is-mr-t-20 is-mr-b-20\"><b><br \/>\n                    <a href=\"https:\/\/milano.corriere.it\/?intcmp=Notizielocali_nd_010623_corriere_ss_milano\" target=\"_blank\" rel=\"nofollow noopener\">Vai a tutte le notizie di Milano<\/a><br \/>\n            <\/b><\/p>\n<p class=\"chapter-paragraph\"><b><a href=\"https:\/\/www.corriere.it\/newsletter\/?theme=41&amp;intcmp=IIIcolonna_NL_CorMilano\" target=\"_blank\" rel=\"nofollow noopener\">Iscriviti alla newsletter di Corriere Milano<\/a><\/b><\/p>\n<p class=\"is-last-update\" datetime=\"2026-06-28T18:29:40+02:00\">28 giugno 2026 ( modifica il 28 giugno 2026 | 18:29)<\/p>\n<p class=\"is-copyright\">\n            \u00a9 RIPRODUZIONE RISERVATA\n        <\/p>\n","protected":false},"excerpt":{"rendered":"di Giovanni Vigna I residenti del palazzo di viale Coppini a Moglia, nel Mantovano, hanno sentito il pianto&hellip;\n","protected":false},"author":3,"featured_media":560373,"comment_status":"","ping_status":"","sticky":false,"template":"","format":"standard","meta":{"footnotes":"","_share_on_mastodon":"0"},"categories":[79],"tags":[5781,309040,2271,6656,1262,2750,17512,113566,1534,3858,2573,309041,309042,14,93,94,1731,1115,2097,12586,783,39843,1537,90,89,4045,10715,309039,3600,7,16493,15,7248,17853,11,84,91,12,85,92,18640,6162,6163],"class_list":["post-560372","post","type-post","status-publish","format-standard","has-post-thumbnail","category-italia","tag-accanto","tag-adames","tag-allarme","tag-appartamento","tag-arrivo","tag-bimba","tag-buone","tag-buone-condizioni","tag-caldo","tag-condizioni","tag-conseguenze","tag-coppini","tag-coppini-moglia","tag-cronaca","tag-cronaca-italiana","tag-cronacaitaliana","tag-donna","tag-entrare","tag-far","tag-finestra","tag-fuoco","tag-intervenuti","tag-it","tag-italia","tag-italy","tag-madre","tag-malore","tag-moglia","tag-morta","tag-news","tag-nonna","tag-notizie","tag-pianto","tag-tetto","tag-ultime-notizie","tag-ultime-notizie-e-news-di-oggi","tag-ultime-notizie-italia","tag-ultimenotizie","tag-ultimenotizieenewsdioggi","tag-ultimenotizieitalia","tag-vicini","tag-vigili","tag-vigili-fuoco"],"share_on_mastodon":{"url":"","error":"Validation failed: Text character limit of 500 exceeded"},"_links":{"self":[{"href":"https:\/\/www.europesays.com\/it\/wp-json\/wp\/v2\/posts\/560372","targetHints":{"allow":["GET"]}}],"collection":[{"href":"https:\/\/www.europesays.com\/it\/wp-json\/wp\/v2\/posts"}],"about":[{"href":"https:\/\/www.europesays.com\/it\/wp-json\/wp\/v2\/types\/post"}],"author":[{"embeddable":true,"href":"https:\/\/www.europesays.com\/it\/wp-json\/wp\/v2\/users\/3"}],"replies":[{"embeddable":true,"href":"https:\/\/www.europesays.com\/it\/wp-json\/wp\/v2\/comments?post=560372"}],"version-history":[{"count":0,"href":"https:\/\/www.europesays.com\/it\/wp-json\/wp\/v2\/posts\/560372\/revisions"}],"wp:featuredmedia":[{"embeddable":true,"href":"https:\/\/www.europesays.com\/it\/wp-json\/wp\/v2\/media\/560373"}],"wp:attachment":[{"href":"https:\/\/www.europesays.com\/it\/wp-json\/wp\/v2\/media?parent=560372"}],"wp:term":[{"taxonomy":"category","embeddable":true,"href":"https:\/\/www.europesays.com\/it\/wp-json\/wp\/v2\/categories?post=560372"},{"taxonomy":"post_tag","embeddable":true,"href":"https:\/\/www.europesays.com\/it\/wp-json\/wp\/v2\/tags?post=560372"}],"curies":[{"name":"wp","href":"https:\/\/api.w.org\/{rel}","templated":true}]}}