{"id":560508,"date":"2026-06-28T19:38:15","date_gmt":"2026-06-28T19:38:15","guid":{"rendered":"https:\/\/www.europesays.com\/it\/560508\/"},"modified":"2026-06-28T19:38:15","modified_gmt":"2026-06-28T19:38:15","slug":"incidente-sul-set-di-mercoledi-3-eva-green-ricoverata-in-ospedale","status":"publish","type":"post","link":"https:\/\/www.europesays.com\/it\/560508\/","title":{"rendered":"Incidente sul set di Mercoled\u00ec 3: Eva Green ricoverata in ospedale"},"content":{"rendered":"<p>Un <strong>incidente sul set,<\/strong> poi la corsa in ospedale. La protagonista \u00e8 Eva Green, attrice nel cast di Mercoled\u00ec 3 che \u00e8 stata trasportata d\u2019urgenza al pronto soccorso dopo essersi fatta male durante le riprese della nuova stagione della<strong> serie Netflix.<\/strong>\n<\/p>\n<p>Incidente sul set di Mercoled\u00ec 3 per Eva Green<\/p>\n<p>Secondo quanto riporta The Sun, l\u2019attrice 45enne avrebbe subito un infortunio ad una gamba nel corso delle riprese dello show. Le sue condizioni per\u00f2 non desterebbero preoccupazioni e al momento non sarebbero gravi.<\/p>\n<p>Nella serie la star <strong>veste i panni di zia Ophelia<\/strong>, un personaggio particolarmente misterioso. L\u2019incidente si \u00e8 verificato mentre la troupe di Mercoled\u00ec 3 si trovava in Irlanda, nelle vicinanze di Dublino, citt\u00e0 in cui si stanno svolgendo le riprese della terza stagione dell\u2019amatissima serie con protagonista <a href=\"https:\/\/dilei.it\/star-e-vip\/jenna-ortega\/\" rel=\"nofollow noopener\" target=\"_blank\">Jenna Ortega<\/a>.<\/p>\n<p>Secondo quanto svelato da un testimone l\u2019incidente subito da Eva Green sarebbe stato piuttosto serio, tanto che l\u2019attrice sarebbe stata trasportata immediatamente in ospedale. \u201c\u00c8 stata una cosa brutta \u2013 ha spiegato -. Eva ha riportato un infortunio e stava chiaramente soffrendo, i produttori non hanno voluto correre rischi. Sono stati chiamati i medici e Eva \u00e8 stata portata in ospedale. Ha ricevuto le cure del caso e ora si sta riprendendo bene\u201d.<\/p>\n<p>Per consentire alla diva francese di riprendersi e di sottoporsi alle cure, le riprese dello show per ora sono state interrotte e riprenderanno, con molta probabilit\u00e0, quando la situazione sar\u00e0 migliorata.<\/p>\n<p>Mercoled\u00ec 3, le anticipazioni sulla terza stagione della serie<\/p>\n<p>In Mercoled\u00ec 3, Eva Green veste i panni di zia Ophelia, sorella di Morticia Addams, interpretata da <strong>Catherine Zeta Jones<\/strong>. Un personaggio dal passato oscuro, misterioso e tormentato. Il personaggio era gi\u00e0 apparso sul finale della seconda stagione. Zia Ophelia infatti era comparsa di spalle mentre scriveva sul muro una frase inquietante: \u201cWednesday must die\u201d.<\/p>\n<p>La stessa Eva Green aveva commentato il suo ingresso nel cast dello show, affermando di essere entusiasta per questa nuova avventura. \u201cSono entusiasta di entrare a far parte del mondo terribilmente contorto di Wednesday nei panni di zia Ofelia \u2013 aveva detto -. Questo show \u00e8 un mondo cos\u00ec deliziosamente oscuro e spiritoso, non vedo l\u2019ora di portare il mio tocco di follia alla famiglia Addams\u201d.<\/p>\n<p><strong>Al Gough e Miles Millar<\/strong>, showrunner e sceneggiatori della serie avevano invece aggiunto: \u201cEva Green ha sempre portato sullo schermo una presenza esaltante e singolare: elegante, inquietante e meravigliosamente imprevedibile. Queste qualit\u00e0 la rendono la scelta perfetta per Zia Ofelia. Siamo entusiasti di vedere come trasformer\u00e0 il ruolo ed espander\u00e0 il mondo di Wednesday\u201d.<\/p>\n<p>Non \u00e8 dato sapere quando riprenderanno le riprese di Mercoled\u00ec 3, di certo la nuova stagione della serie avr\u00e0, secondo quanto spiegato dagli sceneggiatori, un\u2019impronta pi\u00f9 dark e gotica. La storia, insomma, diventer\u00e0 particolarmente oscura, superando i confini del teen drama e soprattutto della scuola Nevermore, assumendo una \u201cdimensione internazionale\u201d.<\/p>\n<p>\t\t\t\tScopri i personaggi in trend, le storie del momento e molto altro.<br \/>Dove? Sul <a href=\"https:\/\/whatsapp.com\/channel\/0029Vb68mVyHVvTWezDm7d0R\" target=\"_blank\" rel=\"noopener nofollow\">canale WhatsApp di DiLei!<\/a><\/p>\n<p>\t\t\t<a class=\"buttonCall\" href=\"https:\/\/whatsapp.com\/channel\/0029Vb68mVyHVvTWezDm7d0R\" target=\"_blank\" rel=\"noopener nofollow\" title=\"Seguici su WhatsApp\"><br \/>\n\t\t\t\tSeguici su WhatsApp<br \/>\n\t\t\t<\/a><\/p>\n","protected":false},"excerpt":{"rendered":"Un incidente sul set, poi la corsa in ospedale. La protagonista \u00e8 Eva Green, attrice nel cast di&hellip;\n","protected":false},"author":3,"featured_media":560509,"comment_status":"","ping_status":"","sticky":false,"template":"","format":"standard","meta":{"footnotes":"","_share_on_mastodon":"0"},"categories":[1451],"tags":[1621,1620,203,309080,204,1537,90,89],"class_list":["post-560508","post","type-post","status-publish","format-standard","has-post-thumbnail","category-celebrita","tag-celebrita","tag-celebrities","tag-entertainment","tag-eva-green","tag-intrattenimento","tag-it","tag-italia","tag-italy"],"share_on_mastodon":{"url":"https:\/\/pubeurope.com\/@it\/116829428528403351","error":""},"_links":{"self":[{"href":"https:\/\/www.europesays.com\/it\/wp-json\/wp\/v2\/posts\/560508","targetHints":{"allow":["GET"]}}],"collection":[{"href":"https:\/\/www.europesays.com\/it\/wp-json\/wp\/v2\/posts"}],"about":[{"href":"https:\/\/www.europesays.com\/it\/wp-json\/wp\/v2\/types\/post"}],"author":[{"embeddable":true,"href":"https:\/\/www.europesays.com\/it\/wp-json\/wp\/v2\/users\/3"}],"replies":[{"embeddable":true,"href":"https:\/\/www.europesays.com\/it\/wp-json\/wp\/v2\/comments?post=560508"}],"version-history":[{"count":0,"href":"https:\/\/www.europesays.com\/it\/wp-json\/wp\/v2\/posts\/560508\/revisions"}],"wp:featuredmedia":[{"embeddable":true,"href":"https:\/\/www.europesays.com\/it\/wp-json\/wp\/v2\/media\/560509"}],"wp:attachment":[{"href":"https:\/\/www.europesays.com\/it\/wp-json\/wp\/v2\/media?parent=560508"}],"wp:term":[{"taxonomy":"category","embeddable":true,"href":"https:\/\/www.europesays.com\/it\/wp-json\/wp\/v2\/categories?post=560508"},{"taxonomy":"post_tag","embeddable":true,"href":"https:\/\/www.europesays.com\/it\/wp-json\/wp\/v2\/tags?post=560508"}],"curies":[{"name":"wp","href":"https:\/\/api.w.org\/{rel}","templated":true}]}}