{"id":560516,"date":"2026-06-28T19:47:14","date_gmt":"2026-06-28T19:47:14","guid":{"rendered":"https:\/\/www.europesays.com\/it\/560516\/"},"modified":"2026-06-28T19:47:14","modified_gmt":"2026-06-28T19:47:14","slug":"geolier-al-maradona-come-vedere-il-concerto-in-diretta-su-prime-video-orario-ed-abbonamenti","status":"publish","type":"post","link":"https:\/\/www.europesays.com\/it\/560516\/","title":{"rendered":"Geolier al Maradona, come vedere il concerto in diretta su Prime Video: orario ed abbonamenti"},"content":{"rendered":"<p><a href=\"https:\/\/www.ilmattino.it\/t\/geolier\" rel=\"nofollow noopener\" target=\"_blank\">Geolier<\/a> sar\u00e0 protagonista questa sera dell&#8217;ultima delle tre date previste allo <strong>Stadio Diego Armando Maradona<\/strong>. Sar\u00e0 un giorno importantissimo per la musica nostrana soprattutto perch\u00e9, l&#8217;artista di Secondigliano, sar\u00e0 il primo italiano ad avere un suo concerto trasmesso in diretta su Prime Video. <\/p>\n<p>Tre serate che hanno reso il rapper centro della citt\u00e0, sia per la scelta di portare sul palco napoletano un colosso del rap internazionale come <a href=\"https:\/\/www.ilmattino.it\/t\/50-cent\" rel=\"nofollow noopener\" target=\"_blank\">50 Cent<\/a>, che per l&#8217;importanza dello show che ha segnato il record di oltre 120mila spettatori in tre giorni.<\/p>\n","protected":false},"excerpt":{"rendered":"Geolier sar\u00e0 protagonista questa sera dell&#8217;ultima delle tre date previste allo Stadio Diego Armando Maradona. Sar\u00e0 un giorno&hellip;\n","protected":false},"author":3,"featured_media":560517,"comment_status":"","ping_status":"","sticky":false,"template":"","format":"standard","meta":{"footnotes":"","_share_on_mastodon":"0"},"categories":[174],"tags":[203,9630,204,1537,90,89,12341,13643],"class_list":["post-560516","post","type-post","status-publish","format-standard","has-post-thumbnail","category-intrattenimento","tag-entertainment","tag-geolier","tag-intrattenimento","tag-it","tag-italia","tag-italy","tag-prime-video","tag-stadio-diego-armando-maradona"],"share_on_mastodon":{"url":"https:\/\/pubeurope.com\/@it\/116829464035845247","error":""},"_links":{"self":[{"href":"https:\/\/www.europesays.com\/it\/wp-json\/wp\/v2\/posts\/560516","targetHints":{"allow":["GET"]}}],"collection":[{"href":"https:\/\/www.europesays.com\/it\/wp-json\/wp\/v2\/posts"}],"about":[{"href":"https:\/\/www.europesays.com\/it\/wp-json\/wp\/v2\/types\/post"}],"author":[{"embeddable":true,"href":"https:\/\/www.europesays.com\/it\/wp-json\/wp\/v2\/users\/3"}],"replies":[{"embeddable":true,"href":"https:\/\/www.europesays.com\/it\/wp-json\/wp\/v2\/comments?post=560516"}],"version-history":[{"count":0,"href":"https:\/\/www.europesays.com\/it\/wp-json\/wp\/v2\/posts\/560516\/revisions"}],"wp:featuredmedia":[{"embeddable":true,"href":"https:\/\/www.europesays.com\/it\/wp-json\/wp\/v2\/media\/560517"}],"wp:attachment":[{"href":"https:\/\/www.europesays.com\/it\/wp-json\/wp\/v2\/media?parent=560516"}],"wp:term":[{"taxonomy":"category","embeddable":true,"href":"https:\/\/www.europesays.com\/it\/wp-json\/wp\/v2\/categories?post=560516"},{"taxonomy":"post_tag","embeddable":true,"href":"https:\/\/www.europesays.com\/it\/wp-json\/wp\/v2\/tags?post=560516"}],"curies":[{"name":"wp","href":"https:\/\/api.w.org\/{rel}","templated":true}]}}