{"id":560920,"date":"2026-06-29T02:59:15","date_gmt":"2026-06-29T02:59:15","guid":{"rendered":"https:\/\/www.europesays.com\/it\/560920\/"},"modified":"2026-06-29T02:59:15","modified_gmt":"2026-06-29T02:59:15","slug":"lintuizione-di-schifano-tra-paesaggi-naturali-e-televisivi","status":"publish","type":"post","link":"https:\/\/www.europesays.com\/it\/560920\/","title":{"rendered":"L\u2019intuizione di Schifano tra paesaggi naturali e televisivi"},"content":{"rendered":"<p>    di<br \/>\n    Aldo Grasso<\/p>\n<p class=\"summary-art is-line-h-12\">Il ritratto di un artista che non ha semplicemente rappresentato il proprio tempo, ma ha anticipato il nostro: un mondo immerso in un flusso continuo di immagini, dove il confine tra realt\u00e0 e schermo \u00e8 diventato sempre pi\u00f9 sottile<\/p>\n<p class=\"chapter-paragraph\">Consiglio di guardare su Rai Play la puntata di Blob dedicata a Mario Schifano, firmata da Paolo Luciani. \u00c8 un\u2019operazione tutt\u2019altro che semplice: raccontare un artista ormai consegnato alla storia senza trasformarlo in un monumento. Attraverso materiali d\u2019archivio, frammenti televisivi e gli interventi di Furio Colombo, Maurizio Calvesi e Achille Bonito Oliva, il programma costruisce il ritratto di un autore che ha saputo leggere il proprio tempo con una lucidit\u00e0 quasi profetica. Il merito principale della trasmissione \u00e8 quello di mettere al centro il rapporto di Schifano con la tv, non come semplice soggetto iconografico ma come vero e proprio ambiente esistenziale. Nella sua \u00abcasa psichica\u00bb, popolata da decine di apparecchi sempre accesi, l\u2019artista osservava il flusso incessante delle immagini trasformandolo in materia pittorica. I celebri \u00abPaesaggi TV\u00bb degli anni Settanta nascono proprio da questa intuizione: il nuovo paesaggio non \u00e8 pi\u00f9 quello naturale, ma quello trasmesso dallo schermo.<\/p>\n<p class=\"chapter-paragraph\"><b>Orologi, citt\u00e0, telegiornali, pubblicit\u00e0 e immagini della storia dell\u2019arte<\/b> diventano frammenti di una realt\u00e0 ormai mediata dalla tv. Prima dell\u2019avvento di Internet, l\u2019artista aveva intuito che la nostra esperienza del mondo sarebbe stata sempre pi\u00f9 filtrata da immagini prodotte e diffuse dai media. La tv, per lui, non era soltanto uno strumento di comunicazione: era una nuova forma di percezione, una sorgente inesauribile di segni, colori e informazioni. Le testimonianze di Calvesi e Bonito Oliva restituiscono inoltre la complessit\u00e0 di un protagonista della Pop Art italiana spesso ridotto al ruolo di \u00abWarhol italiano\u00bb. Schifano condivide con la Pop Art americana l\u2019attenzione per i consumi, la pubblicit\u00e0 e la cultura di massa, ma conserva una dimensione pittorica autonoma e personale. Come ricorda Calvesi, non rinuncia mai alla pittura: la rinnova dall\u2019interno, contaminandola con fotografia, cinema, televisione e nuove tecnologie. Ne emerge il ritratto di un artista che non ha semplicemente rappresentato il proprio tempo, ma ha anticipato il nostro: un mondo immerso in un flusso continuo di immagini, dove il confine tra realt\u00e0 e schermo \u00e8 diventato sempre pi\u00f9 sottile, inesistente.    &#13;<br \/>\n&#13;<br \/>\n&#13;<br \/>\n&#13;<br \/>\n&#13;<br \/>\n&#13;<br \/>\n&#13;<br \/>\n&#13;<br \/>\n&#13;<br \/>\n&#13;<br \/>\n&#13;<br \/>\n&#13;<br \/>\n&#13;<br \/>\n&#13;<br \/>\n&#13;<br \/>\n&#13;<br \/>\n&#13;<br \/>\n&#13;<br \/>\n&#13;<br \/>\n&#13;<br \/>\n&#13;<br \/>\n&#13;<br \/>\n&#13;<br \/>\n&#13;<br \/>\n&#13;<br \/>\n&#13;<br \/>\n&#13;<br \/>\n&#13;<br \/>\n&#13;<br \/>\n&#13;<br \/>\n&#13;<br \/>\n&#13;<br \/>\n&#13;<br \/>\n&#13;<br \/>\n&#13;<br \/>\n&#13;<br \/>\n&#13;<br \/>\n&#13;<br \/>\n&#13;<br \/>\n&#13;<br \/>\n&#13;<br \/>\n&#13;<br \/>\n&#13;<br \/>\n&#13;<br \/>\n&#13;<br \/>\n&#13;<br \/>\n&#13;<br \/>\n&#13;<br \/>\n&#13;<br \/>\n&#13;<br \/>\n&#13;<br \/>\n&#13;<br \/>\n&#13;\n<\/p>\n<p class=\"is-last-update\" datetime=\"2026-06-28T17:07:34+02:00\">28 giugno 2026<\/p>\n<p class=\"is-copyright\">\n            \u00a9 RIPRODUZIONE RISERVATA\n        <\/p>\n","protected":false},"excerpt":{"rendered":"di Aldo Grasso Il ritratto di un artista che non ha semplicemente rappresentato il proprio tempo, ma ha&hellip;\n","protected":false},"author":3,"featured_media":560921,"comment_status":"","ping_status":"","sticky":false,"template":"","format":"standard","meta":{"footnotes":"","_share_on_mastodon":"0"},"categories":[1446],"tags":[11747,309265,309266,46815,1615,1613,1614,2852,309267,309268,1611,1610,309269,309270,309264,8561,309271,309272,42,309273,309274,1612,203,15078,309275,12272,204,1537,90,89,3969,53434,2179,62238,253],"class_list":["post-560920","post","type-post","status-publish","format-standard","has-post-thumbnail","category-arte-e-design","tag-anticipato","tag-anticipato-immerso","tag-anticipato-immerso-flusso","tag-art","tag-arte","tag-arte-e-design","tag-arteedesign","tag-artista","tag-artista-semplicemente","tag-artista-semplicemente-rappresentato","tag-arts","tag-arts-and-design","tag-bonito","tag-bonito-oliva","tag-calvesi","tag-confine","tag-confine-realta","tag-confine-realta-schermo","tag-continuo","tag-continuo-immagini","tag-continuo-immagini-confine","tag-design","tag-entertainment","tag-flusso","tag-flusso-continuo","tag-immagini","tag-intrattenimento","tag-it","tag-italia","tag-italy","tag-realta","tag-ritratto","tag-schermo","tag-schifano","tag-tv"],"share_on_mastodon":{"url":"","error":"Validation failed: Text character limit of 500 exceeded"},"_links":{"self":[{"href":"https:\/\/www.europesays.com\/it\/wp-json\/wp\/v2\/posts\/560920","targetHints":{"allow":["GET"]}}],"collection":[{"href":"https:\/\/www.europesays.com\/it\/wp-json\/wp\/v2\/posts"}],"about":[{"href":"https:\/\/www.europesays.com\/it\/wp-json\/wp\/v2\/types\/post"}],"author":[{"embeddable":true,"href":"https:\/\/www.europesays.com\/it\/wp-json\/wp\/v2\/users\/3"}],"replies":[{"embeddable":true,"href":"https:\/\/www.europesays.com\/it\/wp-json\/wp\/v2\/comments?post=560920"}],"version-history":[{"count":0,"href":"https:\/\/www.europesays.com\/it\/wp-json\/wp\/v2\/posts\/560920\/revisions"}],"wp:featuredmedia":[{"embeddable":true,"href":"https:\/\/www.europesays.com\/it\/wp-json\/wp\/v2\/media\/560921"}],"wp:attachment":[{"href":"https:\/\/www.europesays.com\/it\/wp-json\/wp\/v2\/media?parent=560920"}],"wp:term":[{"taxonomy":"category","embeddable":true,"href":"https:\/\/www.europesays.com\/it\/wp-json\/wp\/v2\/categories?post=560920"},{"taxonomy":"post_tag","embeddable":true,"href":"https:\/\/www.europesays.com\/it\/wp-json\/wp\/v2\/tags?post=560920"}],"curies":[{"name":"wp","href":"https:\/\/api.w.org\/{rel}","templated":true}]}}