{"id":560978,"date":"2026-06-29T04:28:23","date_gmt":"2026-06-29T04:28:23","guid":{"rendered":"https:\/\/www.europesays.com\/it\/560978\/"},"modified":"2026-06-29T04:28:23","modified_gmt":"2026-06-29T04:28:23","slug":"lastrofisico-giovanni-verza-stroncato-da-un-male-incurabile-a-36-anni-parte-la-raccolta-fondi-realizzeremo-il-suo-sogno-di-una-nuova-casa-per-sua-moglie-e-i-tre-figli","status":"publish","type":"post","link":"https:\/\/www.europesays.com\/it\/560978\/","title":{"rendered":"L\u2019astrofisico Giovanni Verza stroncato da un male incurabile a 36 anni: parte la raccolta fondi, \u201crealizzeremo il suo sogno di una nuova casa per sua moglie e i tre figli\u201d"},"content":{"rendered":"<p>Merate (Lecco), 27 giugno 2026 \u2013\u00a0<strong>Giovanni <\/strong>aveva un sogno. Era il sogno di una casa nuova per lui e la sua Chiara e per i loro<strong> tre figli piccoli,<\/strong> che hanno <strong>5 anni, 2 anni e 8 mesi. <\/strong>Giovanni e Chiara quella casa per costruire il futuro insieme e far crescere i loro <strong>tre bimbi<\/strong>, l&#8217;hanno trovata. Un brutto male, estremamente raro e aggressivo, si \u00e8 per\u00f2 portato via Giovanni prima di realizzare quel sogno.<\/p>\n<p>Ma il <strong>sogno rimane<\/strong>, solo che per diventare realt\u00e0 ha bisogno dell&#8217;aiuto di tanti. Per questo gli amici di amici di Gi\u00f2 hanno avviato una raccolta fondi online tramite la piattaforma GoFundMe per contribuire a realizzarlo. \u201cOggi \u2013 spiegano \u2013 possiamo contribuire a sostenere <strong>Chiara e i bambini<\/strong>, affinch\u00e9 quel progetto di vita possa continuare, nonostante il dolore\u201d.\u00a0<\/p>\n<p> <img alt=\"L'astrofisico 36enne vantava prestigiose collaborazioni con centri spaziali internazionali a cominciare dalla Nasa\" loading=\"lazy\" width=\"2000\" height=\"1500\" decoding=\"async\" data-nimg=\"1\" style=\"color:transparent;max-width:100%;height:auto\"   src=\"https:\/\/www.europesays.com\/it\/wp-content\/uploads\/2026\/06\/l-astrofisico-36enne-vantava-prestigiose-collaborazioni-con-centri-spaziali-internazionali-a-cominci.webp\"\/><\/p>\n<p>L&#8217;astrofisico 36enne vantava prestigiose collaborazioni con centri spaziali internazionali a cominciare dalla Nasa<\/p>\n<p><strong>&#8220;Era sereno&#8230;\u201d\u00a0<\/strong> <\/p>\n<p> <strong>Giovanni Verza,<\/strong> l&#8217;astrofisico di <strong>Merate <\/strong>mancato l&#8217;altro giorno all&#8217;et\u00e0 di 36 anni, era pienamente consapevole della sua situazione e che <strong>le terapie<\/strong> non stavano sortendo l&#8217;effetto sperato. Nonostante ci\u00f2 non ha mai perso il sorriso durante il periodo della malattia e nemmeno nei giorni prima di mancare, quando il <strong>dolore era insopportabile<\/strong> e il suo fisico non lo sosteneva pi\u00f9. \u201cMi ha fatto promettere che anche se lui fosse mancato, avrei continuato a essere felice come lui\u201d, ha confidato <strong>Chiara<\/strong>, 33 anni, l&#8217;altra sera al termine della recita del rosario a<strong> Villa Grugana di Calco<\/strong>, sede dei <strong>missionari <\/strong>del Pime a cui Giovanni era molto legato. \u201c<strong>Era sereno<\/strong> \u2013 ha confermato proprio uno dei padri missionari \u2013. Lo era perch\u00e9\u00a0ha lasciato Chiara e i loro bimbi nelle mani di un Padre pi\u00f9 grande di lui\u201d.\u00a0<\/p>\n<p>Approfondisci:<\/p>\n<p><a href=\"https:\/\/www.ilgiorno.it\/lecco\/cronaca\/lecco-funerale-cesare-mariani-026e7c8c\" class=\"ArticleEmbed_article__embed__content__Jzqnz\" rel=\"nofollow noopener\" target=\"_blank\">Lecco piange Cesare Mariani, stroncato a 15 anni da un male incurabile. Il dolore infinito di mamma, pap\u00e0 e dei 4 fratelli: \u201cEra un\u2019anima buona\u201d<img alt=\"Lecco piange Cesare Mariani, stroncato a 15 anni da un male incurabile. Il dolore infinito di mamma, pap\u00e0 e dei 4 fratelli: \u201cEra un\u2019anima buona\u201d\" loading=\"lazy\" width=\"140\" height=\"78\" decoding=\"async\" data-nimg=\"1\" style=\"color:transparent\"  src=\"https:\/\/www.europesays.com\/it\/wp-content\/uploads\/2026\/06\/nelle-ultime-settimane-quando-purtroppo-non-c-era-piu-nulla-da-fare-cesare-era-stato-preso-in-carico.webp\"\/><\/a> <\/p>\n<p><strong>La camera ardente e i funerali\u00a0<\/strong> <\/p>\n<p> <strong>Pure il funerale<\/strong> verr\u00e0 celebrato a <strong>Villa Grugana<\/strong>. Altrove probabilmente non ci sarebbe abbastanza posto per accogliere <strong>le centinaia<\/strong> di persone che parteciperanno alle esequie, perch\u00e9 Giovanni, oltre ad avere tanti familiari e parenti, aveva tantissimi amici. L&#8217;ultimo saluto \u00e8 stato fissato per mercoled\u00ec 1\u00b0 luglio mattina alle 9.30 (preceduto la mezz\u2019ora prima della recita del Rosario), poi <strong>Giovanni<\/strong> verr\u00e0 accompagnato al cimitero di Merate.<\/p>\n<p><strong>La camera<\/strong> ardente invece \u00e8 stata allestita nella sala del commiato di Merate delle onoranze <strong>funebri Lavelli<\/strong>, aperta dalle 8.30 alle 12 e dalle 14 alle 18, dove in tanti stanno andando a salutarlo. Giovanni, oltre alla moglie Chiara e ai loro tre figli, lascia <strong>mamma Elena<\/strong> e pap\u00e0 Piero, la sorella pi\u00f9 grande Maria con sui marito e i loro figli e i fratelli pi\u00f9 giovani Francesco con sua moglie e i loro figli e <strong>Paolo.<\/strong><\/p>\n","protected":false},"excerpt":{"rendered":"Merate (Lecco), 27 giugno 2026 \u2013\u00a0Giovanni aveva un sogno. Era il sogno di una casa nuova per lui&hellip;\n","protected":false},"author":3,"featured_media":560979,"comment_status":"","ping_status":"","sticky":false,"template":"","format":"standard","meta":{"footnotes":"","_share_on_mastodon":"0"},"categories":[173],"tags":[156716,2731,7325,2759,145870,1537,90,89,1229,273,22510,309325,195,198,199,197,200,201,2526,28161,194,196,307472],"class_list":["post-560978","post","type-post","status-publish","format-standard","has-post-thumbnail","category-scienza-e-tecnologia","tag-astrofisico","tag-figli","tag-fondi","tag-giovanni","tag-incurabile","tag-it","tag-italia","tag-italy","tag-moglie","tag-nuova","tag-raccolta","tag-realizzeremo","tag-science","tag-science-and-technology","tag-scienceandtechnology","tag-scienza","tag-scienza-e-tecnologia","tag-scienzaetecnologia","tag-sogno","tag-stroncato","tag-technology","tag-tecnologia","tag-verza"],"share_on_mastodon":{"url":"https:\/\/pubeurope.com\/@it\/116831513592836125","error":""},"_links":{"self":[{"href":"https:\/\/www.europesays.com\/it\/wp-json\/wp\/v2\/posts\/560978","targetHints":{"allow":["GET"]}}],"collection":[{"href":"https:\/\/www.europesays.com\/it\/wp-json\/wp\/v2\/posts"}],"about":[{"href":"https:\/\/www.europesays.com\/it\/wp-json\/wp\/v2\/types\/post"}],"author":[{"embeddable":true,"href":"https:\/\/www.europesays.com\/it\/wp-json\/wp\/v2\/users\/3"}],"replies":[{"embeddable":true,"href":"https:\/\/www.europesays.com\/it\/wp-json\/wp\/v2\/comments?post=560978"}],"version-history":[{"count":0,"href":"https:\/\/www.europesays.com\/it\/wp-json\/wp\/v2\/posts\/560978\/revisions"}],"wp:featuredmedia":[{"embeddable":true,"href":"https:\/\/www.europesays.com\/it\/wp-json\/wp\/v2\/media\/560979"}],"wp:attachment":[{"href":"https:\/\/www.europesays.com\/it\/wp-json\/wp\/v2\/media?parent=560978"}],"wp:term":[{"taxonomy":"category","embeddable":true,"href":"https:\/\/www.europesays.com\/it\/wp-json\/wp\/v2\/categories?post=560978"},{"taxonomy":"post_tag","embeddable":true,"href":"https:\/\/www.europesays.com\/it\/wp-json\/wp\/v2\/tags?post=560978"}],"curies":[{"name":"wp","href":"https:\/\/api.w.org\/{rel}","templated":true}]}}