{"id":561058,"date":"2026-06-29T06:19:16","date_gmt":"2026-06-29T06:19:16","guid":{"rendered":"https:\/\/www.europesays.com\/it\/561058\/"},"modified":"2026-06-29T06:19:16","modified_gmt":"2026-06-29T06:19:16","slug":"giovanni-sale-sul-tetto-al-sesto-piano-il-lucernario-crolla-sotto-di-lui-e-muore-abbiamo-sentito-un-tonfo-poi-il-silenzio","status":"publish","type":"post","link":"https:\/\/www.europesays.com\/it\/561058\/","title":{"rendered":"Giovanni sale sul tetto al sesto piano, il lucernario crolla sotto di lui e muore.\u00a0&#8220;Abbiamo sentito un tonfo, poi il silenzio&#8221;"},"content":{"rendered":"<p>San Lazzaro (Bologna), 29 giugno 2026 \u2013\u00a0Un palazzone. Un lucernario di plexiglas. Un <strong>ragazzo <\/strong>che ci si arrampica sopra. E che precipita gi\u00f9. Sembra un <strong>de ja v\u00f9. <\/strong>Ma questa volta non siamo in via Piave, dove il piccolo <strong>Louis Pisha<\/strong>, 12 anni, il 3 aprile scorso ha perso la vita scattando selfie con gli amici al tramonto.<\/p>\n<p>Siamo<strong> in via Pio La Torre <\/strong>a<strong> San Lazzaro<\/strong>, in un torrido pomeriggio di <strong>fine giugno. <\/strong>Quale sia stato il motivo per cui <strong>Giovanni Luppi,<\/strong> 26 anni, sia salito sul<strong> tetto del palazzone<\/strong> di sei piani lo stanno cercando di capire i<strong> carabinieri<\/strong> della Compagnia di <strong>San Lazzaro<\/strong>, chiamati dai vicini che hanno sentito il <strong>violento tonfo.<\/strong> Erano le <strong>15,15.<\/strong>  <\/p>\n<p>Il giovane era andato a trovare la fidanzata <\/p>\n<p>Quando i sanitari del 118 sono arrivati in via Pio La Torre, per lo <strong>studente<\/strong> non c\u2019era pi\u00f9 <strong>niente da fare<\/strong>. Giovanni era residente a San Lazzaro, ma non abitava in quel <strong>condominio <\/strong>dove ieri ha trovato la morte. Stando a quanto ricostruito dai militari dell\u2019Arma, ieri pomeriggio era andato <strong>a trovare la sua ragazza<\/strong> che vive l\u00ec. Erano <strong>in casa assieme<\/strong> ad altre due amiche quando una quarta ragazza sarebbe arrivata,<strong> a sorpresa<\/strong>, inattesa.  <\/p>\n<p>Il plexiglas si \u00e8 frantumato in un attimo <\/p>\n<p><strong>Giovanni <\/strong>a quel punto avrebbe deciso di<strong> salire sul tetto<\/strong>: sembrerebbe che la vittima volesse evitare di farsi vedere da questa ragazza. E cos\u00ec \u00e8 uscito di corsa ed \u00e8 salito sul<strong> terrazzo condominiale.<\/strong>\u00a0Per farlo, \u00e8 passato sopra alla lamina di plexiglas. Che era vecchia e resa bollente dal caldo di ieri. E che si \u00e8 <strong>frantumata <\/strong>in un attimo, facendo precipitare il ventiseienne nel vuoto.  <\/p>\n<p> <img alt=\"Giovanni \u00e8 salito sul lucernario e poi \u00e8 precipitato\" loading=\"lazy\" width=\"1620\" height=\"1080\" decoding=\"async\" data-nimg=\"1\" style=\"color:transparent;max-width:100%;height:auto\"   src=\"https:\/\/www.europesays.com\/it\/wp-content\/uploads\/2026\/06\/giovanni-e-salito-sul-lucernario-e-poi-e-precipitato.webp\"\/><\/p>\n<p>Giovanni \u00e8 salito sul lucernario e poi \u00e8 precipitato<\/p>\n<p><strong>I condomini <\/strong>hanno sentito il tonfo e sono usciti dagli appartamenti a vedere cosa fosse accaduto. E cos\u00ec le amiche. E oltre il vano scale, c\u2019era il corpo del ventiseienne, <strong>senza vita.\u00a0<\/strong>Sono stati subito allertati <strong>i soccorsi e i carabinieri: <\/strong>si era pensato in un primo momento anche a un gesto estremo, ma le testimonianze fornite dalle amiche della vittima hanno fornito un quadro diverso. Quello di un <strong>tragico incidente.<\/strong>  <\/p>\n<p>La vittima giocava a calcio a San Lazzaro <\/p>\n<p><strong>Giovanni Luppi<\/strong> era molto conosciuto a San Lazzaro, dove giocava a calcio, e la comunit\u00e0, quando si \u00e8 diffusa la notizia della tragedia, \u00e8 rimasta sotto choc.\u00a0Un <strong>bravo ragazzo, <\/strong>con la testa sulle spalle e tanti amici. Che adesso sono tutti sconvolti e continuano a chiedersi come sia stato possibile.<\/p>\n<p>Sconvolti gli inquilini del condominio: fiori rosa e bianchi sotto il palazzo\u00a0 <\/p>\n<p>Un <strong>fiore rosa e uno bianco <\/strong>sono stati appoggiati\u00a0al muretto del palazzo di via Pio La Torre. Il sangue \u00e8 stato ripulito, rimangono pochi segni della caduta fatale di<strong> Giovanni Luppi.\u00a0<\/strong>\u00a0Nel condominio <strong>il silenzio \u00e8 rotto da pochi residenti, <\/strong>ancora sotto<strong> choc.<\/strong><\/p>\n<p>\u201c\u00c8 stata <strong>mia mamma <\/strong>a chiamare l\u2019ambulanza. Ha sentito un <strong>rumore fortissimo<\/strong>, come se fosse caduto un mobile. Affacciandosi sulle scale ha intravisto <strong>il sangue e<\/strong> ha subito dato l\u2019allarme\u201d, racconta la figlia di un\u2019inquilina del primo piano. \u201cMi ha telefonato alle 15,15 e io, che abito poco distante, sono corsa subito qui\u201d.<\/p>\n<p>Approfondisci:<\/p>\n<p><a href=\"https:\/\/www.ilrestodelcarlino.it\/bologna\/cronaca\/tragedia-louis-pisha-morto-12-anni-vij2eks5\" class=\"ArticleEmbed_article__embed__content__Jzqnz\" rel=\"nofollow noopener\" target=\"_blank\">La tragedia di Louis Pisha morto a 12 anni. Stava giocando sul tetto con gli amici: \u00e8 precipitato dal lucernario<img alt=\"La tragedia di Louis Pisha morto a 12 anni. Stava giocando sul tetto con gli amici: \u00e8 precipitato dal lucernario\" loading=\"lazy\" width=\"140\" height=\"78\" decoding=\"async\" data-nimg=\"1\" style=\"color:transparent\"  src=\"https:\/\/www.europesays.com\/it\/wp-content\/uploads\/2026\/06\/louis-pisha-morto-a-12-anni-e-il-lucernario-del-palazzo-di-via-piave-6-dal-quale-e-precipitato.webp\"\/><\/a> <\/p>\n<p><strong>I sanitari<\/strong> sono arrivati in pochi minuti, ma le lesioni riportate<strong> erano troppo gravi <\/strong>e non c\u2019\u00e8 stato nulla da fare. Sul posto sono intervenuti anche i carabinieri che per ore, \u201cfino a sera\u201d, hanno cercato di ricostruire la dinamica.<\/p>\n<p> <img alt=\"I fiori bianchi e rosa sotto il palazzo\" loading=\"lazy\" width=\"3000\" height=\"2000\" decoding=\"async\" data-nimg=\"1\" style=\"color:transparent;max-width:100%;height:auto\"   src=\"https:\/\/www.europesays.com\/it\/wp-content\/uploads\/2026\/06\/i-fiori-bianchi-e-rosa-sotto-il-palazzo.webp\"\/><\/p>\n<p>I fiori bianchi e rosa sotto il palazzo<\/p>\n<p>La donna indica<strong> l\u2019ultimo piano del palazzo<\/strong>, dove si trova il lucernario dal quale il ragazzo \u00e8 precipitato. \u201c\u00c8 una classica terrazza con il parapetto in muratura. Sopra c\u2019\u00e8 un <strong>lucernario in plexiglass, <\/strong>utilizzato per tenere lontani gli uccelli. Non ha retto il peso e i<strong>l lucernario \u00e8 crollato\u201d<\/strong>.<\/p>\n<p>Pi\u00f9 volte racconta di aver visto i giovani ritrovarsi nell\u2019appartamento. \u201cSono sempre stati<strong> r\u00a0agazzi tranquilli.\u00a0<\/strong> Il solito gruppetto. Probabilmente stavano semplicemente trascorrendo <strong>la domenica pomeriggio insieme<\/strong>. Nessuno avrebbe mai potuto immaginare <strong>una cosa del genere\u201d<\/strong>. Poi lo sguardo torna ai due fiori lasciati ai piedi del palazzo e <strong>gli occhi si fanno lucidi.<\/strong> \u201cUna vita spezzata a 26 anni \u00e8 una<strong> tragedia\u00a0<\/strong>enorme\u201d.<\/p>\n","protected":false},"excerpt":{"rendered":"San Lazzaro (Bologna), 29 giugno 2026 \u2013\u00a0Un palazzone. Un lucernario di plexiglas. Un ragazzo che ci si arrampica&hellip;\n","protected":false},"author":3,"featured_media":561059,"comment_status":"","ping_status":"","sticky":false,"template":"","format":"standard","meta":{"footnotes":"","_share_on_mastodon":"0"},"categories":[79],"tags":[33294,33866,14,93,94,2759,1537,90,89,309410,13293,7,15,975,5158,2762,15533,835,17853,11,84,91,12,85,92],"class_list":["post-561058","post","type-post","status-publish","format-standard","has-post-thumbnail","category-italia","tag-abbiamo","tag-crolla","tag-cronaca","tag-cronaca-italiana","tag-cronacaitaliana","tag-giovanni","tag-it","tag-italia","tag-italy","tag-lucernario","tag-muore","tag-news","tag-notizie","tag-piano","tag-sale","tag-sentito","tag-sesto","tag-silenzio","tag-tetto","tag-ultime-notizie","tag-ultime-notizie-e-news-di-oggi","tag-ultime-notizie-italia","tag-ultimenotizie","tag-ultimenotizieenewsdioggi","tag-ultimenotizieitalia"],"share_on_mastodon":{"url":"","error":""},"_links":{"self":[{"href":"https:\/\/www.europesays.com\/it\/wp-json\/wp\/v2\/posts\/561058","targetHints":{"allow":["GET"]}}],"collection":[{"href":"https:\/\/www.europesays.com\/it\/wp-json\/wp\/v2\/posts"}],"about":[{"href":"https:\/\/www.europesays.com\/it\/wp-json\/wp\/v2\/types\/post"}],"author":[{"embeddable":true,"href":"https:\/\/www.europesays.com\/it\/wp-json\/wp\/v2\/users\/3"}],"replies":[{"embeddable":true,"href":"https:\/\/www.europesays.com\/it\/wp-json\/wp\/v2\/comments?post=561058"}],"version-history":[{"count":0,"href":"https:\/\/www.europesays.com\/it\/wp-json\/wp\/v2\/posts\/561058\/revisions"}],"wp:featuredmedia":[{"embeddable":true,"href":"https:\/\/www.europesays.com\/it\/wp-json\/wp\/v2\/media\/561059"}],"wp:attachment":[{"href":"https:\/\/www.europesays.com\/it\/wp-json\/wp\/v2\/media?parent=561058"}],"wp:term":[{"taxonomy":"category","embeddable":true,"href":"https:\/\/www.europesays.com\/it\/wp-json\/wp\/v2\/categories?post=561058"},{"taxonomy":"post_tag","embeddable":true,"href":"https:\/\/www.europesays.com\/it\/wp-json\/wp\/v2\/tags?post=561058"}],"curies":[{"name":"wp","href":"https:\/\/api.w.org\/{rel}","templated":true}]}}