{"id":561101,"date":"2026-06-29T07:00:15","date_gmt":"2026-06-29T07:00:15","guid":{"rendered":"https:\/\/www.europesays.com\/it\/561101\/"},"modified":"2026-06-29T07:00:15","modified_gmt":"2026-06-29T07:00:15","slug":"milan-su-hjulmand-e-alajbegovic-piace-casado-del-barca-le-trattative","status":"publish","type":"post","link":"https:\/\/www.europesays.com\/it\/561101\/","title":{"rendered":"Milan su Hjulmand e Alajbegovic. Piace Casad\u00f2 del Bar\u00e7a. Le trattative"},"content":{"rendered":"<p>                                Il centrocampista dello Sporting Lisbona, dove fu proprio l&#8217;attuale tecnico del Milan a volerlo, avrebbe gi\u00e0 dato il suo ok al trasferimento. Zlatan intanto per la trequarti apprezza particolarmente il talento del bosniaco<\/p>\n<p class=\"paragraph\" spellcheck=\"true\">Il mercato segue uno schema preciso, come definito \u00e8 lo schema che user\u00e0 Amorim: un 3-4-2-1 moderno e offensivo, in cui i rinforzi saranno funzionali a sviluppare le idee del nuovo allenatore. Che non chiede stravolgimenti n\u00e9 grandi rivoluzioni, semplicemente dei ritocchi di spessore che aggiungano forza a un gruppo gi\u00e0 considerato solido grazie anche alla conferma dei titolarissimi. Lo schema del mercato \u00e8 chiaro: prima il centravanti, la priorit\u00e0 assoluta: il tecnico vorr\u00e0 valutare prima le risorse a disposizione, ma ci sono delle lacune che vanno colmate a prescindere. Fatta la punta, Ramos, tocca agli altri reparti. E il secondo in cui si \u00e8 deciso di dover intervenire \u00e8 la difesa: Antonio Silva pu\u00f2 essere il secondo colpo del mercato rossonero. Quella che per i tifosi sembrava un\u2019estate di lunghe attese si \u00e8 accesa improvvisamente, diventando subito rovente: il Milan \u00e8 il club pi\u00f9 attivo. E non si fermer\u00e0 qui.<\/p>\n<p>    in mezzo\u2014 \u00a0<\/p>\n<p class=\"paragraph is-inline\" spellcheck=\"true\">Interverr\u00e0 anche negli altri reparti, magari con pi\u00f9 calma. Ci sar\u00e0 un innesto a centrocampo, date anche per certe le partenze di Loftus-Cheek e Fofana, e con Modric a cui, eventualmente, verr\u00e0 riservato un impegno part-time. Come \u00e8 stato per centravanti e sar\u00e0 probabilmente per il difensore, anche in mezzo verr\u00e0 seguito lo stesso percorso decisionale. Cardinale vuole accontentare Amorim, la dirigenza composta da Almstadt, Gardiner e Lomonte aggiunger\u00e0 le proprie valutazioni per giungere poi a una scelta condivisa: all\u2019allenatore piace Morten Hjulmand e l\u2019analisi dei dati lo sostiene. Danese, 27 anni, ha gi\u00e0 conosciuto la Serie A al Lecce e da due stagioni \u00e8 in Portogallo in forza allo Sporting Lisbona. Qui, 141 presenze e 10 gol. Nel reparto c\u2019\u00e8 anche la proposta esterna di Jorge Mendes che suggerisce Marc Casad\u00f2, 22 anni, cresciuto nel Barcellona con cui vanta 75 partite. Abbastanza per volersi dedicare ora a una nuova sfida.<\/p>\n<p><a class=\"is-partner-link\" href=\"https:\/\/aipredictor.gazzetta.it\/?intcmp=calciomercato\" rel=\"nofollow noopener\" target=\"_blank\">Promo Mondiale 1\u20ac al mese per 3 mesi &#8211; Scopri chi vince con Gazzetta AI Predictor!<\/a><\/p>\n<p>    stella\u2014 \u00a0<\/p>\n<p class=\"paragraph is-inline\" spellcheck=\"true\">Il mercato potrebbe alla fine  compiere un lungo giro per tornare da dove tutto era iniziato: in attacco. La folgorazione di Ibra per Kerim Alajbegovic, diciottenne del Salisburgo e della Bosnia, porter\u00e0 a qualcosa di concreto?  Zlatan, solitamente restio ai complimenti, lo ha definito una stella: sosterr\u00e0 la tesi anche in sede di mercato? Di certo sul talentino ci sono gi\u00e0 concorrenti straniere e italiane, Roma e Atalanta, ma se il Milan dovesse decidere di entrare in scena potr\u00e0 farlo con la forza, e la riservatezza, con cui ha chiuso Ramos dal Psg.<\/p>\n<p class=\"is-copyright\">\u00a9 RIPRODUZIONE RISERVATA<\/p>\n","protected":false},"excerpt":{"rendered":"Il centrocampista dello Sporting Lisbona, dove fu proprio l&#8217;attuale tecnico del Milan a volerlo, avrebbe gi\u00e0 dato il&hellip;\n","protected":false},"author":3,"featured_media":561102,"comment_status":"","ping_status":"","sticky":false,"template":"","format":"standard","meta":{"footnotes":"","_share_on_mastodon":"0"},"categories":[1452],"tags":[7819,309427,309428,16744,309429,309430,309431,189767,1960,50020,721,309426,12837,9961,1740,28083,94951,1537,90,89,21098,1412,553,24823,28232,78339,1739,245,4815,21118,244,5046,3375,8547,4969,102560],"class_list":["post-561101","post","type-post","status-publish","format-standard","has-post-thumbnail","category-calcio","tag-accesa","tag-accesa-improvvisamente","tag-accesa-improvvisamente-diventando","tag-accontentare","tag-accontentare-amorim","tag-accontentare-amorim-dirigenza","tag-aggiungano","tag-alajbegovic","tag-allenatore","tag-amorim","tag-calcio","tag-casado","tag-centravanti","tag-definito","tag-football","tag-hjulmand","tag-ibra","tag-it","tag-italia","tag-italy","tag-lisbona","tag-mercato","tag-milan","tag-ramos","tag-reparti","tag-schema","tag-soccer","tag-sport","tag-sporting","tag-sporting-lisbona","tag-sports","tag-stella","tag-tecnico","tag-verra","tag-vuole","tag-zlatan"],"share_on_mastodon":{"url":"https:\/\/pubeurope.com\/@it\/116832110474146854","error":""},"_links":{"self":[{"href":"https:\/\/www.europesays.com\/it\/wp-json\/wp\/v2\/posts\/561101","targetHints":{"allow":["GET"]}}],"collection":[{"href":"https:\/\/www.europesays.com\/it\/wp-json\/wp\/v2\/posts"}],"about":[{"href":"https:\/\/www.europesays.com\/it\/wp-json\/wp\/v2\/types\/post"}],"author":[{"embeddable":true,"href":"https:\/\/www.europesays.com\/it\/wp-json\/wp\/v2\/users\/3"}],"replies":[{"embeddable":true,"href":"https:\/\/www.europesays.com\/it\/wp-json\/wp\/v2\/comments?post=561101"}],"version-history":[{"count":0,"href":"https:\/\/www.europesays.com\/it\/wp-json\/wp\/v2\/posts\/561101\/revisions"}],"wp:featuredmedia":[{"embeddable":true,"href":"https:\/\/www.europesays.com\/it\/wp-json\/wp\/v2\/media\/561102"}],"wp:attachment":[{"href":"https:\/\/www.europesays.com\/it\/wp-json\/wp\/v2\/media?parent=561101"}],"wp:term":[{"taxonomy":"category","embeddable":true,"href":"https:\/\/www.europesays.com\/it\/wp-json\/wp\/v2\/categories?post=561101"},{"taxonomy":"post_tag","embeddable":true,"href":"https:\/\/www.europesays.com\/it\/wp-json\/wp\/v2\/tags?post=561101"}],"curies":[{"name":"wp","href":"https:\/\/api.w.org\/{rel}","templated":true}]}}