{"id":561445,"date":"2026-06-29T12:08:17","date_gmt":"2026-06-29T12:08:17","guid":{"rendered":"https:\/\/www.europesays.com\/it\/561445\/"},"modified":"2026-06-29T12:08:17","modified_gmt":"2026-06-29T12:08:17","slug":"rapunzel-sono-iniziate-le-riprese-del-film-live-action-disney-i-sky-tg24","status":"publish","type":"post","link":"https:\/\/www.europesays.com\/it\/561445\/","title":{"rendered":"Rapunzel, sono iniziate le riprese del film live-action Disney I Sky TG24"},"content":{"rendered":"<p>Sono ufficialmente<strong> iniziate le riprese<\/strong> dell\u2019<strong>adattamento live-action<\/strong> del f<strong>ilm d\u2019animazione<\/strong> <a data-intcmp=\"skytg24_foglia articolo_interlink_text\" href=\"https:\/\/tg24.sky.it\/spettacolo\/serie-tv\/video\/2026\/06\/24\/pompei-fuori-dal-tempo-trailer-1107409\" target=\"_self\" rel=\"nofollow noopener\">Disney<\/a> Rapunzel \u2013 L\u2019intreccio della torre (2010), a sua volta rivisitazione della fiaba Raperonzolo dei Fratelli Grimm. Sul web circola gi\u00e0 l\u2019immagine dell\u2019iconica torre che tiene imprigionata la principessa dai lunghi capelli biondi. La produzione della pellicola \u00e8 in corso presso gli studi di Ciudad de la Luz ad Alicante, in Spagna. Il presidente della Generalitat Valenciana, Juanfran Perez Llorca, ha confermato che dopo sei mesi di trattative la location \u00e8 stata scelta come \u201ccentro di coordinamento\u201d. Diretto da Micheal Gracey (gi\u00e0 regista del musical The Greatest Showman) sulla base della sceneggiatura di Jennifer Kaytin Robinson (So cosa hai fatto) e di Michael Montemayor (Everyone I Love Is Dead), l\u2019adattamento live-action include nel <strong>cast<\/strong> Teagan Croft (Titans) nel ruolo di Rapunzel, Milo Manheim (Zombies) nel ruolo dell\u2019affascinante ladro Flynn Rider che si rifugia nella torre della principessa e si innamora di lei, Kathryn Hahn (The Studio) nel ruolo della vanitosa strega Gothel che ha rinchiuso Rapunzel nel bosco e Diego Luna (Andor) in un ruolo creato appositamente per il nuovo progetto ma rimasto ancora misterioso. La notizia dell\u2019avvio della produzione \u00e8 arrivata dopo che l\u2019attrice protagonista, Teagan Croft, ha sfoggiato un taglio corto di capelli che compare durante la battaglia finale tra Flynn Rider e Gothel. Gli altri dettagli, come la data di uscita nei cinema, restano tuttora segreti, anche se il film includer\u00e0 la trama e gli elementi musicali gi\u00e0 molto amati nel film d\u2019animazione.<\/p>\n<p>\t\t \tLA FIABA<\/p>\n<p>La fiaba Raperonzolo, tratta dalla raccolta dei fratelli Grimm del 1812, potrebbe secondo alcune fonti risalire a tempi ancora pi\u00f9 antichi e, nello specifico, dal racconto persiano Shahnameh (X secolo), la pi\u00f9 antica fiaba conosciuta dove la principessa Rudabeh cala da una torre i lunghi capelli affinch\u00e9 il suo amato Zal possa raggiungerla. Il film d\u2019animazione Disney Rapunzel \u2013 L\u2019intreccio della torre (2010) ha incassato oltre 592 milioni di dollari in tutto il mondo e ha aperto la strada alla storia dei film d\u2019animazione Disney in 3D. La pellicola ha anche ricevuto una candidatura al Premio Oscar per la Miglior canzone originale per il brano I See the Light.<\/p>\n<p>\t\t\t<a class=\"c-inline-card j-inline-card c-inline-card--with-image\" href=\"https:\/\/tg24.sky.it\/spettacolo\/cinema\/2026\/02\/03\/pixar-film-animazione\" rel=\"follow nofollow noopener\" data-intcmp=\"skytg24_articolo_approfondimenti_inline\" target=\"_blank\"><\/p>\n<p>\t\t\t         <img decoding=\"async\" crossorigin=\"anonymous\" alt=\"\" src=\"https:\/\/www.europesays.com\/it\/wp-content\/uploads\/2026\/06\/visore-pixar-webp.jpg\"  loading=\"lazy\"  bad-src=\"https:\/\/www.europesays.com\/it\/wp-content\/uploads\/2026\/06\/visore-pixar-webp.jpg\"\/><\/p>\n<p>\n\t\t\t         Approfondimento<br \/>\n\t\t\t         40 anni di Pixar, ecco i film d&#8217;animazione pi\u00f9 emozionanti. FOTO\n\t\t\t      <\/p>\n<p>\t\t\t<\/a><\/p>\n<p>\t\t \tDIEGO LUNA, DA ANDOR A RAPUNZEL<\/p>\n<p>Nato il 29 dicembre 1979 a Citt\u00e0 del Messico, l\u2019attore, regista e produttore cinematografico <strong>Diego Luna<\/strong> ha intrapreso gli studi di recitazione all\u2019et\u00e0 di sei anni su suggerimento del padre. L&#8217;attore, regista, sceneggiatore e produttore cinematografico messicano Gael Garc\u00eda Bernal ha fatto parte delle figure chiave della sua vita sin dall&#8217;infanzia. All\u2019et\u00e0 di 10 anni ha debuttato in televisione in film e telenovelas come Un amore di nonno, mentre nel 2000 ha recitato nel film Prima che sia notte di Julian Schnabel con Javier Bardem candidato al premio Oscar come Miglior attore. Nel 2001 \u00e8 arrivata poi la svolta grazie all\u2019interpretazione del giovane Tenoch nella pellicola Y Tu Mam\u00e0 Tambi\u00e9n \u2013 Anche tua madre di Alfonso Cuar\u00f3n e con Garc\u00eda Bernal. Il film, candidato ai premi Oscar e ai premi BAFTA, ha garantito sia a Luna, sia a Garc\u00eda Bernal il Premio Marcello Mastroianni alla 58\u00aa edizione della Mostra Internazionale del Cinema di Venezia presieduta da Nanni Moretti. Luna ha poi recitato in produzioni di Hollywood come Dirty Dancing 2 (2004), prequel del film cult Dirty Dancing \u2013 Balli proibiti (1987), in film d\u2019azione come Criminal (2004), Fade to Black (2006), Contraband (2012) e Elysium (2013) e nella pellicola Blood Father (2016) con Mel Gibson. Tra i successi del cinema messicano, invece, compaiono tra gli altri il film Casa de Mi Padre (2012) con Garc\u00eda Bernal. Nel 2016, l\u2019attore ha poi raddoppiato la propria popolarit\u00e0 grazie al ruolo di Cassian Andor nel film Rogue One: A Star Wars Story, lo spin-off della saga di Star Wars ambientato negli anni tra Star Wars: Episodio III \u2013 La vendetta dei Sith e Star Wars: Episodio IV \u2013 Una nuova speranza, mentre nel 2024 ha recitato nella serie tv M\u00e1quina: Il pugile. In qualit\u00e0 di regista, Luna ha girato tra gli altri il lungometraggio Abel (2010), prodotto da Garc\u00eda Bernal e da John Malkovich, che racconta le difficolt\u00e0 mentali di un bambino messicano dopo l\u2019abbandono del padre, e Cesar Ch\u00e1vez (2012), un biopic dedicato all\u2019omonimo politico statunitense figlio di immigrati messicani che aveva fondato il primo sindacato nazionale dei contadini. Il suo prossimo film Ashes, da lui diretto e co-sceneggiato, \u00e8 tratto da un romanzo in lingua spagnola e sar\u00e0 presentato in anteprima al Festival di Cannes 2026. Luna sar\u00e0 anche protagonista della serie tv Netflix (visibile anche su Sky Glass, Sky Q e tramite app su NOW Smart Stick) Mexico 86, che racconta la vera storia di Martin de la Torre, un funzionario governativo che aveva negoziato l\u2019assegnazione al Messico dei Mondiali di Calcio del 1986. Ha inoltre recentemente terminato le riprese del film Eleven Days, dove recita anche. Infine, ha co-fondato la casa di produzione La Corriente del Golfo con Garc\u00eda Bernal.<\/p>\n<p>\t\t\t<a class=\"c-inline-card j-inline-card c-inline-card--with-image\" href=\"https:\/\/tg24.sky.it\/spettacolo\/cinema\/2026\/05\/04\/rapunzel-film-live-action-diego-luna\" rel=\"follow nofollow noopener\" data-intcmp=\"skytg24_articolo_approfondimenti_inline\" target=\"_blank\"><\/p>\n<p>\t\t\t         <img decoding=\"async\" crossorigin=\"anonymous\" alt=\"\" src=\"https:\/\/www.europesays.com\/it\/wp-content\/uploads\/2026\/06\/rapunzel-diego-luna-wp-getty.jpg\"  loading=\"lazy\"  bad-src=\"https:\/\/www.europesays.com\/it\/wp-content\/uploads\/2026\/06\/rapunzel-diego-luna-wp-getty.jpg\"\/><\/p>\n<p>\n\t\t\t         Approfondimento<br \/>\n\t\t\t         Rapunzel, Diego Luna in remake live-action di film d&#8217;animazione Disney\n\t\t\t      <\/p>\n<p>\t\t\t<\/a><\/p>\n","protected":false},"excerpt":{"rendered":"Sono ufficialmente iniziate le riprese dell\u2019adattamento live-action del film d\u2019animazione Disney Rapunzel \u2013 L\u2019intreccio della torre (2010), a&hellip;\n","protected":false},"author":3,"featured_media":561446,"comment_status":"","ping_status":"","sticky":false,"template":"","format":"standard","meta":{"footnotes":"","_share_on_mastodon":"0"},"categories":[1442],"tags":[9218,203,454,204,1537,90,89,12487,1521],"class_list":["post-561445","post","type-post","status-publish","format-standard","has-post-thumbnail","category-film","tag-disney","tag-entertainment","tag-film","tag-intrattenimento","tag-it","tag-italia","tag-italy","tag-live-action","tag-movies"],"share_on_mastodon":{"url":"https:\/\/pubeurope.com\/@it\/116833321439483260","error":""},"_links":{"self":[{"href":"https:\/\/www.europesays.com\/it\/wp-json\/wp\/v2\/posts\/561445","targetHints":{"allow":["GET"]}}],"collection":[{"href":"https:\/\/www.europesays.com\/it\/wp-json\/wp\/v2\/posts"}],"about":[{"href":"https:\/\/www.europesays.com\/it\/wp-json\/wp\/v2\/types\/post"}],"author":[{"embeddable":true,"href":"https:\/\/www.europesays.com\/it\/wp-json\/wp\/v2\/users\/3"}],"replies":[{"embeddable":true,"href":"https:\/\/www.europesays.com\/it\/wp-json\/wp\/v2\/comments?post=561445"}],"version-history":[{"count":0,"href":"https:\/\/www.europesays.com\/it\/wp-json\/wp\/v2\/posts\/561445\/revisions"}],"wp:featuredmedia":[{"embeddable":true,"href":"https:\/\/www.europesays.com\/it\/wp-json\/wp\/v2\/media\/561446"}],"wp:attachment":[{"href":"https:\/\/www.europesays.com\/it\/wp-json\/wp\/v2\/media?parent=561445"}],"wp:term":[{"taxonomy":"category","embeddable":true,"href":"https:\/\/www.europesays.com\/it\/wp-json\/wp\/v2\/categories?post=561445"},{"taxonomy":"post_tag","embeddable":true,"href":"https:\/\/www.europesays.com\/it\/wp-json\/wp\/v2\/tags?post=561445"}],"curies":[{"name":"wp","href":"https:\/\/api.w.org\/{rel}","templated":true}]}}