{"id":561468,"date":"2026-06-29T12:29:14","date_gmt":"2026-06-29T12:29:14","guid":{"rendered":"https:\/\/www.europesays.com\/it\/561468\/"},"modified":"2026-06-29T12:29:14","modified_gmt":"2026-06-29T12:29:14","slug":"milan-antonio-silva-e-la-lite-con-bonucci-in-juve-benfica","status":"publish","type":"post","link":"https:\/\/www.europesays.com\/it\/561468\/","title":{"rendered":"Milan, Antonio Silva e la lite con Bonucci in Juve-Benfica"},"content":{"rendered":"<p>                                Champions, settembre 2022, il difensore intervenne duramente contro il capitano della Juve che l&#8217;era presa con Joao Mario. E dopo la partita disse: &#8220;Conosco e rispetto la sua storia, ma in campo i nomi non contano&#8221;<\/p>\n<p class=\"paragraph\" spellcheck=\"true\">La possibilit\u00e0 di ritrovarlo in campo non esiste pi\u00f9 perch\u00e9 \u00e8 un avversario che ha smesso col calcio giocato. Ma se Antonio Silva sbarcasse davvero nel nostro campionato, porterebbe sicuramente nel suo trolley anche quei momenti agitati vissuti quattro anni fa con(tro) Leonardo Bonucci. Utili, tra l&#8217;altro, per capire e verificare la personalit\u00e0 e il temperamento del ragazzo.<\/p>\n<p>        cosa successe\u2014 \u00a0<\/p>\n<p class=\"paragraph\" spellcheck=\"true\">Girone di Champions League, 14 settembre 2022, allo Stadium di Torino si gioca Juve-Benfica, seconda partita del gruppo H. Tra i bianconeri c&#8217;\u00e8 tensione perch\u00e9 la prima uscita, contro il Psg, \u00e8 andata male. E cos\u00ec, quando Joao Mario porta avanti i portoghesi su rigore (assist di Gon\u00e7alo Ramos&#8230;) e sceglie di esultare portando le mani alle orecchie sotto le tribune, Bonucci non ci sta e interviene. Corre verso il muro di maglie rosse che stanno festeggiando, ci si infila in mezzo e prende per un braccio Joao Mario chiedendo spiegazioni sul gesto. A quel punto interviene Antonio Silva, con una certa veemenza: prova a separare il compagno da Bonucci, senza riuscirci, poi lo spinge via con forza. Il capitano bianconero non molla la presa e allora Silva gli va contro a muso duro. Un faccia a faccia nel quale gli punta il dito contro, ad altezza viso, a pochi centimetri da Leonardo. Della serie: hai rotto, ora la pianti.<\/p>\n<p><a class=\"is-partner-link\" href=\"https:\/\/aipredictor.gazzetta.it\/?intcmp=calciomercato\" rel=\"nofollow noopener\" target=\"_blank\">Promo Mondiale 1\u20ac al mese per 3 mesi &#8211; Scopri chi vince con Gazzetta AI Predictor!<\/a><\/p>\n<p>        due 7 in pagella\u2014 \u00a0<\/p>\n<p class=\"paragraph\" spellcheck=\"true\">Il momento di tensione scorre via cos\u00ec, non \u00e8 una cartolina particolarmente strana, sono scene che si vedono cento volte in una stagione. A colpire \u00e8 il fatto che Antonio Silva in quel momento ha solo 18 anni, non sta giocando nel suo stadio e non si \u00e8 fatto mezzo scrupolo nel puntare il dito contro il capitano 35enne degli avversari, uno dei difensori pi\u00f9 iconici al mondo. Nei giorni successivi il portoghese spiegher\u00e0 cos\u00ec l&#8217;episodio e il suo modo di comportarsi: &#8220;Tutti conoscono la storia di Bonucci nel calcio europeo, ma in campo i nomi non contano, la cosa pi\u00f9 importante \u00e8 difendere il Benfica, ed \u00e8 quello che ho cercato di fare&#8221;. Ecco, questo \u00e8 il &#8220;caratterino&#8221; di Silva, che comunque in quel doppio confronto con la Juve and\u00f2 decisamente bene anche in termini di prestazione. Nella partita di Torino prese 7 in pagella, accompagnato da questo giudizio: &#8220;Non ha un buon piede ma il fisico \u00e8 imponente e lui lo usa benissimo per arginare Vlahovic.\u00a0\u00c8 giovane, ma non sente la pressione e dimostra di avere personalit\u00e0&#8221;. Al ritorno riusc\u00ec persino a segnare, stappando un match che poi termin\u00f2 4-3 per i portoghesi e sanc\u00ec l&#8217;eliminazione della Juve dalla Champions. &#8220;Il diciottenne gioca con la sicurezza di un veterano e non solo in difesa. Ottimo negli anticipi, timbra di testa il primo gol in Champions League. Predestinato&#8221;, fu il giudizio in pagella. Nelle ultimissime stagioni la stella non ha pi\u00f9 brillato cos\u00ec tanto, ma Amorim &#8211; nel caso &#8211; conta di restituirgli la sua luce.<\/p>\n<p class=\"is-copyright\">\u00a9 RIPRODUZIONE RISERVATA<\/p>\n","protected":false},"excerpt":{"rendered":"Champions, settembre 2022, il difensore intervenne duramente contro il capitano della Juve che l&#8217;era presa con Joao Mario.&hellip;\n","protected":false},"author":3,"featured_media":561469,"comment_status":"","ping_status":"","sticky":false,"template":"","format":"standard","meta":{"footnotes":"","_share_on_mastodon":"0"},"categories":[1452],"tags":[119,308678,4432,94704,721,921,309684,309685,8230,1969,1970,13326,10407,4085,14841,1740,5360,5538,27058,1537,90,89,5381,7172,565,1980,6775,4902,2381,309686,76038,1290,3458,63689,31549,1739,245,244],"class_list":["post-561468","post","type-post","status-publish","format-standard","has-post-thumbnail","category-calcio","tag-antonio","tag-antonio-silva","tag-benfica","tag-bonucci","tag-calcio","tag-campo","tag-campo-nomi","tag-campo-nomi-contano","tag-capitano","tag-champions","tag-champions-league","tag-contano","tag-disse","tag-dito","tag-duro","tag-football","tag-gioca","tag-giudizio","tag-interviene","tag-it","tag-italia","tag-italy","tag-joao","tag-joao-mario","tag-juve","tag-league","tag-leonardo","tag-mario","tag-nomi","tag-nomi-contano","tag-pagella","tag-partita","tag-personalita","tag-portoghesi","tag-silva","tag-soccer","tag-sport","tag-sports"],"share_on_mastodon":{"url":"https:\/\/pubeurope.com\/@it\/116833404234611402","error":""},"_links":{"self":[{"href":"https:\/\/www.europesays.com\/it\/wp-json\/wp\/v2\/posts\/561468","targetHints":{"allow":["GET"]}}],"collection":[{"href":"https:\/\/www.europesays.com\/it\/wp-json\/wp\/v2\/posts"}],"about":[{"href":"https:\/\/www.europesays.com\/it\/wp-json\/wp\/v2\/types\/post"}],"author":[{"embeddable":true,"href":"https:\/\/www.europesays.com\/it\/wp-json\/wp\/v2\/users\/3"}],"replies":[{"embeddable":true,"href":"https:\/\/www.europesays.com\/it\/wp-json\/wp\/v2\/comments?post=561468"}],"version-history":[{"count":0,"href":"https:\/\/www.europesays.com\/it\/wp-json\/wp\/v2\/posts\/561468\/revisions"}],"wp:featuredmedia":[{"embeddable":true,"href":"https:\/\/www.europesays.com\/it\/wp-json\/wp\/v2\/media\/561469"}],"wp:attachment":[{"href":"https:\/\/www.europesays.com\/it\/wp-json\/wp\/v2\/media?parent=561468"}],"wp:term":[{"taxonomy":"category","embeddable":true,"href":"https:\/\/www.europesays.com\/it\/wp-json\/wp\/v2\/categories?post=561468"},{"taxonomy":"post_tag","embeddable":true,"href":"https:\/\/www.europesays.com\/it\/wp-json\/wp\/v2\/tags?post=561468"}],"curies":[{"name":"wp","href":"https:\/\/api.w.org\/{rel}","templated":true}]}}