{"id":561573,"date":"2026-06-29T13:56:15","date_gmt":"2026-06-29T13:56:15","guid":{"rendered":"https:\/\/www.europesays.com\/it\/561573\/"},"modified":"2026-06-29T13:56:15","modified_gmt":"2026-06-29T13:56:15","slug":"geolier-annuncia-sei-date-al-maradona-nel-2027-suonero-solo-a-napoli-e-le-prime-tre-sono-gia-sold-out","status":"publish","type":"post","link":"https:\/\/www.europesays.com\/it\/561573\/","title":{"rendered":"Geolier annuncia: \u00abSei date al Maradona nel 2027, suoner\u00f2 solo a Napoli\u00bb. E le prime tre sono gi\u00e0 sold out"},"content":{"rendered":"<p>    di<br \/>\n    Chiara Marasca<\/p>\n<p class=\"summary-art is-line-h-12\">Il rapper chiude la tripletta allo stadio della sua citt\u00e0 &#8211; 150mila presenze -con l&#8217;annuncio dell&#8217;evento \u00abNapoli \u00e8 casa tua\u00bb, per il giugno del 2027<\/p>\n<p class=\"chapter-paragraph\">\u00abL\u2019anno prossimo suoner\u00f2 solo a Napoli. E le date saranno sei\u00bb, annuncia <b>Geolier<\/b> dal palco e in diretta globale di Prime Video e sul canale Twitch dell&#8217;app di Amazon Music, dove domenica sera \u00e8 stata trasmessa<a href=\"https:\/\/napoli.corriere.it\/notizie\/spettacoli\/26_giugno_26\/geolier-al-maradona-accoglie-50-cent-e-lo-stadio-e-una-sola-voce-al-primo-dei-3-show-per-150-000-spettatori-3744636b-ed79-420c-98e9-1f8a290cdxlk.shtml\" title=\"Geolier al Maradona accoglie 50 Cent e lo stadio \u00e8 una sola voce: il primo dei 3 show per 150.000 spettatori\" rel=\"nofollow noopener\" target=\"_blank\"> la sua terza esibizione live al Maradona.<\/a>\u00a0Ed \u00e8 gi\u00e0 febbre tra i fan del rapper, che allo stadio di Napoli hanno accolto questa notizia con un boato, e che sul web hanno gi\u00e0 acquistato tutti i biglietti per le prime tre date dei concerti annunciati per il 2027. In meno di 48 ore. <b>Si parte il 9 giugno, poi il 10 e l&#8217;11 e 13, 14 e 15.<\/b> Per un evento &#8211; organizzato da Magellano Concerti &#8211; che si prospetta per 300mila persone, che Geolier ha voluto chiamare\u00a0\u00ab<b>Napoli \u00e8 casa tua<\/b>\u00bb e con il quale invita i fan di tutta Italia a venire nella sua citt\u00e0 per ascoltarlo.\u00a0<\/p>\n<p class=\"chapter-paragraph\">\u00abViversi Napoli per entrare nel mondo di Emanuele\u00bb, spiega una nota, perch\u00e9 \u00abin quei giorni, la citt\u00e0 sar\u00e0 animata da attivit\u00e0, eventi e appuntamenti collaterali ai concerti\u00bb del <a href=\"https:\/\/napoli.corriere.it\/notizie\/spettacoli\/26_giugno_26\/geolier-e-il-primo-artista-musicale-italiano-a-cui-google-dedica-un-easter-egg-36ce4f96-970e-4746-9a02-8b2968f1dxlk.shtml\" rel=\"nofollow noopener\" target=\"_blank\">rapper dei record<\/a>, in diversi luoghi del territorio. L&#8217;obiettivo della produzione \u00e8 quello di trasformare i giorni dei live in un\u2019esperienza totalizzante attraverso le persone, la cultura e l\u2019energia che da sempre contraddistinguono il capoluogo campano: \u00abPerch\u00e9 Napoli non \u00e8 soltanto il posto da cui l\u2019artista viene: Napoli \u00e8 la casa di Geolier ed \u00e8 pronta a diventare la casa di tutti\u00bb.    &#13;<br \/>\n&#13;<br \/>\n&#13;<br \/>\n&#13;<br \/>\n&#13;<br \/>\n&#13;<br \/>\n&#13;<br \/>\n&#13;<br \/>\n&#13;<br \/>\n&#13;<br \/>\n&#13;<br \/>\n&#13;<br \/>\n&#13;<br \/>\n&#13;<br \/>\n&#13;<br \/>\n&#13;<br \/>\n&#13;<br \/>\n&#13;<br \/>\n&#13;<br \/>\n&#13;<br \/>\n&#13;<br \/>\n&#13;<br \/>\n&#13;<br \/>\n&#13;<br \/>\n&#13;<br \/>\n&#13;<br \/>\n&#13;<br \/>\n&#13;<br \/>\n&#13;<br \/>\n&#13;<br \/>\n&#13;<br \/>\n&#13;<br \/>\n&#13;<br \/>\n&#13;<br \/>\n&#13;<br \/>\n&#13;<br \/>\n&#13;<br \/>\n&#13;<br \/>\n&#13;<br \/>\n&#13;<br \/>\n&#13;<br \/>\n&#13;<br \/>\n&#13;<br \/>\n&#13;<br \/>\n&#13;<br \/>\n&#13;<br \/>\n&#13;<br \/>\n&#13;<br \/>\n&#13;<br \/>\n&#13;<br \/>\n&#13;<br \/>\n&#13;<br \/>\n&#13;\n<\/p>\n<p class=\"chapter-paragraph\">Il sipario sul primo tour negli stadi di Geolier si \u00e8 chiuso nel modo pi\u00f9 spettacolare possibile. Dopo l&#8217;esordio a San Siro e i sold out all&#8217;Olimpico e al Franco Scoglio, l&#8217;artista ha completato <a href=\"https:\/\/napoli.corriere.it\/notizie\/spettacoli\/26_giugno_26\/geolier-al-maradona-accoglie-50-cent-e-lo-stadio-e-una-sola-voce-al-primo-dei-3-show-per-150-000-spettatori-3744636b-ed79-420c-98e9-1f8a290cdxlk.shtml\" title=\"Geolier al Maradona accoglie 50 Cent e lo stadio \u00e8 una sola voce: il primo dei 3 show per 150.000 spettatori\" rel=\"nofollow noopener\" target=\"_blank\">la storica tripletta di concerti sold out allo Stadio Diego Armando Maradona <\/a>davanti a 150.000 spettatori complessivi.<\/p>\n<p class=\"chapter-paragraph\">Sul palco con lui il 26 giugno la leggenda dell&#8217;hip hop mondiale <b>50 Cent<\/b> ha raggiunto Geolier per la prima esibizione live di &#8220;Phantom&#8221;, la loro collaborazione contenuta nell&#8217;album \u201cTutto \u00e8 possibile&#8221;. Nelle tre serate al Maradona sono saliti sul palco anche Sfera Ebbasta, ANNA, Luch\u00e8, la SLF e l&#8217;inseparabile MV Killa, presenza simbolica lungo tutto il tour. Ospiti che si aggiungono a quelli delle precedenti tappe, da Lazza e Shiva a Milano, Kid Yugi a Milano e Roma e Achille Lauro a Roma.<\/p>\n<p class=\"is-mr-t-20 is-mr-b-20\"><b><br \/>\n                    <a href=\"https:\/\/napoli.corriere.it\/?intcmp=Notizielocali_nd_010623_corriere_ss_mezzogior\" target=\"_blank\" rel=\"nofollow noopener\">Vai a tutte le notizie di Napoli<\/a><br \/>\n            <\/b><\/p>\n<p class=\"chapter-paragraph\"><b><a href=\"https:\/\/www.corriere.it\/newsletter\/?theme=50&amp;intcmp=NL-artic_nd_050624_corriere_ss_mezzogior\" target=\"_blank\" rel=\"nofollow noopener\">Iscriviti alla newsletter del Corriere del Mezzogiorno Campania<\/a><\/b><\/p>\n<p class=\"is-last-update\" datetime=\"2026-06-29T15:24:04+02:00\">29 giugno 2026 ( modifica il 29 giugno 2026 | 15:24)<\/p>\n<p class=\"is-copyright\">\n            \u00a9 RIPRODUZIONE RISERVATA\n        <\/p>\n","protected":false},"excerpt":{"rendered":"di Chiara Marasca Il rapper chiude la tripletta allo stadio della sua citt\u00e0 &#8211; 150mila presenze -con l&#8217;annuncio&hellip;\n","protected":false},"author":3,"featured_media":561574,"comment_status":"","ping_status":"","sticky":false,"template":"","format":"standard","meta":{"footnotes":"","_share_on_mastodon":"0"},"categories":[1443],"tags":[271,2852,2943,10696,203,12856,309758,451,5700,9630,1148,204,1537,90,89,1562,11997,28,1538,1539,248,12038,2298,4565,4425,2399,987,39387,39388,2957,309759,309760],"class_list":["post-561573","post","type-post","status-publish","format-standard","has-post-thumbnail","category-musica","tag-annuncia","tag-artista","tag-concerti","tag-date","tag-entertainment","tag-esibizione","tag-esibizione-live","tag-evento","tag-fan","tag-geolier","tag-giugno","tag-intrattenimento","tag-it","tag-italia","tag-italy","tag-live","tag-maradona","tag-milano","tag-music","tag-musica","tag-napoli","tag-out","tag-palco","tag-possibile","tag-prime","tag-rapper","tag-roma","tag-sold","tag-sold-out","tag-stadio","tag-suonero","tag-suonero-napoli"],"share_on_mastodon":{"url":"https:\/\/pubeurope.com\/@it\/116833746167396626","error":""},"_links":{"self":[{"href":"https:\/\/www.europesays.com\/it\/wp-json\/wp\/v2\/posts\/561573","targetHints":{"allow":["GET"]}}],"collection":[{"href":"https:\/\/www.europesays.com\/it\/wp-json\/wp\/v2\/posts"}],"about":[{"href":"https:\/\/www.europesays.com\/it\/wp-json\/wp\/v2\/types\/post"}],"author":[{"embeddable":true,"href":"https:\/\/www.europesays.com\/it\/wp-json\/wp\/v2\/users\/3"}],"replies":[{"embeddable":true,"href":"https:\/\/www.europesays.com\/it\/wp-json\/wp\/v2\/comments?post=561573"}],"version-history":[{"count":0,"href":"https:\/\/www.europesays.com\/it\/wp-json\/wp\/v2\/posts\/561573\/revisions"}],"wp:featuredmedia":[{"embeddable":true,"href":"https:\/\/www.europesays.com\/it\/wp-json\/wp\/v2\/media\/561574"}],"wp:attachment":[{"href":"https:\/\/www.europesays.com\/it\/wp-json\/wp\/v2\/media?parent=561573"}],"wp:term":[{"taxonomy":"category","embeddable":true,"href":"https:\/\/www.europesays.com\/it\/wp-json\/wp\/v2\/categories?post=561573"},{"taxonomy":"post_tag","embeddable":true,"href":"https:\/\/www.europesays.com\/it\/wp-json\/wp\/v2\/tags?post=561573"}],"curies":[{"name":"wp","href":"https:\/\/api.w.org\/{rel}","templated":true}]}}