{"id":561659,"date":"2026-06-29T15:13:14","date_gmt":"2026-06-29T15:13:14","guid":{"rendered":"https:\/\/www.europesays.com\/it\/561659\/"},"modified":"2026-06-29T15:13:14","modified_gmt":"2026-06-29T15:13:14","slug":"eva-green-come-sta-lattrice-trasportata-durgenza-in-ospedale","status":"publish","type":"post","link":"https:\/\/www.europesays.com\/it\/561659\/","title":{"rendered":"Eva Green come sta? L&#8217;attrice trasportata d&#8217;urgenza in ospedale"},"content":{"rendered":"<p>                                Incidente alla gamba per l&#8217;attrice, attesa nel ruolo di zia Ophelia nella terza stagione della serie Netflix<\/p>\n<p>                    29 giugno &#8211; 15:59  &#8211; MILANO<\/p>\n<p class=\"paragraph\" spellcheck=\"true\">Momenti di paura durante le riprese della terza stagione di Mercoled\u00ec.\u00a0<b>Eva Green<\/b>, tra le new entry del cast della serie Netflix, \u00e8 rimasta <b>coinvolta in un incidente<\/b> durante una scena girata nei pressi di Dublino ed \u00e8 stata <b>accompagnata d&#8217;urgenza in ospedale<\/b>. La produzione avrebbe <b>sospeso temporaneamente<\/b> i lavori per permettere all&#8217;attrice di ricevere le cure necessarie.<\/p>\n<p>        Eva Green come sta\u2014 \u00a0<\/p>\n<p class=\"paragraph\" spellcheck=\"true\">Stando alle ricostruzioni apparse sui media britannici, l&#8217;<a href=\"https:\/\/www.gazzetta.it\/running\/storie\/27-02-2024\/eva-green-milady-al-cinema-l-attrice-che-odia-le-diete-e-ama-correre\/eva-green-e-milady.shtml\" target=\"_blank\" rel=\"nofollow noopener\">attrice 45enne<\/a> avrebbe riportato un <b>infortunio a una gamba<\/b> mentre era impegnata sul set. Per ora non risultano ulteriori\u00a0dettagli sulla dinamica dell&#8217;accaduto n\u00e9 sulla gravit\u00e0 della lesione. Dalla diretta interessata e dalla piattaforma, finora, non sono giunti commenti. Le indiscrezioni, tuttavia, riferiscono che le sue condizioni <b>non desterebbero particolare preoccupazione<\/b> e che il ricovero sarebbe stato disposto per svolgere gli <b>accertamenti del caso<\/b>.<\/p>\n<p>        Mercoled\u00ec 3, la nuova stagione\u2014 \u00a0<\/p>\n<p class=\"paragraph\" spellcheck=\"true\">L&#8217;ufficializzazione della nuova stagione \u00e8 arrivata ancor prima del <a href=\"https:\/\/www.gazzetta.it\/tv\/storie\/06-08-2025\/mercoledi-su-netflix-la-seconda-stagione-dal-6-agosto-2025-trama-cast-curiosita\/mercoledi-addams-la-seconda-stagione-su-netflix.shtml\" target=\"_blank\" rel=\"nofollow noopener\">debutto della seconda<\/a>. Le riprese sono attualmente in corso in Irlanda, ma una recente immagine diffusa dal set lascia intuire che la storia potrebbe spostarsi, almeno in parte, <b>anche a Parigi<\/b>. Gli ideatori Alfred Gough e Miles Millar hanno anticipato che i prossimi episodi approfondiranno ulteriormente i personaggi gi\u00e0 conosciuti, allargheranno l&#8217;universo della serie e porteranno in scena altri membri della famiglia Addams, insieme a nuovi segreti di famiglia. Sulla data d&#8217;uscita e sui dettagli della trama, tuttavia, le bocche restano rigorosamente cucite.<\/p>\n<p><a class=\"is-partner-link\" href=\"https:\/\/abbonamenti.gazzetta.it\/de-promo-mondiali\/?pwcmp=cta&amp;forceBrowser=true\" rel=\"nofollow noopener\" target=\"_blank\">Gazzetta Mondiale: ogni notte un\u2019edizione straordinaria esclusiva. Non perdertela, abbonati a 1\u20ac\/mese!<\/a><\/p>\n<p class=\"paragraph\" spellcheck=\"true\">Nella terza stagione della serie, Eva Green interpreter\u00e0 l&#8217;enigmatica<b>\u00a0zia Ophelia<\/b>, un nuovo personaggio che andr\u00e0 ad arricchire l&#8217;universo della famiglia Addams. Si tratta di una nuova\u00a0collaborazione con <a href=\"https:\/\/www.gazzetta.it\/gossip\/19-09-2025\/monica-bellucci-e-tim-burton-amore-finito-si-sono-lasciati.shtml\" target=\"_blank\" rel=\"nofollow noopener\">Tim Burton<\/a>, che in passato aveva gi\u00e0 diretto l&#8217;attrice in Dark Shadows, Miss Peregrine &#8211; La casa dei ragazzi speciali e Dumbo. Eva Green non \u00e8 per\u00f2 l&#8217;unica novit\u00e0. Ai protagonisti storici di\u00a0Mercoled\u00ec, da\u00a0<b>Jenna Ortega<\/b> a <a href=\"https:\/\/www.gazzetta.it\/tv\/26-09-2024\/catherine-zeta-jones-nuda-sui-social-per-michael-douglas-ecco-perche.shtml\" target=\"_blank\" rel=\"nofollow noopener\">Catherine Zeta-Jones<\/a>, si aggiungono infatti molti altri volti come <b>Lena Headey, Andrew McCarthy, James Lance, Winona Ryder,\u00a0Chris Sarandon, Noah Taylor, Oscar Morgan e Kennedy Moyer<\/b>.<\/p>\n<p class=\"is-above-copyright is-mr-r-10\" spellcheck=\"true\">La Gazzetta dello Sport<\/p>\n<p class=\"is-copyright\">\u00a9 RIPRODUZIONE RISERVATA<\/p>\n","protected":false},"excerpt":{"rendered":"Incidente alla gamba per l&#8217;attrice, attesa nel ruolo di zia Ophelia nella terza stagione della serie Netflix 29&hellip;\n","protected":false},"author":3,"featured_media":561660,"comment_status":"","ping_status":"","sticky":false,"template":"","format":"standard","meta":{"footnotes":"","_share_on_mastodon":"0"},"categories":[1451],"tags":[8826,7738,1621,1620,5114,203,19922,309080,1909,13712,10010,755,298,2885,204,1537,90,89,4559,3166,273,11917,309800,812,8334,2986,1821,131767,3645,577,3586,88453],"class_list":["post-561659","post","type-post","status-publish","format-standard","has-post-thumbnail","category-celebrita","tag-addams","tag-attrice","tag-celebrita","tag-celebrities","tag-dettagli","tag-entertainment","tag-eva","tag-eva-green","tag-famiglia","tag-famiglia-addams","tag-gamba","tag-green","tag-incidente","tag-infortunio","tag-intrattenimento","tag-it","tag-italia","tag-italy","tag-mercoledi","tag-netflix","tag-nuova","tag-nuova-stagione","tag-ophelia","tag-ospedale","tag-riprese","tag-scena","tag-serie","tag-serie-netflix","tag-set","tag-stagione","tag-terza","tag-terza-stagione"],"share_on_mastodon":{"url":"https:\/\/pubeurope.com\/@it\/116834048882611022","error":""},"_links":{"self":[{"href":"https:\/\/www.europesays.com\/it\/wp-json\/wp\/v2\/posts\/561659","targetHints":{"allow":["GET"]}}],"collection":[{"href":"https:\/\/www.europesays.com\/it\/wp-json\/wp\/v2\/posts"}],"about":[{"href":"https:\/\/www.europesays.com\/it\/wp-json\/wp\/v2\/types\/post"}],"author":[{"embeddable":true,"href":"https:\/\/www.europesays.com\/it\/wp-json\/wp\/v2\/users\/3"}],"replies":[{"embeddable":true,"href":"https:\/\/www.europesays.com\/it\/wp-json\/wp\/v2\/comments?post=561659"}],"version-history":[{"count":0,"href":"https:\/\/www.europesays.com\/it\/wp-json\/wp\/v2\/posts\/561659\/revisions"}],"wp:featuredmedia":[{"embeddable":true,"href":"https:\/\/www.europesays.com\/it\/wp-json\/wp\/v2\/media\/561660"}],"wp:attachment":[{"href":"https:\/\/www.europesays.com\/it\/wp-json\/wp\/v2\/media?parent=561659"}],"wp:term":[{"taxonomy":"category","embeddable":true,"href":"https:\/\/www.europesays.com\/it\/wp-json\/wp\/v2\/categories?post=561659"},{"taxonomy":"post_tag","embeddable":true,"href":"https:\/\/www.europesays.com\/it\/wp-json\/wp\/v2\/tags?post=561659"}],"curies":[{"name":"wp","href":"https:\/\/api.w.org\/{rel}","templated":true}]}}