{"id":561825,"date":"2026-06-29T17:33:18","date_gmt":"2026-06-29T17:33:18","guid":{"rendered":"https:\/\/www.europesays.com\/it\/561825\/"},"modified":"2026-06-29T17:33:18","modified_gmt":"2026-06-29T17:33:18","slug":"unestate-sullisola-di-hitchcock-linstallazione-e-il-documentario","status":"publish","type":"post","link":"https:\/\/www.europesays.com\/it\/561825\/","title":{"rendered":"Un\u2019estate sull\u2019Isola di Hitchcock: l\u2019installazione e il documentario"},"content":{"rendered":"\n<p>Un luogo simbolo del lago di Como si trasforma per tutta l\u2019estate e oltre in una porta d\u2019accesso all\u2019universo del maestro del brivido. Fino a ottobre la chiesa di Santa Maria Maddalena di Ossuccio ospita infatti \u201cHitchcock island\u201d, un percorso multimediale che intreccia cinema, storia e arte, riportando al centro un capitolo poco noto della biografia del grande cineasta britannico. L\u2019allestimento, gi\u00e0 accolto con successo a Como, accompagna il visitatore in un\u2019esperienza immersiva fatta di immagini, proiezioni, suoni e documenti d\u2019epoca, costruiti come un unico racconto. <\/p>\n<p>  Cento anni dopo <\/p>\n<p>Il progetto nasce dall\u2019omonimo documentario realizzato dalla cooperativa Dreamers, firmato dal regista comasco Paolo Lipari, che insieme al critico cinematografico Gianni Canova ha curato anche il percorso espositivo. Al centro della narrazione c\u2019\u00e8 il legame che Hitchcock svilupp\u00f2 con l\u2019Isola Comacina. Era il 1925 quando il regista la scelse come ambientazione di alcune scene fondamentali del suo primo lungometraggio, \u201cThe pleasure garden\u201d. Da quel momento l\u2019isola divent\u00f2 un luogo speciale della sua vita privata: vi trascorse il viaggio di nozze e continu\u00f2 a tornarvi per decenni, fino al 1972. Un rapporto profondo, alimentato da fascino, mistero e ispirazione, che l\u2019installazione ricostruisce senza svelarne subito il significato, ma accompagnando il pubblico in un percorso ricco di indizi, testimonianze e suggestioni sonore, fino a una conclusione fondata su documenti storici. Tra gli aspetti pi\u00f9 sorprendenti emerge anche il progetto mai realizzato di \u201cMary Rose\u201d, il film che Hitchcock considerava il suo sogno artistico e che avrebbe voluto ambientare proprio nell\u2019atmosfera sospesa dell\u2019isola lariana. Un\u2019opera rimasta incompiuta, ma che testimonia quanto quel luogo abbia continuato ad alimentare la sua immaginazione. Accanto all\u2019esposizione viene proiettato anche il documentario \u201cHitchcock island\u201d, che approfondisce ulteriormente la relazione tra il cineasta e l\u2019Isola Comacina attraverso materiali d\u2019archivio e ricostruzioni. <\/p>\n<p>  La proiezione a Como <\/p>\n<p>Questo film verr\u00e0 riproposto anche a Como, marted\u00ec 30, a Palazzo Olginati alle 21.15, assieme a \u201cThe pleasure garden\u201d sonorizzato dal vivo da Francesca Badalini, nell\u2019ambito della rassegna \u201cAl chiaro di cinema\u201d. La struttura multimediale \u00e8 stata realizzata da Olo Creative Farm, mentre l\u2019artista comasco Emilio Alberti ha creato una grande scultura dell\u2019Isola Comacina, valorizzata da un gioco di luci e videoproiezioni. Pi\u00f9 che una mostra dedicata agli appassionati del regista britannico, \u201cHitchcock island\u201d si propone come un\u2019occasione per riscoprire il valore del cinema d\u2019autore e, allo stesso tempo, il patrimonio culturale e paesaggistico del Lario. Un\u2019iniziativa resa possibile grazie al sostegno del Comune di Tremezzina e alla collaborazione di numerosi partner locali. Proprio il Comune lariano ha acquistato l\u2019intera opera: la speranza \u00e8 che abbia trovato la sua casa definitiva, anche dopo il termine previsto. L\u2019esposizione \u00e8 visitabile nella chiesa di Santa Maria Maddalena di Ossuccio dal gioved\u00ec alla domenica, dalle 11 alle 17, e rester\u00e0 aperta fino al mese di ottobre.<\/p>\n","protected":false},"excerpt":{"rendered":"Un luogo simbolo del lago di Como si trasforma per tutta l\u2019estate e oltre in una porta d\u2019accesso&hellip;\n","protected":false},"author":3,"featured_media":561826,"comment_status":"","ping_status":"","sticky":false,"template":"","format":"standard","meta":{"footnotes":"","_share_on_mastodon":"0"},"categories":[1442],"tags":[73077,73080,1615,5880,640,1644,309848,309850,203,454,309849,296541,204,1537,90,89,1521,8399,309851,5486],"class_list":["post-561825","post","type-post","status-publish","format-standard","has-post-thumbnail","category-film","tag-alessio-brunialti","tag-alfred-hitchcock","tag-arte","tag-biblioteche","tag-cinema","tag-cultura","tag-dreamers","tag-emilio-alberti","tag-entertainment","tag-film","tag-francesca-badalini","tag-gianni-canova","tag-intrattenimento","tag-it","tag-italia","tag-italy","tag-movies","tag-musei","tag-paolo-lipari","tag-televisione"],"share_on_mastodon":{"url":"https:\/\/pubeurope.com\/@it\/116834599661784913","error":""},"_links":{"self":[{"href":"https:\/\/www.europesays.com\/it\/wp-json\/wp\/v2\/posts\/561825","targetHints":{"allow":["GET"]}}],"collection":[{"href":"https:\/\/www.europesays.com\/it\/wp-json\/wp\/v2\/posts"}],"about":[{"href":"https:\/\/www.europesays.com\/it\/wp-json\/wp\/v2\/types\/post"}],"author":[{"embeddable":true,"href":"https:\/\/www.europesays.com\/it\/wp-json\/wp\/v2\/users\/3"}],"replies":[{"embeddable":true,"href":"https:\/\/www.europesays.com\/it\/wp-json\/wp\/v2\/comments?post=561825"}],"version-history":[{"count":0,"href":"https:\/\/www.europesays.com\/it\/wp-json\/wp\/v2\/posts\/561825\/revisions"}],"wp:featuredmedia":[{"embeddable":true,"href":"https:\/\/www.europesays.com\/it\/wp-json\/wp\/v2\/media\/561826"}],"wp:attachment":[{"href":"https:\/\/www.europesays.com\/it\/wp-json\/wp\/v2\/media?parent=561825"}],"wp:term":[{"taxonomy":"category","embeddable":true,"href":"https:\/\/www.europesays.com\/it\/wp-json\/wp\/v2\/categories?post=561825"},{"taxonomy":"post_tag","embeddable":true,"href":"https:\/\/www.europesays.com\/it\/wp-json\/wp\/v2\/tags?post=561825"}],"curies":[{"name":"wp","href":"https:\/\/api.w.org\/{rel}","templated":true}]}}