{"id":561917,"date":"2026-06-29T18:50:17","date_gmt":"2026-06-29T18:50:17","guid":{"rendered":"https:\/\/www.europesays.com\/it\/561917\/"},"modified":"2026-06-29T18:50:17","modified_gmt":"2026-06-29T18:50:17","slug":"juventus-carnevali-su-kolo-muani-dibu-martinez-e-vlahovic","status":"publish","type":"post","link":"https:\/\/www.europesays.com\/it\/561917\/","title":{"rendered":"Juventus, Carnevali su Kolo Muani, Dibu Martinez e Vlahovic"},"content":{"rendered":"<p>                                Il dirigente alla prima uscita da ad del club bianconero: &#8220;Serve pazienza e cercare di non sbagliare sul mercato&#8221;<\/p>\n<p>            <a class=\"image is-50x50\" href=\"https:\/\/www.gazzetta.it\/redazione\/fabiana-della-valle\/\" rel=\"nofollow noopener\" target=\"_blank\"><br \/>\n                <img decoding=\"async\" class=\"is-rounded\" src=\"https:\/\/www.europesays.com\/it\/wp-content\/uploads\/2025\/12\/fabiana_della_valle_avatar.png\" alt=\"Fabiana Della Valle\"\/><br \/>\n            <\/a><\/p>\n<p>Giornalista<\/p>\n<p>                    29 giugno &#8211; 20:00  &#8211; MILANO<\/p>\n<p class=\"paragraph\" spellcheck=\"true\">Abbronzato e anche un filino emozionato. Giovanni Carnevali fa la sua prima uscita pubblica da amministratore delegato della Juventus a Rimini, in occasione dell\u2019annuale evento di apertura del calciomercato, organizzato dalla Master Group. &#8220;\u00c8 un mix di tante cose, ci sono le emozioni ma anche la consapevolezza di dover fare un lavoro importante. Bisogna avere pazienza e cercare di non sbagliare sul mercato\u201d, racconta.\u00a0<\/p>\n<p>        kolo vicino\u2014 \u00a0<\/p>\n<p class=\"paragraph\" spellcheck=\"true\">Gli argomenti sul tavolo sono tanti, a cominciare da Randal Kolo Muani, attaccante del Psg che ha giocato sei mesi nella Juventus nel 2024-25 e con cui c\u2019\u00e8 gi\u00e0 un accordo di massima. \u201cPortiere e attaccante sono due pedine fondamentali. Per Kolo Muani ci sono state delle difficolt\u00e0 in passato pi\u00f9 a livello personale che di club, ora stiamo ricucendo: con il Psg bisogna trovare le condizioni giuste, \u00e8 solo una questione economica\u201d. Quanto al portiere, il primo nome sulla lista \u00e8 quello di Dibu Martinez dell\u2019Aston Villa: \u201c\u00c8 un giocatore importante, di valore ed esperienza. Per\u00f2 stiamo valutando anche alti profili: Vicario pu\u00f2 interessare ma non abbiamo fretta di chiudere. Serve un giocatore che abbia la voglia di venire alla Juventus\u201d.<\/p>\n<p>        stallo miretti-Lucum\u00ed\u2014 \u00a0<\/p>\n<p class=\"paragraph\" spellcheck=\"true\">\u00a0Con il Bologna invece c\u2019\u00e8 un doppio binario aperto per Fabio Miretti e Jhon Lucum\u00ed: \u201cCrediamo in Miretti, un giocatore che ha un valore e al momento non ci sono le condizioni giuste per cederlo. Quanto a Lucumi, ha una clausola di 28 milioni, ci interessa ma non a queste condizioni\u201d.\u00a0<\/p>\n<p><a class=\"is-partner-link\" href=\"https:\/\/abbonamenti.gazzetta.it\/de-promo-mondiali\/?pwcmp=cta&amp;forceBrowser=true\" rel=\"nofollow noopener\" target=\"_blank\">Gazzetta Mondiale: ogni notte un\u2019edizione straordinaria esclusiva. Non perdertela, abbonati a 1\u20ac\/mese!<\/a><\/p>\n<p>        vlahovic lontano\u2014 \u00a0<\/p>\n<p class=\"paragraph\" spellcheck=\"true\">Nessuna riapertura del dossier Dusan Vlahovic, che dal primo luglio non sar\u00e0 pi\u00f9 un giocatore della Juventus: \u201cIo personalmente non ho mai parlato con Vlahovic, \u00e8 un giocatore importante ma oggi non \u00e8 nei nostri pensieri. Poi tutto pu\u00f2 succedere\u201d. Il difensore Tarik Muharemovic invece potrebbe tornare in bianconero dopo l\u2019esperienza al Sassuolo: \u201cLo conosco bene e so qual \u00e8 il suo valore. \u00c8 ancora nostro al 50%, dobbiamo stare attenti a che tipo di richieste arrivano\u201d. Infine l\u2019ipotesi di scambio Cambiaso-Frattesi con l\u2019Inter: \u201cHo rapporti ottimi con tanti dirigenti, non solo con Marotta, ma non ci siamo ancora visti\u201d.<\/p>\n<p class=\"is-copyright\">\u00a9 RIPRODUZIONE RISERVATA<\/p>\n","protected":false},"excerpt":{"rendered":"Il dirigente alla prima uscita da ad del club bianconero: &#8220;Serve pazienza e cercare di non sbagliare sul&hellip;\n","protected":false},"author":3,"featured_media":561918,"comment_status":"","ping_status":"","sticky":false,"template":"","format":"standard","meta":{"footnotes":"","_share_on_mastodon":"0"},"categories":[1452],"tags":[562,10575,3439,721,6963,2138,309894,309895,554,3858,309896,59957,59958,4876,1740,564,23275,10322,48,1537,90,89,558,572,573,7186,576,1739,245,244,3806,578],"class_list":["post-561917","post","type-post","status-publish","format-standard","has-post-thumbnail","category-calcio","tag-attaccante","tag-bianconero","tag-bisogna","tag-calcio","tag-carnevali","tag-cercare","tag-cercare-sbagliare","tag-cercare-sbagliare-mercato","tag-club","tag-condizioni","tag-condizioni-giuste","tag-dibu","tag-dibu-martinez","tag-esperienza","tag-football","tag-giocatore","tag-giocatore-importante","tag-giuste","tag-importante","tag-it","tag-italia","tag-italy","tag-juventus","tag-kolo","tag-kolo-muani","tag-miretti","tag-muani","tag-soccer","tag-sport","tag-sports","tag-valore","tag-vlahovic"],"share_on_mastodon":{"url":"https:\/\/pubeurope.com\/@it\/116834902857306183","error":""},"_links":{"self":[{"href":"https:\/\/www.europesays.com\/it\/wp-json\/wp\/v2\/posts\/561917","targetHints":{"allow":["GET"]}}],"collection":[{"href":"https:\/\/www.europesays.com\/it\/wp-json\/wp\/v2\/posts"}],"about":[{"href":"https:\/\/www.europesays.com\/it\/wp-json\/wp\/v2\/types\/post"}],"author":[{"embeddable":true,"href":"https:\/\/www.europesays.com\/it\/wp-json\/wp\/v2\/users\/3"}],"replies":[{"embeddable":true,"href":"https:\/\/www.europesays.com\/it\/wp-json\/wp\/v2\/comments?post=561917"}],"version-history":[{"count":0,"href":"https:\/\/www.europesays.com\/it\/wp-json\/wp\/v2\/posts\/561917\/revisions"}],"wp:featuredmedia":[{"embeddable":true,"href":"https:\/\/www.europesays.com\/it\/wp-json\/wp\/v2\/media\/561918"}],"wp:attachment":[{"href":"https:\/\/www.europesays.com\/it\/wp-json\/wp\/v2\/media?parent=561917"}],"wp:term":[{"taxonomy":"category","embeddable":true,"href":"https:\/\/www.europesays.com\/it\/wp-json\/wp\/v2\/categories?post=561917"},{"taxonomy":"post_tag","embeddable":true,"href":"https:\/\/www.europesays.com\/it\/wp-json\/wp\/v2\/tags?post=561917"}],"curies":[{"name":"wp","href":"https:\/\/api.w.org\/{rel}","templated":true}]}}