{"id":561948,"date":"2026-06-29T19:17:16","date_gmt":"2026-06-29T19:17:16","guid":{"rendered":"https:\/\/www.europesays.com\/it\/561948\/"},"modified":"2026-06-29T19:17:16","modified_gmt":"2026-06-29T19:17:16","slug":"milan-il-futuro-di-leao-passa-da-un-colloquio-con-amorim","status":"publish","type":"post","link":"https:\/\/www.europesays.com\/it\/561948\/","title":{"rendered":"Milan, il futuro di Leao passa da un colloquio con Amorim"},"content":{"rendered":"<p>                                Dopo il Mondiale Rafa parler\u00e0 con l&#8217;allenatore e si capir\u00e0 se esistono margini per andare avanti insieme. Per il club per\u00f2 resta uno dei primi nomi sulla lista dei cedibili<\/p>\n<p>            <a class=\"image is-50x50\" href=\"https:\/\/www.gazzetta.it\/redazione\/marco-pasotto\/\" rel=\"nofollow noopener\" target=\"_blank\"><br \/>\n                <img decoding=\"async\" class=\"is-rounded\" src=\"https:\/\/www.europesays.com\/it\/wp-content\/uploads\/2026\/04\/marco_pasotto_avatar.png\" alt=\"Marco Pasotto\"\/><br \/>\n            <\/a><\/p>\n<p>Giornalista<\/p>\n<p>                    29 giugno &#8211; 20:05  &#8211; MILANO<\/p>\n<p class=\"paragraph\" spellcheck=\"true\">L&#8217;orizzonte da scrutare \u00e8 per forza di cose quello dietro l&#8217;angolo. Quello pi\u00f9 vicino. Ovvero la sfida nella sfida con il compagno di spogliatoio rossonero Modric, in programma all&#8217;1 (ora italiana) del 3 luglio. Nella testa di Rafa Leao ora come ora c&#8217;\u00e8 soltanto &#8211; com&#8217;\u00e8 giusto che sia &#8211; Portogallo-Croazia. Il tempo dei gironi, dei calcoli e delle partite di &#8220;riscaldamento&#8221; \u00e8 finito. Adesso si inizia a fare sul serio, si passa al dentro-fuori e Rafa vuole dare continuit\u00e0 alle ultime due partite. Con l&#8217;Uzbekistan ha finalmente ritrovato le belle sensazioni del gol, con la Colombia ha confermato di essere in fiducia e in condizione anche se in tre uscite Martinez l&#8217;ha tenuto in campo soltanto 46 minuti.<\/p>\n<p>        mercato\u2014 \u00a0<\/p>\n<p class=\"paragraph\" spellcheck=\"true\">Leao pensa alla Croazia, certo, ma allo stesso tempo non pu\u00f2 cancellare del tutto il Milan dai suoi pensieri. Tendiamo a escludere che Rafa ne possa parlare con Luka quando si incroceranno, per\u00f2 \u00e8 indubbio che siano accomunati da un destino incerto. Solo che il croato, grazie all&#8217;esperienza dei suoi 40 anni, \u00e8 stato un filino pi\u00f9 accorto nelle sue dichiarazioni. Decider\u00e0 dopo il Mondiale, inutile provare a estorcergli qualcosa in pi\u00f9. Leao invece arriva dalle forti turbolenze generate tra fine maggio e inizio giugno, quando in termini comunicativi ha sbagliato tutto lo sbagliabile, informando l&#8217;universo di considerarsi a fine corsa col Milan e auto-collocandosi sul mercato. Con una banale predilezione per Inghilterra e Spagna, paesi da cui per\u00f2 nel frattempo non s&#8217;\u00e8 fatto vivo nessuno. La realt\u00e0 dei fatti racconta che non c&#8217;\u00e8 esattamente la fila davanti alla porta di Rafa, e quindi occorre contemplare tutti gli scenari.<\/p>\n<p>        scenari\u2014 \u00a0<\/p>\n<p class=\"paragraph\" spellcheck=\"true\">E&#8217; sicuramente anche per questo che nei giorni scorsi il portoghese ha speso parole molto meno drastiche sul proprio futuro: &#8220;So che Amorim \u00e8 un allenatore molto bravo, ha fatto bene in Portogallo, allo United non \u00e8 andata come voleva ma resta un grande allenatore. Decider\u00f2 la mia vita dopo il Mondiale&#8221;. Parole che possono contenere qualsiasi scenario, a questo punto. Intanto, partiamo da una considerazione certa: Leao agli occhi del club \u00e8 uno dei primissimi nomi nella lista dei cedibili. Lo sarebbe stato anche senza il suo coming out di un mese fa. Se lui considera(va) chiuso il matrimonio col Diavolo, lo stesso vale per la societ\u00e0. E se a questo aggiungiamo che, pur essendo uscito dal settlement agreement, il Milan non pu\u00f2 iniziare a spendere senza un criterio, \u00e8 ragionevole pensare che a RedBird faccia gola il potenziale incasso dalla cessione di Rafa dopo l&#8217;esborso per Gon\u00e7alo Ramos.<\/p>\n<p><a class=\"is-partner-link\" href=\"https:\/\/abbonamenti.gazzetta.it\/de-promo-mondiali\/?pwcmp=cta&amp;forceBrowser=true\" rel=\"nofollow noopener\" target=\"_blank\">Gazzetta Mondiale: ogni notte un\u2019edizione straordinaria esclusiva. Non perdertela, abbonati a 1\u20ac\/mese!<\/a><\/p>\n<p>        valutazione\u2014 \u00a0<\/p>\n<p class=\"paragraph\" spellcheck=\"true\">Di quella cinquantina di milioni per\u00f2 per adesso non c&#8217;\u00e8 nemmeno l&#8217;ombra. Quale, quindi, il prossimo passo? Probabilmente quello decisivo: un faccia a faccia, o quanto meno una telefonata, con Amorim per capire quale strada prendere. Per capire se \u00e8 una strada segnata o magari esiste un bivio. Di certo il giudizio del neo tecnico rossonero sar\u00e0 cruciale: a giudicare dalle dinamiche delle ultime settimane, Amorim \u00e8 un allenatore che conta di pi\u00f9 rispetto ai suoi predecessori. La sua valutazione sar\u00e0 tenuta in grande conto. Se sar\u00e0 pollice verso, occorrer\u00e0 che Rafa porti in via Aldo Rossi un&#8217;offerta all&#8217;altezza. Se sar\u00e0 pollice alto &#8211; attualmente l&#8217;ipotesi meno probabile -, dovr\u00e0 iniziare un paziente e laborioso lavoro di ricucitura con l&#8217;ambiente e contemporaneamente sul campo per assimilare le richieste del tecnico. Che sono, da sempre, molto chiare: sugli esterni serve la doppia fase, serve intensit\u00e0, serve pressione, servono raddoppi. E serve avere continuit\u00e0: a 27 anni Rafa riuscirebbe a rimettersi in gioco in un modo cos\u00ec totale?<\/p>\n<p class=\"is-copyright\">\u00a9 RIPRODUZIONE RISERVATA<\/p>\n","protected":false},"excerpt":{"rendered":"Dopo il Mondiale Rafa parler\u00e0 con l&#8217;allenatore e si capir\u00e0 se esistono margini per andare avanti insieme. Per&hellip;\n","protected":false},"author":3,"featured_media":561949,"comment_status":"","ping_status":"","sticky":false,"template":"","format":"standard","meta":{"footnotes":"","_share_on_mastodon":"0"},"categories":[1452],"tags":[1960,50020,297734,721,921,6880,309914,267038,554,4415,7144,1740,10815,1537,90,89,8007,113,267040,1412,553,1353,2381,309915,309916,4979,4283,3671,44646,17294,1990,1434,9611,39031,2181,3461,1739,245,244,3726,3375,907,2847],"class_list":["post-561948","post","type-post","status-publish","format-standard","has-post-thumbnail","category-calcio","tag-allenatore","tag-amorim","tag-amorim-allenatore","tag-calcio","tag-campo","tag-capire","tag-capire-strada","tag-cedibili","tag-club","tag-continuita","tag-croazia","tag-football","tag-iniziare","tag-it","tag-italia","tag-italy","tag-leao","tag-lista","tag-lista-cedibili","tag-mercato","tag-milan","tag-mondiale","tag-nomi","tag-nomi-lista","tag-nomi-lista-cedibili","tag-parole","tag-partite","tag-passa","tag-pollice","tag-portogallo","tag-rafa","tag-resta","tag-rossonero","tag-scenari","tag-serve","tag-sfida","tag-soccer","tag-sport","tag-sports","tag-strada","tag-tecnico","tag-ultime","tag-valutazione"],"share_on_mastodon":{"url":"https:\/\/pubeurope.com\/@it\/116835008968444077","error":""},"_links":{"self":[{"href":"https:\/\/www.europesays.com\/it\/wp-json\/wp\/v2\/posts\/561948","targetHints":{"allow":["GET"]}}],"collection":[{"href":"https:\/\/www.europesays.com\/it\/wp-json\/wp\/v2\/posts"}],"about":[{"href":"https:\/\/www.europesays.com\/it\/wp-json\/wp\/v2\/types\/post"}],"author":[{"embeddable":true,"href":"https:\/\/www.europesays.com\/it\/wp-json\/wp\/v2\/users\/3"}],"replies":[{"embeddable":true,"href":"https:\/\/www.europesays.com\/it\/wp-json\/wp\/v2\/comments?post=561948"}],"version-history":[{"count":0,"href":"https:\/\/www.europesays.com\/it\/wp-json\/wp\/v2\/posts\/561948\/revisions"}],"wp:featuredmedia":[{"embeddable":true,"href":"https:\/\/www.europesays.com\/it\/wp-json\/wp\/v2\/media\/561949"}],"wp:attachment":[{"href":"https:\/\/www.europesays.com\/it\/wp-json\/wp\/v2\/media?parent=561948"}],"wp:term":[{"taxonomy":"category","embeddable":true,"href":"https:\/\/www.europesays.com\/it\/wp-json\/wp\/v2\/categories?post=561948"},{"taxonomy":"post_tag","embeddable":true,"href":"https:\/\/www.europesays.com\/it\/wp-json\/wp\/v2\/tags?post=561948"}],"curies":[{"name":"wp","href":"https:\/\/api.w.org\/{rel}","templated":true}]}}