{"id":562025,"date":"2026-06-29T20:27:15","date_gmt":"2026-06-29T20:27:15","guid":{"rendered":"https:\/\/www.europesays.com\/it\/562025\/"},"modified":"2026-06-29T20:27:15","modified_gmt":"2026-06-29T20:27:15","slug":"migranti-la-svezia-espelle-chi-non-tiene-una-buona-condotta-anche-senza-reati","status":"publish","type":"post","link":"https:\/\/www.europesays.com\/it\/562025\/","title":{"rendered":"Migranti, la Svezia espelle chi non tiene una \u201cbuona condotta\u201d anche senza reati"},"content":{"rendered":"<p>Il 12 giugno, l\u2019Unione europea ha attivato in via definitiva il <strong>Patto per l\u2019asilo e le migrazioni<\/strong>, che riscrive completamente procedure e burocrazia per la gestione dei flussi migratori e delle espulsioni. Tutti i Paesi stanno lavorando per attuare al meglio le nuove disposizioni, organizzandosi anche per la realizzazione degli hub di rimpatrio nei Paesi terzi, ma i Paesi del blocco scandinavo sembra stiano viaggiando a una velocit\u00e0 doppia rispetto a gran parte dei Paesi Ue, soprattutto di quelli dell\u2019Europa continentale. Svezia e Danimarca sono due dei Paesi che negli anni hanno adottato politiche tra le pi\u00f9 permissive in Europa e i risultati, purtroppo, ora sono sotto gli occhi di tutti. Ed \u00e8 proprio per porre rimedio ai danni del passato che oggi sperimentano soluzioni pi\u00f9 stringenti per favorire le espulsioni di soggetti che non hanno merito per rimanere sul territorio.<\/p>\n<p>La Svezia fa un passo avanti: non aspetta che gli immigrati compiano un reato per poterli espellere, perch\u00e9 il parlamento svedese ha approvato una legge in base alla quale le autorit\u00e0 d\u2019ora in poi potranno revocare il permesso di soggiorno anche per chi non mantiene un \u201c<strong>buon comportamento<\/strong>\u201d. Ci\u00f2 significa che sono passibili di espulsione e di perdita di ogni diritto gli stranieri titolari di permesso di soggiorno che <strong>non pagano le tasse<\/strong>, che accettano <strong>lavori in nero<\/strong> o che hanno collegamenti con associazioni terroristiche, anche se loro non sono direttamente coinvolti. Si tratta della legge attualmente pi\u00f9 stringente in merito ai permessi di soggiorno e alle espulsioni ed \u00e8 valido sia per chi ha fatto domanda di regolarizzazione nel Paese, sia per chi \u00e8 gi\u00e0 in possesso del documento. <\/p>\n<p>La sinistra e le associazioni per i diritti umani hanno criticato la postura assunta dalla Svezia ma questo governo, eletto nel 2022, sta portando a casa le promesse fatte in campagna elettorale per ridurre l\u2019immigrazione, sfruttando anche le nuove leggi promosse dall\u2019Unione europea. \u201cChiunque non faccia lo sforzo di fare la cosa giusta non dovrebbe poter contare sul rimanere nel Paese\u201d, ha dichiarato il ministro della migrazione Johan Forssell quando ha proposto il disegno di legge a marzo.\n<\/p>\n<p> \u201cLa Svezia ora guida l\u2019Occidente sull\u2019immigrazione\u201d, ha dichiarato<strong> Charlie Weimers<\/strong>, europarlamentare e vicepresidente del gruppo dei Conservatori e Riformisti europei, aggiungendo: \u201c<strong>La residenza \u00e8 un privilegio<\/strong>\u201d.<\/p>\n","protected":false},"excerpt":{"rendered":"Il 12 giugno, l\u2019Unione europea ha attivato in via definitiva il Patto per l\u2019asilo e le migrazioni, che&hellip;\n","protected":false},"author":3,"featured_media":562026,"comment_status":"","ping_status":"","sticky":false,"template":"","format":"standard","meta":{"footnotes":"","_share_on_mastodon":"0"},"categories":[160],"tags":[14,164,165,49237,13095,166,7,15,8864,11,167,12,168,161,162,163],"class_list":["post-562025","post","type-post","status-publish","format-standard","has-post-thumbnail","category-mondo","tag-cronaca","tag-dal-mondo","tag-dalmondo","tag-espulsioni","tag-immigrazione","tag-mondo","tag-news","tag-notizie","tag-svezia","tag-ultime-notizie","tag-ultime-notizie-di-mondo","tag-ultimenotizie","tag-ultimenotiziedimondo","tag-world","tag-world-news","tag-worldnews"],"share_on_mastodon":{"url":"https:\/\/pubeurope.com\/@it\/116835283602601634","error":""},"_links":{"self":[{"href":"https:\/\/www.europesays.com\/it\/wp-json\/wp\/v2\/posts\/562025","targetHints":{"allow":["GET"]}}],"collection":[{"href":"https:\/\/www.europesays.com\/it\/wp-json\/wp\/v2\/posts"}],"about":[{"href":"https:\/\/www.europesays.com\/it\/wp-json\/wp\/v2\/types\/post"}],"author":[{"embeddable":true,"href":"https:\/\/www.europesays.com\/it\/wp-json\/wp\/v2\/users\/3"}],"replies":[{"embeddable":true,"href":"https:\/\/www.europesays.com\/it\/wp-json\/wp\/v2\/comments?post=562025"}],"version-history":[{"count":0,"href":"https:\/\/www.europesays.com\/it\/wp-json\/wp\/v2\/posts\/562025\/revisions"}],"wp:featuredmedia":[{"embeddable":true,"href":"https:\/\/www.europesays.com\/it\/wp-json\/wp\/v2\/media\/562026"}],"wp:attachment":[{"href":"https:\/\/www.europesays.com\/it\/wp-json\/wp\/v2\/media?parent=562025"}],"wp:term":[{"taxonomy":"category","embeddable":true,"href":"https:\/\/www.europesays.com\/it\/wp-json\/wp\/v2\/categories?post=562025"},{"taxonomy":"post_tag","embeddable":true,"href":"https:\/\/www.europesays.com\/it\/wp-json\/wp\/v2\/tags?post=562025"}],"curies":[{"name":"wp","href":"https:\/\/api.w.org\/{rel}","templated":true}]}}