{"id":562449,"date":"2026-06-30T03:52:18","date_gmt":"2026-06-30T03:52:18","guid":{"rendered":"https:\/\/www.europesays.com\/it\/562449\/"},"modified":"2026-06-30T03:52:18","modified_gmt":"2026-06-30T03:52:18","slug":"anna-pettinelli-lascia-amici-chi-potrebbe-sostituirla","status":"publish","type":"post","link":"https:\/\/www.europesays.com\/it\/562449\/","title":{"rendered":"Anna Pettinelli lascia Amici, chi potrebbe sostituirla"},"content":{"rendered":"<p>I motori della macchina organizzativa di\u00a0<strong>Maria De Filippi<\/strong>\u00a0sono gi\u00e0 caldi in vista della stagione televisiva 2026\/2027, ma le prime indiscrezioni sul cast ribaltano, e non poco, gli equilibri consolidati della scuola pi\u00f9 famosa d\u2019Italia. Al centro\u00a0dell\u2019attenzione\u00a0c\u2019\u00e8 finita la cattedra di canto: secondo un\u2019anticipazione\u00a0del\u00a0giornalista Giuseppe Candela sulle pagine del settimanale\u00a0Chi,\u00a0<strong>Anna Pettinelli non far\u00e0 parte del cast della prossima edizione di\u00a0Amici<\/strong>. La speaker radiofonica e storica insegnante del talent show, che nell\u2019ultima stagione del 2026 era stata assoluta protagonista guidando la sua squadra al Serale in coppia con Emanuel Lo, sarebbe pronta a dire addio a Canale 5.\n<\/p>\n<p>Il clamoroso passaggio in Rai: concorrente a Tale e Quale Show<\/p>\n<p>Dietro a questa inaspettata separazione non ci sarebbe un semplice desiderio di riposo, bens\u00ec un clamoroso cambio di casacca. Le voci si fanno sempre pi\u00f9 insistenti:\u00a0<strong><a href=\"https:\/\/dilei.it\/star-e-vip\/anna-pettinelli\/\" rel=\"nofollow noopener\" target=\"_blank\">Anna Pettinelli<\/a> avrebbe accettato il corteggiamento della Rai<\/strong>\u00a0per entrare nel cast della prossima stagione di\u00a0<strong>Tale e Quale Show\u00a0<\/strong>di <a href=\"https:\/\/dilei.it\/star-e-vip\/carlo-conti\/\" rel=\"nofollow noopener\" target=\"_blank\">Carlo Conti<\/a>, <a href=\"https:\/\/dilei.it\/spettacolo\/tale-e-quale-show-si-sposta-carlo-conti-perde-venerdi-motivo\/2397653\/\" rel=\"nofollow noopener\" target=\"_blank\">che si appresta anche a cambiare giorno di programmazione<\/a>. La vera sorpresa,\u00a0comunque,\u00a0\u00e8\u00a0nel ruolo che andr\u00e0 a ricoprire. La conduttrice radiofonica non sieder\u00e0 dietro la scrivania dei giurati, ma si metter\u00e0 in gioco in prima persona\u00a0<strong>nelle vesti di concorrente<\/strong>, cimentandosi con le celebri imitazioni canore dello show di Carlo Conti.<\/p>\n<p>Un\u00a0<strong>impegno artistico totale<\/strong>\u00a0e decisamente faticoso che, per motivi logistici e di esclusive contrattuali, risulterebbe del tutto inconciliabile con la<strong>\u00a0presenza quotidiana<\/strong>\u00a0richiesta dalle registrazioni del pomeridiano e del Serale di\u00a0Amici. Resta ancora il mistero su chi abbia fatto la prima mossa: non \u00e8 chiaro se sia stata la produzione Fascino a\u00a0<strong>comunicare alla Pettinelli il mancato rinnovo<\/strong>, spingendola a guardarsi intorno, o se sia stata la speaker stessa a preferire il salto sul network concorrente. Va detto che la Pettinelli non ha mai interrotto i ponti con Viale Mazzini, dove continua a figurare regolarmente come opinionista nel salotto de\u00a0La Vita in Diretta\u00a0con <a href=\"https:\/\/dilei.it\/star-e-vip\/alberto-matano\/\" rel=\"nofollow noopener\" target=\"_blank\">Alberto Matano<\/a>.<\/p>\n<p>Chi prender\u00e0 il suo posto? Spunta l\u2019ombra di Amadeus<\/p>\n<p>Per la prof di canto si tratta della seconda interruzione all\u2019interno del programma: dopo il biennio 2019-2021, aveva gi\u00e0 saltato l\u2019anno 2022 per poi rientrare in pompa magna nel 2023. Ora che la sua uscita sembra ormai cosa fatta, si apre ufficialmente il\u00a0<strong>toto-sostituto per la cattedra di canto<\/strong>.<\/p>\n<p>I vertici del programma mantengono il massimo riserbo e nessun nome \u00e8 stato ancora ufficializzato, ma i corridoi della televisione\u00a0danno\u00a0gi\u00e0 spazio a un\u2019ipotesi a dir poco clamorosa.\u00a0<strong>Tra i papabili sostituti spunta il nome di <a href=\"https:\/\/dilei.it\/star-e-vip\/amadeus\/\" rel=\"nofollow noopener\" target=\"_blank\">Amadeus<\/a><\/strong>. Il conduttore, reduce da una separazione consensuale con il gruppo Discovery e attualmente alla ricerca di un progetto stimolante in cui rilanciarsi, vanta gi\u00e0 un ottimo feeling con lo show mariano, avendo ricoperto il ruolo di giudice speciale proprio durante le ultime fasi del Serale. Il suo profilo, unito a una competenza musicale enciclopedica dimostrata in cinque anni di direzione artistica a Sanremo, lo renderebbe il\u00a0<strong>profilo perfetto<\/strong>\u00a0per guidare i giovani talenti di Canale 5, trasformando l\u2019addio della Pettinelli nell\u2019ennesimo colpo di teatro firmato <a href=\"https:\/\/dilei.it\/star-e-vip\/maria-de-filippi\/\" rel=\"nofollow noopener\" target=\"_blank\">Maria De Filippi.<\/a><\/p>\n<p>\t\t\t\tScopri i personaggi in trend, le storie del momento e molto altro.<br \/>Dove? Sul <a href=\"https:\/\/whatsapp.com\/channel\/0029Vb68mVyHVvTWezDm7d0R\" target=\"_blank\" rel=\"noopener nofollow\">canale WhatsApp di DiLei!<\/a><\/p>\n<p>\t\t\t<a class=\"buttonCall\" href=\"https:\/\/whatsapp.com\/channel\/0029Vb68mVyHVvTWezDm7d0R\" target=\"_blank\" rel=\"noopener nofollow\" title=\"Seguici su WhatsApp\"><br \/>\n\t\t\t\tSeguici su WhatsApp<br \/>\n\t\t\t<\/a><\/p>\n","protected":false},"excerpt":{"rendered":"I motori della macchina organizzativa di\u00a0Maria De Filippi\u00a0sono gi\u00e0 caldi in vista della stagione televisiva 2026\/2027, ma le&hellip;\n","protected":false},"author":3,"featured_media":562450,"comment_status":"","ping_status":"","sticky":false,"template":"","format":"standard","meta":{"footnotes":"","_share_on_mastodon":"0"},"categories":[174],"tags":[96528,5216,203,204,1537,90,89,5602,214,17852],"class_list":["post-562449","post","type-post","status-publish","format-standard","has-post-thumbnail","category-intrattenimento","tag-anna-pettinelli","tag-carlo-conti","tag-entertainment","tag-intrattenimento","tag-it","tag-italia","tag-italy","tag-maria-de-filippi","tag-spettacolo","tag-tale-e-quale-show"],"share_on_mastodon":{"url":"https:\/\/pubeurope.com\/@it\/116837033438684009","error":""},"_links":{"self":[{"href":"https:\/\/www.europesays.com\/it\/wp-json\/wp\/v2\/posts\/562449","targetHints":{"allow":["GET"]}}],"collection":[{"href":"https:\/\/www.europesays.com\/it\/wp-json\/wp\/v2\/posts"}],"about":[{"href":"https:\/\/www.europesays.com\/it\/wp-json\/wp\/v2\/types\/post"}],"author":[{"embeddable":true,"href":"https:\/\/www.europesays.com\/it\/wp-json\/wp\/v2\/users\/3"}],"replies":[{"embeddable":true,"href":"https:\/\/www.europesays.com\/it\/wp-json\/wp\/v2\/comments?post=562449"}],"version-history":[{"count":0,"href":"https:\/\/www.europesays.com\/it\/wp-json\/wp\/v2\/posts\/562449\/revisions"}],"wp:featuredmedia":[{"embeddable":true,"href":"https:\/\/www.europesays.com\/it\/wp-json\/wp\/v2\/media\/562450"}],"wp:attachment":[{"href":"https:\/\/www.europesays.com\/it\/wp-json\/wp\/v2\/media?parent=562449"}],"wp:term":[{"taxonomy":"category","embeddable":true,"href":"https:\/\/www.europesays.com\/it\/wp-json\/wp\/v2\/categories?post=562449"},{"taxonomy":"post_tag","embeddable":true,"href":"https:\/\/www.europesays.com\/it\/wp-json\/wp\/v2\/tags?post=562449"}],"curies":[{"name":"wp","href":"https:\/\/api.w.org\/{rel}","templated":true}]}}