{"id":562468,"date":"2026-06-30T04:19:29","date_gmt":"2026-06-30T04:19:29","guid":{"rendered":"https:\/\/www.europesays.com\/it\/562468\/"},"modified":"2026-06-30T04:19:29","modified_gmt":"2026-06-30T04:19:29","slug":"geolier-ritrova-il-suo-cartier-perso-al-concerto-la-storia-commovente-dietro-il-bracciale","status":"publish","type":"post","link":"https:\/\/www.europesays.com\/it\/562468\/","title":{"rendered":"Geolier ritrova il suo Cartier perso al concerto: la storia commovente dietro il bracciale"},"content":{"rendered":"<p>A volte un oggetto vale molto pi\u00f9 del suo prezzo. \u00c8 quello che \u00e8 successo a <a href=\"https:\/\/www.ilmattino.it\/t\/geolier\" rel=\"nofollow noopener\" target=\"_blank\">Geolier<\/a>, che nei giorni scorsi aveva perso un bracciale <strong>Cartier<\/strong> durante il concerto allo stadio Franco Scoglio di <strong>Messina.<\/strong> Una disavventura trasformata in una storia di onest\u00e0, umanit\u00e0 e memoria. Perch\u00e9 quel gioiello, ritrovato da due addetti alla sicurezza e restituito personalmente al rapper a Napoli, non era soltanto un accessorio di lusso: custodiva il ricordo di un ragazzo che aveva voluto lasciarlo in dono al suo artista del cuore prima di spegnersi.<\/p>\n","protected":false},"excerpt":{"rendered":"A volte un oggetto vale molto pi\u00f9 del suo prezzo. \u00c8 quello che \u00e8 successo a Geolier, che&hellip;\n","protected":false},"author":3,"featured_media":562469,"comment_status":"","ping_status":"","sticky":false,"template":"","format":"standard","meta":{"footnotes":"","_share_on_mastodon":"0"},"categories":[174],"tags":[72609,1569,203,9630,204,1537,90,89],"class_list":["post-562468","post","type-post","status-publish","format-standard","has-post-thumbnail","category-intrattenimento","tag-cartier","tag-concerto","tag-entertainment","tag-geolier","tag-intrattenimento","tag-it","tag-italia","tag-italy"],"share_on_mastodon":{"url":"https:\/\/pubeurope.com\/@it\/116837139476777139","error":""},"_links":{"self":[{"href":"https:\/\/www.europesays.com\/it\/wp-json\/wp\/v2\/posts\/562468","targetHints":{"allow":["GET"]}}],"collection":[{"href":"https:\/\/www.europesays.com\/it\/wp-json\/wp\/v2\/posts"}],"about":[{"href":"https:\/\/www.europesays.com\/it\/wp-json\/wp\/v2\/types\/post"}],"author":[{"embeddable":true,"href":"https:\/\/www.europesays.com\/it\/wp-json\/wp\/v2\/users\/3"}],"replies":[{"embeddable":true,"href":"https:\/\/www.europesays.com\/it\/wp-json\/wp\/v2\/comments?post=562468"}],"version-history":[{"count":0,"href":"https:\/\/www.europesays.com\/it\/wp-json\/wp\/v2\/posts\/562468\/revisions"}],"wp:featuredmedia":[{"embeddable":true,"href":"https:\/\/www.europesays.com\/it\/wp-json\/wp\/v2\/media\/562469"}],"wp:attachment":[{"href":"https:\/\/www.europesays.com\/it\/wp-json\/wp\/v2\/media?parent=562468"}],"wp:term":[{"taxonomy":"category","embeddable":true,"href":"https:\/\/www.europesays.com\/it\/wp-json\/wp\/v2\/categories?post=562468"},{"taxonomy":"post_tag","embeddable":true,"href":"https:\/\/www.europesays.com\/it\/wp-json\/wp\/v2\/tags?post=562468"}],"curies":[{"name":"wp","href":"https:\/\/api.w.org\/{rel}","templated":true}]}}