{"id":562713,"date":"2026-06-30T08:23:20","date_gmt":"2026-06-30T08:23:20","guid":{"rendered":"https:\/\/www.europesays.com\/it\/562713\/"},"modified":"2026-06-30T08:23:20","modified_gmt":"2026-06-30T08:23:20","slug":"olly-stasera-a-rock-in-roma-a-capannelle-poi-mi-fermo-per-un-anno-un-disco-nuovo-solo-se-avro-qualcosa-da-dire","status":"publish","type":"post","link":"https:\/\/www.europesays.com\/it\/562713\/","title":{"rendered":"Olly stasera a Rock in Roma a Capannelle: \u00abPoi mi fermo per un anno. Un disco nuovo? Solo se avr\u00f2 qualcosa da dire\u00bb"},"content":{"rendered":"<p>In <strong>30 mila si preparano a fare festa a Capannelle<\/strong>: \u00e8 il giorno di <a href=\"https:\/\/www.ilmessaggero.it\/t\/olly\" rel=\"nofollow noopener\" target=\"_blank\">Olly<\/a> al Rock in Roma. Stasera il cantautore genovese arriva all&#8217;ippodromo di via Appia Nuova con una delle <strong>cinque date evento del tour &#8220;Il Gran Finale&#8221;<\/strong>, dopo la tripletta del 18, 20 e 21 giugno allo Stadio Ferraris di Genova (<strong>90 mila biglietti venduti<\/strong>) e prima della chiusura di venerd\u00ec 3 luglio alla Reggia di Caserta.<\/p>\n<p>Sar\u00e0 per i fan romani l&#8217;<strong>ultima occasione per vedere in azione la voce di Balorda nostalgia su un palco<\/strong>, prima di una lunga pausa che terminer\u00e0 l&#8217;estate prossima, quando Olly ripartir\u00e0 in tour, per la prima volta <strong>negli stadi di tutta Italia<\/strong>, Olimpico compreso (dove canter\u00e0 il <strong>28 giugno 2027<\/strong>, biglietti gi\u00e0 in vendita).<\/p>\n<p>La scaletta <\/p>\n<p>\u00ab\u00c8 tutta vita, \u00e8 iniziata la festa, gente\u00bb, canta lui in \u00c8 festa, la canzone che questa sera dar\u00e0 il via alla lunga cavalcata attraverso la quale <strong>Federico Olivieri<\/strong>, questo il vero nome del <strong>25enne cantautore<\/strong>, ripercorrer\u00e0 <strong>gli ultimi tre anni, quelli che lo hanno reso un protagonista del nuovo pop italiano<\/strong>.<\/p>\n<p>Era il 2023 quando con Polvere esord\u00ec al <a href=\"https:\/\/www.ilmessaggero.it\/t\/festival-di-sanremo\" rel=\"nofollow noopener\" target=\"_blank\">Festival di Sanremo<\/a> direttamente tra i &#8220;big&#8221;, dopo essere arrivato secondo a Sanremo Giovani pochi mesi prima con L&#8217;anima balla. <strong>Non fu proprio un successo: si classific\u00f2 solo ventiquattresimo su ventotto partecipanti<\/strong>. Ma quello fu solo il primo tassello della sua scalata: nei mesi successivi con singoli come <strong>Devastante, Ho voglia di te con Emma, Per due come noi con <a href=\"https:\/\/www.ilmessaggero.it\/t\/angelina-mango\" rel=\"nofollow noopener\" target=\"_blank\">Angelina Mango<\/a>, Quei ricordi l\u00e0 e Balorda nostalgia, con la quale ha vinto lo scorso anno il Festival di Sanremo<\/strong>, Olly \u00e8 riuscito a ritagliarsi uno spazio tutto suo nel pop italiano di nuova generazione. Puntando tutto su una scrittura genuina, autentica, non plasticosa.<\/p>\n<p>La storia <\/p>\n<p>Quella di Olly \u00e8 la storia di un ragazzo che con una manciata di buone canzoni, <strong>senza chiss\u00e0 quali mosse di marketing si \u00e8 preso il pop tricolore<\/strong>. In un mercato che cominciava ad essere saturo di progetti poco autentici, lui ha portato organicit\u00e0: \u00abNella mia musica c&#8217;\u00e8 sostanza. Nel nostro mondo secondo me si \u00e8 un po&#8217; persa negli ultimi anni. Non \u00e8 una critica al sistema, la mia. Capisco che ci sia anche bisogno di musica non autentica, che aiuta a sentirsi pi\u00f9 leggeri. Io, per\u00f2, sento di appartenere a un altro club. Quello di chi scrive canzoni per emozionare, suggellare ricordi\u00bb.<\/p>\n<p>L&#8217;album <strong>Tutta vita<\/strong>, uscito nell&#8217;<strong>ottobre del 2024<\/strong>, \u00e8 arrivato all&#8217;<strong>ottavo Disco di platino<\/strong> pari a <strong>400 mila copie vendute<\/strong>. Le canzoni in scaletta, <strong>venticinque in tutto<\/strong>, valgono complessivamente <strong>17 Dischi di platino e 5 Dischi d&#8217;oro<\/strong>: si va da <strong>La lavatrice si \u00e8 rotta<\/strong> (con un assolo di sax che sembra uscire dai dischi di Vasco degli Anni &#8217;80, un punto di riferimento per il cantautore) a Devastante, passando per Depresso fortunato, Scarabocchi, la stessa Balorda nostalgia, Questa domenica, Cos\u00ec cos\u00ec, Menomale che c&#8217;\u00e8 il mare.<\/p>\n<p>I testi <\/p>\n<p>I testi parlano di relazioni, della complessit\u00e0 dei rapporti (che si tratti di amore, amicizia, famiglia), di come si cresca e si cambi. Anche di perdite: per <strong>Buon trasloco si \u00e8 ispirato alla scomparsa, avvenuta due anni fa, del padre del suo braccio destro Jvli<\/strong>, vero nome Julien Boverod, <strong>27enne produttore e chitarrista aostano dal quale non si separa mai<\/strong>. \u00ab\u00c8 il brano a cui sono pi\u00f9 legato. Riuscire a raccontarlo non \u00e8 stato semplice, ma \u00e8 stato molto intenso\u00bb, spiega lui della canzone.<\/p>\n<p>\u00c8 proprio Jvli, ormai una presenza familiare per i fan, a capitanare la band che accompagner\u00e0 questa sera Olly sul palco di Rock in Roma: con lui ci saranno Pierfrancesco Pasini (tastiere e chitarra), Raffaele Littorio (chitarra elettrica), Emanuele Nazzaro (basso), Dalila Murano (batteria), Gabriele &#8220;Gas Gas&#8221; Ippolito (sax), Stefan Sancic (violino e tastiere), Roberta Gea Gentile (cori e percussioni).<\/p>\n<p>L&#8217;album <\/p>\n<p>Il <strong>10 luglio<\/strong> uscir\u00e0 l&#8217;<strong>album dal vivo dei tre concerti allo Stadio Ferraris di Genova<\/strong>. Un modo per mettere un punto, dopo tre anni vissuti sempre col piede sull&#8217;acceleratore: \u00abUn disco di nuove canzoni uscir\u00e0 solo se avr\u00f2 qualcosa da dire in un disco. Non sto calcolando, sto vivendo, scrivendo quando ho voglia di scrivere. \u00c8 la prima volta dopo tanto tempo in cui per un anno non avr\u00f2 concerti e posso immergermi in quel mondo catartico della scrittura\u00bb.<\/p>\n<p>Ippodromo delle Capannelle, via Appia Nuova 1245. Oggi, ore 21.45.<\/p>\n<p>&#13;<br \/>\n                                \u00a9 RIPRODUZIONE RISERVATA&#13;<\/p>\n<p>&#13;<\/p>\n<p>\n                            Il punto serale sulle notizie del giorno<br \/>\n                            <b>Iscriviti<\/b> e ricevi le notizie via email\n                        <\/p>\n","protected":false},"excerpt":{"rendered":"In 30 mila si preparano a fare festa a Capannelle: \u00e8 il giorno di Olly al Rock in&hellip;\n","protected":false},"author":3,"featured_media":562714,"comment_status":"","ping_status":"","sticky":false,"template":"","format":"standard","meta":{"footnotes":"","_share_on_mastodon":"0"},"categories":[1443],"tags":[310186,203,204,1537,90,89,1538,1539,28151,7599],"class_list":["post-562713","post","type-post","status-publish","format-standard","has-post-thumbnail","category-musica","tag-capannelle","tag-entertainment","tag-intrattenimento","tag-it","tag-italia","tag-italy","tag-music","tag-musica","tag-olly","tag-rock-in-roma"],"share_on_mastodon":{"url":"https:\/\/pubeurope.com\/@it\/116838099074449023","error":""},"_links":{"self":[{"href":"https:\/\/www.europesays.com\/it\/wp-json\/wp\/v2\/posts\/562713","targetHints":{"allow":["GET"]}}],"collection":[{"href":"https:\/\/www.europesays.com\/it\/wp-json\/wp\/v2\/posts"}],"about":[{"href":"https:\/\/www.europesays.com\/it\/wp-json\/wp\/v2\/types\/post"}],"author":[{"embeddable":true,"href":"https:\/\/www.europesays.com\/it\/wp-json\/wp\/v2\/users\/3"}],"replies":[{"embeddable":true,"href":"https:\/\/www.europesays.com\/it\/wp-json\/wp\/v2\/comments?post=562713"}],"version-history":[{"count":0,"href":"https:\/\/www.europesays.com\/it\/wp-json\/wp\/v2\/posts\/562713\/revisions"}],"wp:featuredmedia":[{"embeddable":true,"href":"https:\/\/www.europesays.com\/it\/wp-json\/wp\/v2\/media\/562714"}],"wp:attachment":[{"href":"https:\/\/www.europesays.com\/it\/wp-json\/wp\/v2\/media?parent=562713"}],"wp:term":[{"taxonomy":"category","embeddable":true,"href":"https:\/\/www.europesays.com\/it\/wp-json\/wp\/v2\/categories?post=562713"},{"taxonomy":"post_tag","embeddable":true,"href":"https:\/\/www.europesays.com\/it\/wp-json\/wp\/v2\/tags?post=562713"}],"curies":[{"name":"wp","href":"https:\/\/api.w.org\/{rel}","templated":true}]}}