{"id":562719,"date":"2026-06-30T08:26:10","date_gmt":"2026-06-30T08:26:10","guid":{"rendered":"https:\/\/www.europesays.com\/it\/562719\/"},"modified":"2026-06-30T08:26:10","modified_gmt":"2026-06-30T08:26:10","slug":"leucemia-fulminante-la-malattia-di-carlo-acutis-arriva-il-trattamento-senza-chemioterapia","status":"publish","type":"post","link":"https:\/\/www.europesays.com\/it\/562719\/","title":{"rendered":"Leucemia fulminante, la malattia di Carlo Acutis: arriva il trattamento senza chemioterapia"},"content":{"rendered":"<p>Per il quindicenne poi diventato santo \u00e8 stata fatale, ma oggi non \u00e8 pi\u00f9 considerata incurabile: i dati di una ricerca coordinata dal Bambino Ges\u00f9 confermano la possibilit\u00e0 di evitare la chemio nella leucemia promielocitica acuta, con una sopravvivenza che supera ampiamente il 90 per cento<\/p>\n<p class=\"chapter-paragraph\">Una<a href=\"https:\/\/www.corriere.it\/salute\/dizionario\/leucemia\/\" rel=\"nofollow noopener\" target=\"_blank\"> leucemia <\/a>molto aggressiva, al punto da essere chiamata \u00abfulminante\u00bb: <b>la leucemia promielocitica acuta che nel 2006 fu fatale per San Carlo Acutis<\/b>, allora quindicenne, non \u00e8 pi\u00f9 considerata incurabile e anzi, <b>pu\u00f2 essere gestita con successo attraverso un trattamento che fa del tutto a meno della chemioterapia<\/b>: lo dimostra l\u2019analisi finale di uno studio internazionale coordinato da <b>Franco Locatelli<\/b>, responsabile dell\u2019area clinica e di ricerca di Oncoematologia, terapia cellulare, terapie geniche e trapianto emopoietico dell\u2019Ospedale Bambino Ges\u00f9 di Roma, presentata a Stoccolma durante l\u2019ultimo congresso dell\u2019<a href=\"https:\/\/ehaweb.org\/\" rel=\"nofollow noreferrer noopener\" target=\"_blank\">European Hematology Association<\/a>.<\/p>\n<p>    Sopravvivenza tra il 97 e il 100 per cento\u00a0<\/p>\n<p class=\"chapter-paragraph\">I dati sono stati accolti con entusiasmo al congresso, perch\u00e9 come ha spiegato Locatelli \u00ab<b>Si tratta del primo regime realmente privo di chemioterapia<\/b> (nei precedenti studi si era sempre aggiunto almeno un ciclo di antracicline, soprattutto nella prima fase di terapia, ndr), elemento che comporta <b>molti vantaggi per i pazienti<\/b>, che per esempio non vedono cadere i capelli e non hanno per forza la necessit\u00e0 di essere ricoverati per ulteriori trattamenti\u00bb. Lo studio presentato a Stoccolma ha riferito i dati di 114 bambini e adolescenti di cinque diversi Paesi europei fra cui l\u2019Italia, tutti con una nuova diagnosi di leucemia promielocitica acuta, una rara leucemia mieloide provocata dalla traslocazione di un cromosoma; un terzo di loro era ad alto rischio, <b>tutti sono stati trattati con un approccio senza chemio a base di acido all-trans-retinoico e triossido di arsenico<\/b>. C\u2019\u00e8 stato un solo decesso, nella prima fase di trattamento, per un\u2019emorragia cerebrale; tutti gli altri partecipanti sono vivi e stanno bene e <b>a due anni<\/b>, per esempio, <b>la sopravvivenza complessiva supera il 97 per cento in chi \u00e8 ad alto rischio ed \u00e8 del 100 per cento in tutti gli altri<\/b>.    &#13;<br \/>\n&#13;<br \/>\n&#13;<br \/>\n&#13;<br \/>\n&#13;<br \/>\n&#13;<br \/>\n&#13;<br \/>\n&#13;<br \/>\n&#13;<br \/>\n&#13;<br \/>\n&#13;<br \/>\n&#13;<br \/>\n&#13;<br \/>\n&#13;<br \/>\n&#13;<br \/>\n&#13;<br \/>\n&#13;<br \/>\n&#13;<br \/>\n&#13;<br \/>\n&#13;<br \/>\n&#13;<br \/>\n&#13;<br \/>\n&#13;<br \/>\n&#13;<br \/>\n&#13;<br \/>\n&#13;<br \/>\n&#13;<br \/>\n&#13;<br \/>\n&#13;<br \/>\n&#13;<br \/>\n&#13;<br \/>\n&#13;<br \/>\n&#13;<br \/>\n&#13;<br \/>\n&#13;<br \/>\n&#13;<br \/>\n&#13;<br \/>\n&#13;<br \/>\n&#13;<br \/>\n&#13;<br \/>\n&#13;<br \/>\n&#13;<br \/>\n&#13;<br \/>\n&#13;<br \/>\n&#13;<br \/>\n&#13;<br \/>\n&#13;<br \/>\n&#13;<br \/>\n&#13;<br \/>\n&#13;<br \/>\n&#13;<br \/>\n&#13;<br \/>\n&#13;\n<\/p>\n<p>    Nuovo standard di cura<\/p>\n<p class=\"chapter-paragraph\">Un risultato epocale perch\u00e9 lo studio, come sottolinea Locatelli, \u00abcoinvolgendo pi\u00f9 centri internazionali ha dimostrato la fattibilit\u00e0 e l\u2019efficacia dell\u2019approccio. <b>I risultati di efficacia sono stati al di l\u00e0 di ogni nostra pi\u00f9 rosea aspettativa, il profilo di sicurezza \u00e8 pi\u00f9 che buono<\/b>: poter curare senza chemioterapia nella stragrande maggioranza dei casi \u00e8 un traguardo enorme. Oggi, specialmente in chi \u00e8 ad alto rischio, si utilizzano ancora combinazioni che includono chemioterapici: questi risultati mostrano che \u00e8 possibile eliminarli senza una riduzione di efficacia. Presto i dati saranno pubblicati e a quel punto <b>la speranza \u00e8 che la terapia senza chemio diventi lo standard di trattamento per tutti, ovunque<\/b>\u00bb, conclude\u00a0 il professore.<\/p>\n<p class=\"is-last-update\" datetime=\"2026-06-30T08:28:52+02:00\">30 giugno 2026 ( modifica il 30 giugno 2026 | 08:29)<\/p>\n<p class=\"is-copyright\">\n            \u00a9 RIPRODUZIONE RISERVATA\n        <\/p>\n","protected":false},"excerpt":{"rendered":"Per il quindicenne poi diventato santo \u00e8 stata fatale, ma oggi non \u00e8 pi\u00f9 considerata incurabile: i dati&hellip;\n","protected":false},"author":3,"featured_media":562720,"comment_status":"","ping_status":"","sticky":false,"template":"","format":"standard","meta":{"footnotes":"","_share_on_mastodon":"0"},"categories":[175],"tags":[8977,64759,4197,4198,4925,694,20531,2387,64761,77962,59051,13104,3987,310191,728,2600,313,239,1537,90,89,29566,310187,310188,51882,310189,310190,2441,240,20126,2128,610,20133],"class_list":["post-562719","post","type-post","status-publish","format-standard","has-post-thumbnail","category-salute","tag-acuta","tag-acutis","tag-alto","tag-alto-rischio","tag-approccio","tag-bambino","tag-bambino-gesu","tag-carlo","tag-carlo-acutis","tag-chemio","tag-chemioterapia","tag-congresso","tag-considerata","tag-considerata-incurabile","tag-dati","tag-efficacia","tag-fase","tag-health","tag-it","tag-italia","tag-italy","tag-leucemia","tag-leucemia-promielocitica","tag-leucemia-promielocitica-acuta","tag-locatelli","tag-promielocitica","tag-promielocitica-acuta","tag-rischio","tag-salute","tag-sopravvivenza","tag-studio","tag-terapia","tag-trattamento"],"share_on_mastodon":{"url":"https:\/\/pubeurope.com\/@it\/116838110780311261","error":""},"_links":{"self":[{"href":"https:\/\/www.europesays.com\/it\/wp-json\/wp\/v2\/posts\/562719","targetHints":{"allow":["GET"]}}],"collection":[{"href":"https:\/\/www.europesays.com\/it\/wp-json\/wp\/v2\/posts"}],"about":[{"href":"https:\/\/www.europesays.com\/it\/wp-json\/wp\/v2\/types\/post"}],"author":[{"embeddable":true,"href":"https:\/\/www.europesays.com\/it\/wp-json\/wp\/v2\/users\/3"}],"replies":[{"embeddable":true,"href":"https:\/\/www.europesays.com\/it\/wp-json\/wp\/v2\/comments?post=562719"}],"version-history":[{"count":0,"href":"https:\/\/www.europesays.com\/it\/wp-json\/wp\/v2\/posts\/562719\/revisions"}],"wp:featuredmedia":[{"embeddable":true,"href":"https:\/\/www.europesays.com\/it\/wp-json\/wp\/v2\/media\/562720"}],"wp:attachment":[{"href":"https:\/\/www.europesays.com\/it\/wp-json\/wp\/v2\/media?parent=562719"}],"wp:term":[{"taxonomy":"category","embeddable":true,"href":"https:\/\/www.europesays.com\/it\/wp-json\/wp\/v2\/categories?post=562719"},{"taxonomy":"post_tag","embeddable":true,"href":"https:\/\/www.europesays.com\/it\/wp-json\/wp\/v2\/tags?post=562719"}],"curies":[{"name":"wp","href":"https:\/\/api.w.org\/{rel}","templated":true}]}}