{"id":562853,"date":"2026-06-30T10:19:19","date_gmt":"2026-06-30T10:19:19","guid":{"rendered":"https:\/\/www.europesays.com\/it\/562853\/"},"modified":"2026-06-30T10:19:19","modified_gmt":"2026-06-30T10:19:19","slug":"maltempo-in-toscana-si-scatenano-temporali-e-fulmini-dopo-i-giorni-torridi-alberi-caduti","status":"publish","type":"post","link":"https:\/\/www.europesays.com\/it\/562853\/","title":{"rendered":"Maltempo in Toscana, si scatenano temporali\u00a0e fulmini dopo i giorni torridi. Alberi caduti"},"content":{"rendered":"<p>Firenze, 30 giugno 2026 \u2013\u00a0Si \u00e8 sviluppato in maniera molto rapida partendo dalla provincia di Lucca, ma colpendo anche quelle di Pisa,\u00a0Livorno,\u00a0Pistoia, Prato e in parte la provincia di <strong>Firenze<\/strong>. Un maxi temporale ha interessato la <strong>Toscana <\/strong>nella serata-notte tra luned\u00ec 29 e marted\u00ec 30 giugno. Maltempo annunciato dai meteorologi gi\u00e0 da giorni. Con la situazione che rimarr\u00e0 molto instabile anche marted\u00ec 30, quando\u00a0sulla Toscana \u00e8 stata diramata <strong><a rel=\"follow nofollow noopener\" href=\"https:\/\/www.lanazione.it\/meteo\/allerta-meteo-toscana-a1whb04h\" target=\"_blank\">un\u2019allerta gialla<\/a>\u00a0<\/strong>a partire dalle 13.\u00a0<\/p>\n<p> <img alt=\"meteo\" loading=\"lazy\" width=\"1620\" height=\"923\" decoding=\"async\" data-nimg=\"1\" style=\"color:transparent;max-width:100%;height:auto\"   src=\"https:\/\/www.europesays.com\/it\/wp-content\/uploads\/2026\/06\/1782814755_94_meteo.webp\"\/><\/p>\n<p>La cartina con l&#8217;allerta meteo gialla per la Toscana<\/p>\n<p>Gli esperti\u00a0hanno spiegato come una perturbazione dall\u2019Atlantico sia riuscita a indebolire <strong>l\u2019anticiclone africano<\/strong> responsabile del caldo torrido e da record per giugno che ha interessato<strong> tutta la regione<\/strong>. Il mare caldissimo, sul quale \u00e8 passata aria pi\u00f9 fresca,\u00a0ha fatto in qualche modo da detonatore ai temporali. Sono almeno quattromila i fulmini caduti. Pauroso lo spettacolo in cielo, per chi lo ha osservato, con centinaia di saette.<\/p>\n<p>Subito tanta pioggia <\/p>\n<p>Pioggia da record in alcune stazioni pluviometriche, una precipitazione durata solo un\u2019ora nella sua fase pi\u00f9 intensa ma carica di acqua. In <strong>Garfagnana<\/strong>\u00a0e nella <strong>Valle del Serchio<\/strong> in particolare, zona molto colpita dalla perturbazione. A Borgo a Mozzano fra le 22 e le 23 quasi 71\u00a0mm.\u00a0<strong>Fornovolasco<\/strong>, frazione del comune di Fabbriche di Vergemoli, sono caduti oltrev sessanta millimetri di pioggia in due ore e mezzo. Sono invece 42 i mm di pioggia <strong>in meno di due ore <\/strong>caduti su Collesalvetti, in provincia di Livorno. Una situazione che la Protezione Civile monitora momento per momento.\u00a0<\/p>\n<p>Impressionante la pioggia a <strong>Lucca<\/strong>: in poco pi\u00f9 di un\u2019ora ha fatto quasi 89 mm di pioggia, equivalenti a 89 litri d\u2019acqua per metro quadrato di terreno in una sola ora.<\/p>\n<p>A <strong>Prato <\/strong>e provincia \u00e8 caduta tantissima acqua in pochi minuti: dai 26 mm di Montemurlo ai 27 mm di Prato centro ai 30 di Cantagallo nel giro di mezz\u2019ora o poco pi\u00f9.<\/p>\n<p> <img alt=\"Maltempo in Toscana, si scatenano temporali e fulmini dopo i giorni torridi. Alberi caduti\" loading=\"lazy\" width=\"762\" height=\"429\" decoding=\"async\" data-nimg=\"1\" style=\"color:transparent\"  src=\"https:\/\/www.europesays.com\/it\/wp-content\/uploads\/2026\/06\/xajvlcm.jpeg\"\/> <\/p>\n<p>\u201cUna perturbazione \u2013\u00a0dice il presidente della Regione <strong>Eugenio Giani <\/strong>\u2013 sta interessando molte zone della Toscana con fenomeni localmente intensi. Nelle ultime tre ore registrati oltre 4600 fulminazioni, interventi in corso del sistema regionale di Protezione Civile per alcuni alberi caduti nel grossetano e senese\u201d.<\/p>\n<p>Le previsioni <\/p>\n<p>Ma il maltempo non si ferma: nuovi temporali sono adesso previsti per la giornata di marted\u00ec 30 giugno. La mattinata, secondo le previsioni <strong>del Lamma<\/strong>, scorrer\u00e0 tranquilla con tempo sereno o poco nuvoloso su tutta la regione. I temporali anche forti arriveranno dal pomeriggio e interesseranno la Toscana interna. Diramata allerta gialla ovunque, tranne che per la costa.\u00a0<\/p>\n<p>Danni nel Pisano <img alt=\"Interventi per il maltempo a San Giuliano Terme\" loading=\"lazy\" width=\"1440\" height=\"1440\" decoding=\"async\" data-nimg=\"1\" style=\"color:transparent;max-width:100%;height:auto\"   src=\"https:\/\/www.europesays.com\/it\/wp-content\/uploads\/2026\/06\/interventi-per-il-maltempo-a-san-giuliano-terme.webp\"\/><\/p>\n<p>Interventi per il maltempo a San Giuliano Terme<\/p>\n<p>A <a rel=\"follow nofollow noopener\" href=\"https:\/\/www.lanazione.it\/pisa\/cronaca\/maltempo-pisano-temporale-jc5c4hpi\" target=\"_blank\"><strong>Pisa <\/strong><\/a>e provincia numerosi interventi dei vigili del fuoco per\u00a0dissesti statici, alberi caduti, rami e oggetti pericolanti; per risolvere gli interventi si \u00e8 reso necessario anche un contributo da parte di una squadra dal comando di Massa-Carrara. A <strong>San Giuliano Terme <\/strong>un muro di contenimento ha ceduto. Complessivamente sono stati svolti circa una trentina di interventi di soccorso nell&#8217;arco di tre ore. I comuni interessati sono Pisa, San Giuliano Terme e Vicopisano.<\/p>\n<p>Lucca e Versilia <img alt=\"Un pino crollato a Lucca (foto Alcide)\" loading=\"lazy\" width=\"2000\" height=\"1500\" decoding=\"async\" data-nimg=\"1\" style=\"color:transparent;max-width:100%;height:auto\"   src=\"https:\/\/www.europesays.com\/it\/wp-content\/uploads\/2026\/06\/un-pino-crollato-a-lucca-foto-alcide.webp\"\/><\/p>\n<p>Un pino crollato a Lucca (foto Alcide)<\/p>\n<p>Disagi anche in <strong>Versilia<\/strong>. Ad essere maggiormente colpiti sono stati i borghi collinari e pi\u00f9\u00a0in generale l\u2019entroterra. Numerosi alberi sono caduti nella notte nelle frazioni del comune di <strong>Massarosa<\/strong>, in particolare a Bargecchia e a Gualdo. Fra Massarosa e Bozzano un albero \u00e8 caduto sulla pista ciclabile Fiore di Loto inaugurata la scorsa settimana. A <strong>Camaiore<\/strong>, invece, \u00e8 stata chiusa al traffico la provinciale che collega la cittadina con <strong>Viareggio<\/strong>.<\/p>\n<p>Molti problemi a <strong>Lucca<\/strong>, dove \u00e8 caduta la maggior quantit\u00e0 d\u2019acqua: diversi alberi crollati, gazebo e ombrelloni spazzati via e allagamenti. Interessata anche la stazione. Un albero \u00e8 crollato su un\u2019auto all\u2019altezza del cimitero.<\/p>\n","protected":false},"excerpt":{"rendered":"Firenze, 30 giugno 2026 \u2013\u00a0Si \u00e8 sviluppato in maniera molto rapida partendo dalla provincia di Lucca, ma colpendo&hellip;\n","protected":false},"author":3,"featured_media":562854,"comment_status":"","ping_status":"","sticky":false,"template":"","format":"standard","meta":{"footnotes":"","_share_on_mastodon":"0"},"categories":[79],"tags":[7131,15550,14,93,94,22357,1537,90,89,437,7,15,310265,103,310266,11922,11,84,91,12,85,92],"class_list":["post-562853","post","type-post","status-publish","format-standard","has-post-thumbnail","category-italia","tag-alberi","tag-caduti","tag-cronaca","tag-cronaca-italiana","tag-cronacaitaliana","tag-fulmini","tag-it","tag-italia","tag-italy","tag-maltempo","tag-news","tag-notizie","tag-scatenano","tag-temporali","tag-torridi","tag-toscana","tag-ultime-notizie","tag-ultime-notizie-e-news-di-oggi","tag-ultime-notizie-italia","tag-ultimenotizie","tag-ultimenotizieenewsdioggi","tag-ultimenotizieitalia"],"share_on_mastodon":{"url":"https:\/\/pubeurope.com\/@it\/116838555903767136","error":""},"_links":{"self":[{"href":"https:\/\/www.europesays.com\/it\/wp-json\/wp\/v2\/posts\/562853","targetHints":{"allow":["GET"]}}],"collection":[{"href":"https:\/\/www.europesays.com\/it\/wp-json\/wp\/v2\/posts"}],"about":[{"href":"https:\/\/www.europesays.com\/it\/wp-json\/wp\/v2\/types\/post"}],"author":[{"embeddable":true,"href":"https:\/\/www.europesays.com\/it\/wp-json\/wp\/v2\/users\/3"}],"replies":[{"embeddable":true,"href":"https:\/\/www.europesays.com\/it\/wp-json\/wp\/v2\/comments?post=562853"}],"version-history":[{"count":0,"href":"https:\/\/www.europesays.com\/it\/wp-json\/wp\/v2\/posts\/562853\/revisions"}],"wp:featuredmedia":[{"embeddable":true,"href":"https:\/\/www.europesays.com\/it\/wp-json\/wp\/v2\/media\/562854"}],"wp:attachment":[{"href":"https:\/\/www.europesays.com\/it\/wp-json\/wp\/v2\/media?parent=562853"}],"wp:term":[{"taxonomy":"category","embeddable":true,"href":"https:\/\/www.europesays.com\/it\/wp-json\/wp\/v2\/categories?post=562853"},{"taxonomy":"post_tag","embeddable":true,"href":"https:\/\/www.europesays.com\/it\/wp-json\/wp\/v2\/tags?post=562853"}],"curies":[{"name":"wp","href":"https:\/\/api.w.org\/{rel}","templated":true}]}}