{"id":562865,"date":"2026-06-30T10:32:11","date_gmt":"2026-06-30T10:32:11","guid":{"rendered":"https:\/\/www.europesays.com\/it\/562865\/"},"modified":"2026-06-30T10:32:11","modified_gmt":"2026-06-30T10:32:11","slug":"reyer-venezia-dopo-watson-in-arrivo-sirjabari-rice","status":"publish","type":"post","link":"https:\/\/www.europesays.com\/it\/562865\/","title":{"rendered":"Reyer Venezia, dopo Watson in arrivo Sir&#8217;Jabari Rice"},"content":{"rendered":"<p> 2<\/p>\n<p class=\"wp-block-paragraph\">Sono giorni importanti per il mercato della\u00a0<strong>Reyer Venezia<\/strong>. Dopo\u00a0<strong>Glynn Wartson<\/strong>, la dirigenza orogranata \u00e8 pronta a mettere a segno un altro colpo nel reparto esterni. Si tratta di\u00a0<strong>Sir\u2019Jabari Rice<\/strong>, esterno statunitnese che andrebbe a comporre la coppia di guardie del prossimo roster veneziano.<\/p>\n<p>Reyer Venezia, Sir\u2019Jabari Rice vicino alla firma<\/p>\n<p class=\"wp-block-paragraph\">La\u00a0<strong>Reyer Venezia<\/strong> non viole perdere tempo, e lo sta dimostrando. Dopo l\u2019addio ad RJ Cole, la dirigenza veneta si sta muovendo in tempi rapidissimi per regalare a coach Neven Spahija una nuova coppia di esterni. Nei giorni scorsi vi avevamo detto del forte interesse per\u00a0<strong><a href=\"https:\/\/www.nbapassion.com\/lega-basket-a\/basket-mercato-a\/reyer-venezia-in-arrivo-glynn-watson-per-la-cabina-di-regia-321952\/\" rel=\"nofollow noopener\" target=\"_blank\">Glynn Watson<\/a><\/strong>, ma la dirigenza Reyer ha deciso di fare le cose in grande.<\/p>\n<p class=\"wp-block-paragraph\">Stando a quanto scrive\u00a0La Nuova Venezia, la\u00a0<strong>Reyer Venezia<\/strong> ha messo nel mirino un altro colpo ne reparto esterni:\u00a0<strong>Sir\u2019Jabari Rice<\/strong>. Rice \u00e8 una guardia statunitense classe 1998, ed \u00e8 reduce da una buonissima stagione iniziata prima al Nymburk e proseguita poi in Spagna, con la maglia di Andorra.<\/p>\n<p class=\"wp-block-paragraph\">Con la maglia del Nymburk, Rice ha prodotto\u00a0<strong>14.8 punti, 3.6 rimbalzi e 4.2 assist<\/strong> nel campionato ceco, oltre a\u00a0<strong>18.6 punti, 3.5 rimbalzi e 3.2 assist<\/strong> in BCL. In Spagna, invece, ha collezionato\u00a0<strong>13.7 punti, 3.8 rimbalzi e 3.9 assist<\/strong> di media. Numeri di assoluto rilievo che hanno convinto la Reyer a puntare forte su di lui.<\/p>\n<p class=\"wp-block-paragraph\">La coppia Glynn Watson \u2013 Sir\u00ecJabari Rice garantirebbe a coach Neven Spahija due esterni in grado di dare alla Reyer Venezia molta versatilit\u00e0 e grandi capacit\u00e0 di creare vantaggi dal palleggio.<\/p>\n","protected":false},"excerpt":{"rendered":"2 Sono giorni importanti per il mercato della\u00a0Reyer Venezia. Dopo\u00a0Glynn Wartson, la dirigenza orogranata \u00e8 pronta a mettere&hellip;\n","protected":false},"author":3,"featured_media":562866,"comment_status":"","ping_status":"","sticky":false,"template":"","format":"standard","meta":{"footnotes":"","_share_on_mastodon":"0"},"categories":[1453],"tags":[1756,8858,1757,51261,1537,90,89,3697,22086,310267,245,244],"class_list":["post-562865","post","type-post","status-publish","format-standard","has-post-thumbnail","category-basket","tag-basket","tag-basket-mercato-a","tag-basketball","tag-eurocup","tag-it","tag-italia","tag-italy","tag-legabasket","tag-reyer-venezia","tag-sirjabari-rice","tag-sport","tag-sports"],"share_on_mastodon":{"url":"https:\/\/pubeurope.com\/@it\/116838606363373005","error":""},"_links":{"self":[{"href":"https:\/\/www.europesays.com\/it\/wp-json\/wp\/v2\/posts\/562865","targetHints":{"allow":["GET"]}}],"collection":[{"href":"https:\/\/www.europesays.com\/it\/wp-json\/wp\/v2\/posts"}],"about":[{"href":"https:\/\/www.europesays.com\/it\/wp-json\/wp\/v2\/types\/post"}],"author":[{"embeddable":true,"href":"https:\/\/www.europesays.com\/it\/wp-json\/wp\/v2\/users\/3"}],"replies":[{"embeddable":true,"href":"https:\/\/www.europesays.com\/it\/wp-json\/wp\/v2\/comments?post=562865"}],"version-history":[{"count":0,"href":"https:\/\/www.europesays.com\/it\/wp-json\/wp\/v2\/posts\/562865\/revisions"}],"wp:featuredmedia":[{"embeddable":true,"href":"https:\/\/www.europesays.com\/it\/wp-json\/wp\/v2\/media\/562866"}],"wp:attachment":[{"href":"https:\/\/www.europesays.com\/it\/wp-json\/wp\/v2\/media?parent=562865"}],"wp:term":[{"taxonomy":"category","embeddable":true,"href":"https:\/\/www.europesays.com\/it\/wp-json\/wp\/v2\/categories?post=562865"},{"taxonomy":"post_tag","embeddable":true,"href":"https:\/\/www.europesays.com\/it\/wp-json\/wp\/v2\/tags?post=562865"}],"curies":[{"name":"wp","href":"https:\/\/api.w.org\/{rel}","templated":true}]}}