{"id":562896,"date":"2026-06-30T11:03:22","date_gmt":"2026-06-30T11:03:22","guid":{"rendered":"https:\/\/www.europesays.com\/it\/562896\/"},"modified":"2026-06-30T11:03:22","modified_gmt":"2026-06-30T11:03:22","slug":"jacquemus-porta-la-moda-in-corsica-tra-gli-ospiti-alexandra-leclerc-la-nonna-liline-e-isabelle-huppert","status":"publish","type":"post","link":"https:\/\/www.europesays.com\/it\/562896\/","title":{"rendered":"Jacquemus porta la moda in Corsica: tra gli ospiti Alexandra Leclerc, la nonna Liline e Isabelle Huppert"},"content":{"rendered":"<p>    di<br \/>\n    Federica Bandirali<\/p>\n<p class=\"summary-art is-line-h-12\">Tra i paesaggi della Corsica, Jacquemus presenta la sua nuova collezione in una sfilata che celebra natura, emozioni e radici familiari. Tra gli ospiti, Isabelle Huppert, Alexandra Leclerc e l&#8217;amata nonna dello stilista, Liline Jacquemus<\/p>\n<p class=\"chapter-paragraph\">La Corsica diventa il palcoscenico dell&#8217;ultima visione di Simon Porte Jacquemus, che sceglie l&#8217;isola mediterranea per una sfilata capace di fondere paesaggio, memoria e poesia. Un d\u00e9fil\u00e9 immerso nella natura, dove la luce, la macchia mediterranea e il mare hanno fatto da cornice a una collezione che riafferma il legame dello stilista con le sue radici e con un&#8217;estetica essenziale ma profondamente evocativa.  Tra gli ospiti in prima fila spiccava Isabelle Huppert, icona di eleganza senza tempo, affiancata da Alexandra Leclerc, volto tra i pi\u00f9 osservati dell&#8217;evento. A rendere ancora pi\u00f9 emozionante la sfilata \u00e8 stata per\u00f2 la presenza di Liline Jacquemus, la nonna dello stilista, figura centrale nell&#8217;immaginario personale e creativo del fondatore della maison. La sua partecipazione ha aggiunto una dimensione intima a uno spettacolo gi\u00e0 fortemente autobiografico.\u00a0<\/p>\n<p>        <img decoding=\"async\" class=\"is_full_image\" loading=\"lazy\" alt=\"Jacquemus porta la moda in Corsica: tra gli ospiti Alexandra Leclerc, la nonna Liline e Isabelle Huppert\" src=\"https:\/\/www.europesays.com\/it\/wp-content\/uploads\/2026\/06\/6a428ffb88f87.jpeg\" data-full-src=\"https:\/\/www.europesays.com\/it\/wp-content\/uploads\/2026\/06\/6a428ffb88f87.jpeg\"\/><\/p>\n<p>        <img decoding=\"async\" class=\"is_full_image\" loading=\"lazy\" alt=\"Jacquemus porta la moda in Corsica: tra gli ospiti Alexandra Leclerc, la nonna Liline e Isabelle Huppert\" src=\"https:\/\/www.europesays.com\/it\/wp-content\/uploads\/2026\/06\/6a4290278d1bd.jpeg\" data-full-src=\"https:\/\/www.europesays.com\/it\/wp-content\/uploads\/2026\/06\/6a4290278d1bd.jpeg\"\/><\/p>\n<p>        <img decoding=\"async\" class=\"is_full_image\" loading=\"lazy\" alt=\"Jacquemus porta la moda in Corsica: tra gli ospiti Alexandra Leclerc, la nonna Liline e Isabelle Huppert\" src=\"https:\/\/www.europesays.com\/it\/wp-content\/uploads\/2026\/06\/6a429037221f3.jpeg\" data-full-src=\"https:\/\/www.europesays.com\/it\/wp-content\/uploads\/2026\/06\/6a429037221f3.jpeg\"\/><\/p>\n<p class=\"chapter-paragraph\">Da sempre, Jacquemus costruisce le proprie collezioni intrecciando moda e ricordi familiari, trasformando ogni sfilata in un racconto personale. La scelta della Corsica, con i suoi paesaggi selvaggi e autentici, conferma ancora una volta la volont\u00e0 del designer di allontanarsi dai codici tradizionali delle passerelle per creare esperienze immersive, dove il territorio diventa parte integrante della narrazione creativa.    &#13;<br \/>\n&#13;<br \/>\n&#13;<br \/>\n&#13;<br \/>\n&#13;<br \/>\n&#13;<br \/>\n&#13;<br \/>\n&#13;<br \/>\n&#13;<br \/>\n&#13;<br \/>\n&#13;<br \/>\n&#13;<br \/>\n&#13;<br \/>\n&#13;<br \/>\n&#13;<br \/>\n&#13;<br \/>\n&#13;<br \/>\n&#13;<br \/>\n&#13;<br \/>\n&#13;<br \/>\n&#13;<br \/>\n&#13;<br \/>\n&#13;<br \/>\n&#13;<br \/>\n&#13;<br \/>\n&#13;<br \/>\n&#13;<br \/>\n&#13;<br \/>\n&#13;<br \/>\n&#13;<br \/>\n&#13;<br \/>\n&#13;<br \/>\n&#13;<br \/>\n&#13;<br \/>\n&#13;<br \/>\n&#13;<br \/>\n&#13;<br \/>\n&#13;<br \/>\n&#13;<br \/>\n&#13;<br \/>\n&#13;<br \/>\n&#13;<br \/>\n&#13;<br \/>\n&#13;<br \/>\n&#13;<br \/>\n&#13;<br \/>\n&#13;<br \/>\n&#13;<br \/>\n&#13;<br \/>\n&#13;<br \/>\n&#13;<br \/>\n&#13;<br \/>\n&#13;\n<\/p>\n<p>        <img decoding=\"async\" class=\"is_full_image\" loading=\"lazy\" alt=\"Jacquemus porta la moda in Corsica: tra gli ospiti Alexandra Leclerc, la nonna Liline e Isabelle Huppert\" src=\"https:\/\/www.europesays.com\/it\/wp-content\/uploads\/2026\/06\/6a4290699c25f.jpeg\" data-full-src=\"https:\/\/www.europesays.com\/it\/wp-content\/uploads\/2026\/06\/6a4290699c25f.jpeg\"\/><\/p>\n<p>        <img decoding=\"async\" class=\"is_full_image\" loading=\"lazy\" alt=\"Jacquemus porta la moda in Corsica: tra gli ospiti Alexandra Leclerc, la nonna Liline e Isabelle Huppert\" src=\"https:\/\/www.europesays.com\/it\/wp-content\/uploads\/2026\/06\/6a429079ca522.jpeg\" data-full-src=\"https:\/\/www.europesays.com\/it\/wp-content\/uploads\/2026\/06\/6a429079ca522.jpeg\"\/><\/p>\n<p class=\"is-last-update\" datetime=\"2026-06-30T11:24:16+02:00\">30 giugno 2026 ( modifica il 30 giugno 2026 | 11:24)<\/p>\n<p class=\"is-copyright\">\n            \u00a9 RIPRODUZIONE RISERVATA\n        <\/p>\n","protected":false},"excerpt":{"rendered":"di Federica Bandirali Tra i paesaggi della Corsica, Jacquemus presenta la sua nuova collezione in una sfilata che&hellip;\n","protected":false},"author":3,"featured_media":562897,"comment_status":"","ping_status":"","sticky":false,"template":"","format":"standard","meta":{"footnotes":"","_share_on_mastodon":"0"},"categories":[1451],"tags":[41409,263512,1621,1620,16802,21170,203,6055,268758,204,54465,268759,1537,90,89,310276,7754,310277,310278,16493,9424,55635,12543],"class_list":["post-562896","post","type-post","status-publish","format-standard","has-post-thumbnail","category-celebrita","tag-alexandra","tag-alexandra-leclerc","tag-celebrita","tag-celebrities","tag-collezione","tag-corsica","tag-entertainment","tag-familiari","tag-huppert","tag-intrattenimento","tag-isabelle","tag-isabelle-huppert","tag-it","tag-italia","tag-italy","tag-jacquemus","tag-leclerc","tag-liline","tag-liline-jacquemus","tag-nonna","tag-ospiti","tag-sfilata","tag-stilista"],"share_on_mastodon":{"url":"https:\/\/pubeurope.com\/@it\/116838729132227434","error":""},"_links":{"self":[{"href":"https:\/\/www.europesays.com\/it\/wp-json\/wp\/v2\/posts\/562896","targetHints":{"allow":["GET"]}}],"collection":[{"href":"https:\/\/www.europesays.com\/it\/wp-json\/wp\/v2\/posts"}],"about":[{"href":"https:\/\/www.europesays.com\/it\/wp-json\/wp\/v2\/types\/post"}],"author":[{"embeddable":true,"href":"https:\/\/www.europesays.com\/it\/wp-json\/wp\/v2\/users\/3"}],"replies":[{"embeddable":true,"href":"https:\/\/www.europesays.com\/it\/wp-json\/wp\/v2\/comments?post=562896"}],"version-history":[{"count":0,"href":"https:\/\/www.europesays.com\/it\/wp-json\/wp\/v2\/posts\/562896\/revisions"}],"wp:featuredmedia":[{"embeddable":true,"href":"https:\/\/www.europesays.com\/it\/wp-json\/wp\/v2\/media\/562897"}],"wp:attachment":[{"href":"https:\/\/www.europesays.com\/it\/wp-json\/wp\/v2\/media?parent=562896"}],"wp:term":[{"taxonomy":"category","embeddable":true,"href":"https:\/\/www.europesays.com\/it\/wp-json\/wp\/v2\/categories?post=562896"},{"taxonomy":"post_tag","embeddable":true,"href":"https:\/\/www.europesays.com\/it\/wp-json\/wp\/v2\/tags?post=562896"}],"curies":[{"name":"wp","href":"https:\/\/api.w.org\/{rel}","templated":true}]}}