{"id":563023,"date":"2026-06-30T12:57:17","date_gmt":"2026-06-30T12:57:17","guid":{"rendered":"https:\/\/www.europesays.com\/it\/563023\/"},"modified":"2026-06-30T12:57:17","modified_gmt":"2026-06-30T12:57:17","slug":"geolier-la-possibile-scaletta-del-concerto-a-firenze-i-sky-tg24","status":"publish","type":"post","link":"https:\/\/www.europesays.com\/it\/563023\/","title":{"rendered":"Geolier, la possibile scaletta del concerto a Firenze I Sky TG24"},"content":{"rendered":"<p>Dopo la conclusione del tour negli stadi, <strong>Geolier<\/strong> alzer\u00e0 il sipario sulla tourn\u00e9e estiva. Il 2 luglio il rapper sar\u00e0 in concerto all\u2019Ippodromo del Visarno di <strong>Firenze<\/strong>. Ecco tutto quello che c\u2019\u00e8 da sapere sull\u2019atteso spettacolo: dall\u2019orario di inizio alle canzoni che potrebbero essere proposte.<\/p>\n<p>\t\t \tgeolier a Firenze, la possibile scaletta<\/p>\n<p>Domenica 28 giugno <a data-intcmp=\"skytg24_foglia articolo_interlink_text\" href=\"https:\/\/tg24.sky.it\/spettacolo\/musica\/2026\/06\/14\/geolier-concerto-milano-san-siro\" rel=\"nofollow noopener\" target=\"_blank\">Geolier<\/a> ha concluso la tourn\u00e9e negli stadi con lo show in scena allo stadio Diego Armando Maradona. Poco dopo la fine dello spettacolo, il rapper ha scritto sul suo profilo Instagram da oltre tre milioni di follower: \u201cNapoli sei stata speciale. Napoli a te devo tutto. Napoli a te appartengo. Napoli non mi abbandonare mai perch\u00e9 abbandoneresti tuo figlio. Napoli grazie da Emanuele\u201d. <strong>Gioved\u00ec 2 luglio<\/strong> l\u2019artista dar\u00e0 il via al tour estivo con lo show in scena all\u2019<strong>Ippodromo del Visarno<\/strong> di Firenze. Stando a quanto comunicato dal sito di <a data-intcmp-qp=\"skytg24_foglia articolo_interlink_text\" href=\"https:\/\/www.ticketone.it\/event\/geolier-summer-festival-tour-2026-ippodromo-del-visarno-21312377\/\" rel=\"nofollow noopener\" target=\"_blank\">Ticketone<\/a>, lo spettacolo avr\u00e0 inizio alle <strong>ore 21.00<\/strong>. Al momento il rapper non ha rilasciato dichiarazioni ufficiali sulla possibile scaletta della serata, attesi i suoi brani pi\u00f9 amati e quelli tratti dall\u2019album Tutto \u00e8 possibile uscito a inizio anno. Queste le canzoni proposte il 13 giugno al concerto allo stadio San Siro di Milano:<\/p>\n<p>\u00a0<\/p>\n<p>INTRO<\/p>\n<p>EL PIBE DE ORO<\/p>\n<p>NU PARL, NU SENT, NU VEC<\/p>\n<p>081<\/p>\n<p>ME VULEV FA RUOSS<\/p>\n<p>SCUMPAR<\/p>\n<p>\u00a0<\/p>\n<p><strong>SIGILLO PROMESSA<\/strong><\/p>\n<p>CAPO<\/p>\n<p>1H<\/p>\n<p>SI STAT\u2019 TU<\/p>\n<p>SO FLY<\/p>\n<p>2 SECONDI<\/p>\n<p>CHE SOLE OGGI<\/p>\n<p>MONEY<\/p>\n<p>L\u2019ULTIMA POESIA<\/p>\n<p>(MEDLEY) X CASO<\/p>\n<p>(MEDLEY) M\u2019 MANC<\/p>\n<p>(MEDLEY) 2 GIORNI DI FILA<\/p>\n<p>\u00a0<\/p>\n<p><strong>SIGILLO SANGUE<\/strong><\/p>\n<p>STELLE<\/p>\n<p>NAPO****NO<\/p>\n<p>MAI PER SEMPRE<\/p>\n<p>PER SEMPRE<\/p>\n<p>CHIAGNE feat. LAZZA<\/p>\n<p>MONCLER<\/p>\n<p>FOTOGRAFIA<\/p>\n<p>EPISODIO D\u2019AMORE<\/p>\n<p>(MEDLEY) VOGL SUL A TE<\/p>\n<p>(MEDLEY) NA CATENA<\/p>\n<p>\u00a0<\/p>\n<p><strong>SIGILLO RISCATTO<\/strong><\/p>\n<p>BAD BAD BAD feat. SHIVA<\/p>\n<p>NARCOS<\/p>\n<p>OL\u00c8 feat. KID YUGI<\/p>\n<p>AMO MA CHI T SAP feat. MV KILLA<\/p>\n<p>CADILLAC feat. MV KILLA<\/p>\n<p>FACIL FACIL<\/p>\n<p>UN RICCO E UN POVERO<\/p>\n<p>CANZONE D\u2019AMORE<\/p>\n<p>IL MALE CHE MI FAI<\/p>\n<p>CAMPIONI IN ITALIA<\/p>\n<p>P SECONDIGLIANO<\/p>\n<p>TUTTO \u00c8 POSSIBILE<\/p>\n<p>SONNAMBULO<\/p>\n<p>I P\u2019 ME, TU P\u2019 TE<\/p>\n<p>\u00a0<\/p>\n<p><strong>SIGILLO GLORIA<\/strong><\/p>\n<p>FINCH\u00c9 NON SI MUORE<\/p>\n<p>COME VUOI<\/p>\n<p>A NAPOLI NON PIOVE<\/p>\n<p>GIVE YOU MY LOVE<\/p>\n<p>\t\t\t<a class=\"c-inline-card j-inline-card c-inline-card--with-image\" href=\"https:\/\/tg24.sky.it\/spettacolo\/musica\/2026\/06\/29\/geolier-concerti-napoli-2027\" rel=\"follow nofollow noopener\" data-intcmp=\"skytg24_articolo_approfondimenti_inline\" target=\"_blank\"><\/p>\n<p>\t\t\t         <img decoding=\"async\" crossorigin=\"anonymous\" alt=\"\" src=\"https:\/\/www.europesays.com\/it\/wp-content\/uploads\/2026\/06\/1782824235_684_41-geolier-ipa.jpg\"  loading=\"lazy\"  bad-src=\"https:\/\/www.europesays.com\/it\/wp-content\/uploads\/2026\/06\/1782824235_684_41-geolier-ipa.jpg\"\/><\/p>\n<p>\n\t\t\t         Approfondimento<br \/>\n\t\t\t         Geolier, sei date allo stadio Maradona nel 2027\n\t\t\t      <\/p>\n<p>\t\t\t<\/a><\/p>\n<p>Dopo l\u2019appuntamento di Firenze, Geolier proseguir\u00e0 la tourn\u00e9e con lo show in programma a <strong>Bari<\/strong> in occasione dell\u2019Oversound Music Festival. Previsti concerti anche nelle citt\u00e0 di <strong>Riccione<\/strong> e <strong>Santa Maria del Cedro<\/strong>. Questo il calendario con tutti i dettagli degli spettacoli:<\/p>\n<ul>\n<li>4 luglio, Bari &#8211; Oversound Music Festival<\/li>\n<li>11 luglio, Riccione &#8211; Piazzale Roma<\/li>\n<li>23 agosto, Santa Maria del Cedro &#8211; Arena dei Cedri<\/li>\n<\/ul>\n<p>\u00a0<\/p>\n<p>Il prossimo anno <a data-intcmp=\"skytg24_foglia articolo_interlink_text\" href=\"https:\/\/tg24.sky.it\/spettacolo\/musica\/2026\/06\/05\/geolier-autorita\" rel=\"nofollow noopener\" target=\"_blank\">il rapper<\/a> torner\u00e0 in concerto con sei attesi appuntamenti allo stadio Diego Armando Maradona di <strong>Napoli<\/strong>. I primi tre spettacoli hanno gi\u00e0 registrato il tutto esaurito. Ecco gli appuntamenti:<\/p>\n<ul>\n<li>9 giugno, Napoli &#8211; stadio Diego Armando Maradona<\/li>\n<li>10 giugno, Napoli &#8211; stadio Diego Armando Maradona<\/li>\n<li>11 giugno, Napoli &#8211; stadio Diego Armando Maradona<\/li>\n<li>13 giugno, Napoli &#8211; stadio Diego Armando Maradona<\/li>\n<li>14 giugno, Napoli &#8211; stadio Diego Armando Maradona<\/li>\n<li>15 giugno, Napoli &#8211; stadio Diego Armando Maradona<\/li>\n<\/ul>\n<p>\t\t\t<a class=\"c-inline-card j-inline-card c-inline-card--with-image\" href=\"https:\/\/tg24.sky.it\/spettacolo\/musica\/2026\/06\/14\/geolier-concerto-milano-san-siro\" rel=\"follow nofollow noopener\" data-intcmp=\"skytg24_articolo_approfondimenti_inline\" target=\"_blank\"><\/p>\n<p>\t\t\t         <img decoding=\"async\" crossorigin=\"anonymous\" alt=\"\" src=\"https:\/\/www.europesays.com\/it\/wp-content\/uploads\/2026\/06\/03-crediti-foto-ciro-di-bello.jpg\"  loading=\"lazy\"  bad-src=\"https:\/\/www.europesays.com\/it\/wp-content\/uploads\/2026\/06\/03-crediti-foto-ciro-di-bello.jpg\"\/><\/p>\n<p>\n\t\t\t         Approfondimento<br \/>\n\t\t\t         Geolier vola su San Siro: \u201cLa divisione tra Nord e Sud non esiste\u201d\n\t\t\t      <\/p>\n<p>\t\t\t<\/a><\/p>\n","protected":false},"excerpt":{"rendered":"Dopo la conclusione del tour negli stadi, Geolier alzer\u00e0 il sipario sulla tourn\u00e9e estiva. Il 2 luglio il&hellip;\n","protected":false},"author":3,"featured_media":563024,"comment_status":"","ping_status":"","sticky":false,"template":"","format":"standard","meta":{"footnotes":"","_share_on_mastodon":"0"},"categories":[1443],"tags":[2943,203,9630,204,1537,90,89,1538,1539],"class_list":["post-563023","post","type-post","status-publish","format-standard","has-post-thumbnail","category-musica","tag-concerti","tag-entertainment","tag-geolier","tag-intrattenimento","tag-it","tag-italia","tag-italy","tag-music","tag-musica"],"share_on_mastodon":{"url":"https:\/\/pubeurope.com\/@it\/116839176496002247","error":""},"_links":{"self":[{"href":"https:\/\/www.europesays.com\/it\/wp-json\/wp\/v2\/posts\/563023","targetHints":{"allow":["GET"]}}],"collection":[{"href":"https:\/\/www.europesays.com\/it\/wp-json\/wp\/v2\/posts"}],"about":[{"href":"https:\/\/www.europesays.com\/it\/wp-json\/wp\/v2\/types\/post"}],"author":[{"embeddable":true,"href":"https:\/\/www.europesays.com\/it\/wp-json\/wp\/v2\/users\/3"}],"replies":[{"embeddable":true,"href":"https:\/\/www.europesays.com\/it\/wp-json\/wp\/v2\/comments?post=563023"}],"version-history":[{"count":0,"href":"https:\/\/www.europesays.com\/it\/wp-json\/wp\/v2\/posts\/563023\/revisions"}],"wp:featuredmedia":[{"embeddable":true,"href":"https:\/\/www.europesays.com\/it\/wp-json\/wp\/v2\/media\/563024"}],"wp:attachment":[{"href":"https:\/\/www.europesays.com\/it\/wp-json\/wp\/v2\/media?parent=563023"}],"wp:term":[{"taxonomy":"category","embeddable":true,"href":"https:\/\/www.europesays.com\/it\/wp-json\/wp\/v2\/categories?post=563023"},{"taxonomy":"post_tag","embeddable":true,"href":"https:\/\/www.europesays.com\/it\/wp-json\/wp\/v2\/tags?post=563023"}],"curies":[{"name":"wp","href":"https:\/\/api.w.org\/{rel}","templated":true}]}}