{"id":563056,"date":"2026-06-30T13:24:21","date_gmt":"2026-06-30T13:24:21","guid":{"rendered":"https:\/\/www.europesays.com\/it\/563056\/"},"modified":"2026-06-30T13:24:21","modified_gmt":"2026-06-30T13:24:21","slug":"editoriale-di-vogue-italia-luglio-2026","status":"publish","type":"post","link":"https:\/\/www.europesays.com\/it\/563056\/","title":{"rendered":"Editoriale di Vogue Italia Luglio 2026"},"content":{"rendered":"<p>Editoriale di Vogue Italia Luglio 2026<\/p>\n<p>Moda e danza hanno in comune la passione per il movimento, proprio come Vogue e Madonna condividono da sempre quella per il <strong>dancefloor<\/strong>: uno spazio che, ben oltre il <a href=\"https:\/\/www.vogue.it\/news\/article\/voguing-ballo-movimento-ispirato-vogue\" target=\"_blank\" rel=\"nofollow noopener\">voguing<\/a>, \u00e8 simbolo di libert\u00e0 d\u2019espressione, leggerezza, identit\u00e0 e vicinanza. Una vicinanza autentica tra le persone che oggi sembra sempre pi\u00f9 difficile da conquistare in un mondo che, soprattutto attraverso i social, spesso ci allontana pi\u00f9 di quanto ci unisca. \u201cWhen I feel alone I always want to bring you near because you bring a smile right here\u201d. Sono le prime parole del pezzo Love Sensation. \u00c8 su tutte le piste da ballo del mondo che proprio nei prossimi giorni ascolteremo il nuovo disco di Madonna: <a href=\"https:\/\/www.vogue.it\/article\/madonna-confessions-on-a-dance-floor-part-2-20-anni-fa\" target=\"_blank\" rel=\"nofollow noopener\">Confessions II<\/a>.<\/p>\n<p>Leggi anche: <a href=\"https:\/\/www.vogue.it\/article\/intervista-madonna-cover-vogue-italia-luglio-2026-esclusiva\" target=\"_blank\" rel=\"nofollow noopener\"><strong>Madonna torna a confessarsi in questa intervista esclusiva per la cover di Vogue Italia di luglio 2026: \u00abLa mia musica dance \u00e8 un antidoto all&#8217;isolamento\u00bb<\/strong><\/a><\/p>\n<p>Quando vivevo a New York mi capitava spesso di andare a bere un drink al <strong>Pyramid Club<\/strong>, uno dei locali simbolo della scena downtown newyorkese frequentata da Madonna agli inizi della sua carriera, un punto di incontro fondamentale per le culture queer, drag, punk e artistiche dell\u2019East Village negli anni 80. Una volta dentro, ci si divertiva a immaginare come poteva essere in quell\u2019epoca. Oggi che luoghi del genere sono molto pi\u00f9 rari, \u00e8 ancora pi\u00f9 importante celebrarne i valori e l\u2019energia creativa che ha contribuito a formare una certa estetica e un\u2019idea di libert\u00e0. <a href=\"https:\/\/www.vogue.it\/article\/intervista-madonna-cover-vogue-italia-luglio-2026-esclusiva\" target=\"_blank\" rel=\"nofollow noopener\">Paolo Armelli, che ha intervistato Madonna<\/a> per noi, mi faceva notare quanto sia fondamentale avere icone cos\u00ec a cui fare riferimento in tempi difficili come questi, perch\u00e9 si sono sempre battute per i diritti \u00abaprendo delle strade che spesso diamo per scontate\u00bb. Prima di parlarle era nervosissimo perch\u00e9 temeva non si volesse concedere troppo. Invece si \u00e8 scusata per aver posticipato di mezz\u2019ora l\u2019intervista e gli ha parlato con grande entusiasmo e disponibilit\u00e0 (ha persino raccontato come riesce a staccare la spina!).<\/p>\n<p>Questa cover da collezione \u00e8 dedicata alla <strong>comunit\u00e0 LGBTQIA+<\/strong> che l\u2019ha sempre supportata, ma \u00e8 anche un tributo alla sua storia con Vogue e, in particolare, con Vogue Italia, che l\u2019ha ritratta e raccontata attraverso tutte le fasi della sua vita e della storia stessa del giornale: da Steven Klein a Steven Meisel, da Mert &amp; Marcus fino a <a href=\"https:\/\/www.vogue.it\/article\/rafael-pavarotti-fotografo-copertine-vogue-italia\" target=\"_blank\" rel=\"nofollow noopener\">Rafael Pavarotti<\/a> e IB Kamara. Non stupisce, quindi, la sintonia nata tra loro. Una connessione istintiva, certamente, alimentata da una passione comune per l\u2019energia, la musica e la creazione. Sia IB Kamara sia Rafael Pavarotti amano costruire immagini, ma adorano anche ballare. E questo \u00e8 un numero che, con ogni probabilit\u00e0, ci far\u00e0 ballare. Quando ho chiesto a entrambi cosa avesse significato lavorare con Madonna, le loro risposte hanno raccontato molto pi\u00f9 di una semplice collaborazione \u2013 <strong>un vero viaggio creativo che meritava di atterrare anche su questa copertina con uno scatto inedito<\/strong>.<\/p>\n","protected":false},"excerpt":{"rendered":"Editoriale di Vogue Italia Luglio 2026 Moda e danza hanno in comune la passione per il movimento, proprio&hellip;\n","protected":false},"author":3,"featured_media":563057,"comment_status":"","ping_status":"","sticky":false,"template":"","format":"standard","meta":{"footnotes":"","_share_on_mastodon":"0"},"categories":[1443],"tags":[16649,203,204,1537,90,89,1538,1539],"class_list":["post-563056","post","type-post","status-publish","format-standard","has-post-thumbnail","category-musica","tag-editoriale","tag-entertainment","tag-intrattenimento","tag-it","tag-italia","tag-italy","tag-music","tag-musica"],"share_on_mastodon":{"url":"https:\/\/pubeurope.com\/@it\/116839282519940235","error":""},"_links":{"self":[{"href":"https:\/\/www.europesays.com\/it\/wp-json\/wp\/v2\/posts\/563056","targetHints":{"allow":["GET"]}}],"collection":[{"href":"https:\/\/www.europesays.com\/it\/wp-json\/wp\/v2\/posts"}],"about":[{"href":"https:\/\/www.europesays.com\/it\/wp-json\/wp\/v2\/types\/post"}],"author":[{"embeddable":true,"href":"https:\/\/www.europesays.com\/it\/wp-json\/wp\/v2\/users\/3"}],"replies":[{"embeddable":true,"href":"https:\/\/www.europesays.com\/it\/wp-json\/wp\/v2\/comments?post=563056"}],"version-history":[{"count":0,"href":"https:\/\/www.europesays.com\/it\/wp-json\/wp\/v2\/posts\/563056\/revisions"}],"wp:featuredmedia":[{"embeddable":true,"href":"https:\/\/www.europesays.com\/it\/wp-json\/wp\/v2\/media\/563057"}],"wp:attachment":[{"href":"https:\/\/www.europesays.com\/it\/wp-json\/wp\/v2\/media?parent=563056"}],"wp:term":[{"taxonomy":"category","embeddable":true,"href":"https:\/\/www.europesays.com\/it\/wp-json\/wp\/v2\/categories?post=563056"},{"taxonomy":"post_tag","embeddable":true,"href":"https:\/\/www.europesays.com\/it\/wp-json\/wp\/v2\/tags?post=563056"}],"curies":[{"name":"wp","href":"https:\/\/api.w.org\/{rel}","templated":true}]}}