{"id":563113,"date":"2026-06-30T14:14:17","date_gmt":"2026-06-30T14:14:17","guid":{"rendered":"https:\/\/www.europesays.com\/it\/563113\/"},"modified":"2026-06-30T14:14:17","modified_gmt":"2026-06-30T14:14:17","slug":"milan-per-la-difesa-si-scalda-il-nome-di-goncalo-inacio","status":"publish","type":"post","link":"https:\/\/www.europesays.com\/it\/563113\/","title":{"rendered":"Milan, per la difesa si scalda il nome di Gon\u00e7alo Inacio"},"content":{"rendered":"<p>                                Dopo la fumata grigia per Antonio Silva, il club rossonero sposta l&#8217;attenzione sul centrale dello Sporting, che Amorim ha gi\u00e0 allenato. Proposto Tiago Gabriel (Lecce)<\/p>\n<p class=\"paragraph\" spellcheck=\"true\">Magari non proprio gi\u00e0 portato a casa, ma fino a qualche ora fa la pista che conduce(va) ad Antonio Silva pareva decisamente pi\u00f9 calda. Poi il Milan ha picchiato contro il muro del Benfica, un muro che non si aspettava di trovare. Quanto meno, non di quello spessore. A quanto pare il tecnico Marco Silva intende puntare su di lui, e a quanto pare il club (a partire dal presidente Rui Costa) non intende trattare un&#8217;eventuale cessione al ribasso, sebbene il giocatore scada nel 2027. Pu\u00f2 trattarsi di normali schermaglie e strategie per spuntare una cifra migliore, e se cos\u00ec fosse basterebbe attendere un po&#8217;. Ma c&#8217;\u00e8 un problema: il Milan ha nel difensore centrale una priorit\u00e0 assoluta, cos\u00ec come lo era il centravanti. L&#8217;obiettivo di Cardinale \u00e8 riempire le caselle pi\u00f9 importanti il prima possibile, in modo da garantire ad Amorim una base di lavoro sicura. E quindi se da un lato lo scorrere del tempo potrebbe costituire alla lunga un vantaggio per il Diavolo, mettendo in una situazione scomoda il Benfica, dall&#8217;altro \u00e8 difficile pensare che Mendes abbia avuto mandato per proseguire a oltranza il dialogo col club di Lisbona.<\/p>\n<p>        contratto\u2014 \u00a0<\/p>\n<p class=\"paragraph\" spellcheck=\"true\">Ci si sposta dunque anche su altri orizzonti anche se, banalmente, si rimane all&#8217;interno dell&#8217;universo portoghese. Il nome pi\u00f9 caldo ora \u00e8 diventato quello di Gon\u00e7alo Inacio, 24enne centrale dello Sporting Lisbona. E&#8217; l&#8217;altro nome assai gradito ad Amorim, anche se in questo caso i costi di cartellino salgono dal momento che il contratto scadr\u00e0 soltanto nel 2030 ed \u00e8 un titolarissimo dei biancoverdi. La filosofia societaria del Milan per\u00f2 quest&#8217;anno \u00e8 cambiata rispetto alle scorse stagioni, come dimostra bene l&#8217;acquisto record di Ramos. Non significa spendere indiscriminatamente, \u00e8 ovvio, ma contemplare piuttosto anche la possibilit\u00e0 di fare un investimento corposo e mirato su un singolo giocatore invece di spalmare una cifra su pi\u00f9 profili di cabotaggio mediocre. In fondo \u00e8 questa la grande novit\u00e0 del Milan di RedBird edizione &#8217;26-27.<\/p>\n<p><a class=\"is-partner-link\" href=\"https:\/\/aipredictor.gazzetta.it\/?intcmp=calciomercato\" rel=\"nofollow noopener\" target=\"_blank\">Promo Mondiale 1\u20ac al mese per 3 mesi &#8211; Scopri chi vince con Gazzetta AI Predictor!<\/a><\/p>\n<p>        vincitori insieme\u2014 \u00a0<\/p>\n<p class=\"paragraph\" spellcheck=\"true\">Inacio piace non solo perch\u00e9 pu\u00f2 essere impiegato in una difesa a tre come a quattro, ma perch\u00e9 \u00e8 abile in fase di impostazione e ha piedi educati. Amorim lo conosce bene perch\u00e9 lo ha allenato allo Sporting, quattro stagioni in cui insieme hanno vinto quattro titoli (fra cui due campionati). Il giocatore tra l&#8217;altro \u00e8 seguito dalla stessa agenzia di cui fa parte il tecnico, fattore che potrebbe agevolare. La cifra? Si viaggia sulla quarantina di milioni. Si scende invece, e non di poco, per il cartellino di Tiago Gabriel. Il 21enne arrivato a Lecce a gennaio del 2025 \u00e8 stato proposto alla dirigenza rossonera, che lo terr\u00e0 in considerazione anche perch\u00e9 l&#8217;esigenza sarebbe quella di portare a Milanello non uno, ma due centrali. Ad agevolare l&#8217;operazione sarebbe anche in questo caso Mendes, che ha da poco rilevato la procura del giocatore.<\/p>\n<p class=\"is-copyright\">\u00a9 RIPRODUZIONE RISERVATA<\/p>\n","protected":false},"excerpt":{"rendered":"Dopo la fumata grigia per Antonio Silva, il club rossonero sposta l&#8217;attenzione sul centrale dello Sporting, che Amorim&hellip;\n","protected":false},"author":3,"featured_media":563114,"comment_status":"","ping_status":"","sticky":false,"template":"","format":"standard","meta":{"footnotes":"","_share_on_mastodon":"0"},"categories":[1452],"tags":[14454,25261,50020,119,308678,4432,721,2859,925,310319,5370,554,6693,767,1740,8030,564,39996,310320,66808,30035,1537,90,89,6296,21098,14987,553,4092,1693,31549,1739,245,4815,244],"class_list":["post-563113","post","type-post","status-publish","format-standard","has-post-thumbnail","category-calcio","tag-agevolare","tag-allenato","tag-amorim","tag-antonio","tag-antonio-silva","tag-benfica","tag-calcio","tag-cartellino","tag-centrale","tag-centrale-sporting","tag-cifra","tag-club","tag-contratto","tag-difesa","tag-football","tag-gabriel","tag-giocatore","tag-goncalo","tag-goncalo-inacio","tag-inacio","tag-intende","tag-it","tag-italia","tag-italy","tag-lecce","tag-lisbona","tag-mendes","tag-milan","tag-muro","tag-nome","tag-silva","tag-soccer","tag-sport","tag-sporting","tag-sports"],"share_on_mastodon":{"url":"https:\/\/pubeurope.com\/@it\/116839479329084315","error":""},"_links":{"self":[{"href":"https:\/\/www.europesays.com\/it\/wp-json\/wp\/v2\/posts\/563113","targetHints":{"allow":["GET"]}}],"collection":[{"href":"https:\/\/www.europesays.com\/it\/wp-json\/wp\/v2\/posts"}],"about":[{"href":"https:\/\/www.europesays.com\/it\/wp-json\/wp\/v2\/types\/post"}],"author":[{"embeddable":true,"href":"https:\/\/www.europesays.com\/it\/wp-json\/wp\/v2\/users\/3"}],"replies":[{"embeddable":true,"href":"https:\/\/www.europesays.com\/it\/wp-json\/wp\/v2\/comments?post=563113"}],"version-history":[{"count":0,"href":"https:\/\/www.europesays.com\/it\/wp-json\/wp\/v2\/posts\/563113\/revisions"}],"wp:featuredmedia":[{"embeddable":true,"href":"https:\/\/www.europesays.com\/it\/wp-json\/wp\/v2\/media\/563114"}],"wp:attachment":[{"href":"https:\/\/www.europesays.com\/it\/wp-json\/wp\/v2\/media?parent=563113"}],"wp:term":[{"taxonomy":"category","embeddable":true,"href":"https:\/\/www.europesays.com\/it\/wp-json\/wp\/v2\/categories?post=563113"},{"taxonomy":"post_tag","embeddable":true,"href":"https:\/\/www.europesays.com\/it\/wp-json\/wp\/v2\/tags?post=563113"}],"curies":[{"name":"wp","href":"https:\/\/api.w.org\/{rel}","templated":true}]}}