{"id":563174,"date":"2026-06-30T15:01:13","date_gmt":"2026-06-30T15:01:13","guid":{"rendered":"https:\/\/www.europesays.com\/it\/563174\/"},"modified":"2026-06-30T15:01:13","modified_gmt":"2026-06-30T15:01:13","slug":"volley-bergamo-riparte-da-choruslife-accordo-triennale","status":"publish","type":"post","link":"https:\/\/www.europesays.com\/it\/563174\/","title":{"rendered":"Volley Bergamo riparte da ChorusLife: accordo triennale"},"content":{"rendered":"\n<p>Un nuovo capitolo per la pallavolo femminile bergamasca. <strong class=\"nero\">Volley Bergamo 1991<\/strong> e <strong class=\"nero\">ChorusLife <\/strong>hanno annunciato <strong class=\"nero\">un accordo triennale <\/strong>che, a partire dalla stagione sportiva 2026\/2027, porter\u00e0 la prima squadra ad assumere la denominazione di ChorusLife Volley Bergamo.<\/p>\n<p>  Volley Bergamo 1991 diventa ChorusLife Volley Bergamo <\/p>\n<p>L\u2019intesa segna l\u2019avvio di una nuova fase per una realt\u00e0 che raccoglie l\u2019eredit\u00e0 di una delle pagine pi\u00f9 prestigiose dello sport bergamasco e internazionale. La storia \u00e8 quella della grande Foppapedretti, protagonista assoluta in Italia e in Europa con otto Scudetti, sette Champions League, sei Coppe Italia, sei Supercoppe Italiane e una Cev Cup. Un patrimonio sportivo, tecnico e identitario che dal 2021 Volley Bergamo 1991 ha continuato a custodire, garantendo continuit\u00e0 a una tradizione profondamente legata alla comunit\u00e0 bergamasca.<\/p>\n<p>  L\u2019eredit\u00e0 della Foppapedretti e il futuro del volley femminile a Bergamo <\/p>\n<p>Con ChorusLife, il progetto guarda ora al futuro con rinnovata ambizione.<strong class=\"nero\"> L\u2019obiettivo \u00e8 riportare Bergamo tra le grandi protagoniste della pallavolo femminile italiana ed europea<\/strong>, investendo sul talento, sulla crescita tecnica e sull\u2019attrattivit\u00e0 del club per atlete, allenatori, partner e competenze di livello nazionale e internazionale.<\/p>\n<p>    ChorusLife e Volley Bergamo, un progetto per tornare ai vertici  <\/p>\n<p> <strong class=\"nero\">Un ruolo centrale sar\u00e0 affidato anche al settore giovanile<\/strong>. Nel nuovo percorso si inserisce infatti l\u2019integrazione della Chorus Volley Bergamo Academy, destinata a entrare nel progetto per dare vita a una filiera tecnica unitaria. L\u2019obiettivo \u00e8 accompagnare le giovani atlete lungo un cammino continuo, dalle prime esperienze sportive fino alla Serie A, valorizzando i talenti del territorio e creando le condizioni perch\u00e9 sempre pi\u00f9 ragazze possano diventare protagoniste della prima squadra.<\/p>\n<p>  Settore giovanile al centro: una filiera tecnica fino alla Serie A  <\/p>\n<p>\u00abCrediamo che lo sport sia uno straordinario strumento di crescita, inclusione e coesione sociale\u00bb, spiega <strong class=\"nero\">Fabio Bosatelli<\/strong>, Presidente di Polifin e Gewiss. \u00abPer questo abbiamo scelto di dare continuit\u00e0 alla partnership con Volley Bergamo 1991 avviata da Gewiss lo scorso anno, sostenendo anche per il prossimo triennio una realt\u00e0 che, attraverso lo sport, contribuisce ogni giorno a creare valore per la comunit\u00e0. \u00c8 una scelta che nasce dalla volont\u00e0 di investire ancora una volta sul territorio, sulle persone e sulle nuove generazioni, nella convinzione che un\u2019impresa possa contribuire concretamente alla crescita della comunit\u00e0 di cui fa parte\u00bb. <\/p>\n<p>  Sport, territorio e nuove generazioni al centro dell\u2019accordo <\/p>\n<p>\u00abCon ChorusLife abbiamo dato forma a una visione che mette al centro la qualit\u00e0 della vita, le relazioni e la partecipazione. Sostenere il Volley Bergamo, con cui abbiamo gi\u00e0 condiviso in questi anni un percorso attraverso l\u2019Academy e ospitato alcune partite della prima squadra presso la ChorusLife Arena, rappresenta un ulteriore tassello di questo percorso e del legame che continua a unirci alla citt\u00e0\u00bb, continua <strong class=\"nero\">Paolo Cervin<\/strong>i, presidente di ChorusLife e Ceo di Polifin, Gewiss e Costim Re. \u00abIl nuovo progetto rappresenta l\u2019incontro naturale tra due realt\u00e0 accomunate dalla stessa vocazione: creare luoghi nei quali le persone possano incontrarsi e condividere momenti, emozioni ed esperienze. Da una parte uno smart district aperto alla citt\u00e0, dall\u2019altra una squadra capace di coinvolgere generazioni diverse di tifosi, famiglie e giovani atlete. Entrambi contribuiscono a rafforzare il senso di appartenenza alla citt\u00e0\u00bb.<\/p>\n<p>  ChorusLife Arena e volley: un legame sempre pi\u00f9 forte con Bergamo <\/p>\n<p>\u00abQuando nel 2021 abbiamo deciso di raccogliere il testimone della grande tradizione della pallavolo femminile bergamasca, lo abbiamo fatto con il senso di responsabilit\u00e0 di chi sapeva di custodire un patrimonio che appartiene all\u2019intera citt\u00e0\u00bb, dichiara <strong class=\"nero\">Stefano Rovetta<\/strong>, socio fondatore di Volley Bergamo 1991 e membro del Consiglio di Amministrazione. \u00abOggi quel patrimonio trova una nuova prospettiva di crescita: un progetto pi\u00f9 forte, pi\u00f9 strutturato e pi\u00f9 attrattivo, costruito nel rispetto della nostra identit\u00e0 e con l\u2019ambizione di consolidare Bergamo tra i principali riferimenti della pallavolo italiana\u00bb. <\/p>\n<p>  Volley Bergamo punta su identit\u00e0, crescita e attrattivit\u00e0 <\/p>\n<p>\u00abL\u2019integrazione del settore giovanile rappresenta il cuore di questo progetto\u00bb dichiara <strong class=\"nero\">Gianpaolo Sana<\/strong>, presidente di Chorus Volley Academy, che continua: \u00abPer la prima volta costruiamo una filiera tecnica unitaria che accompagna le giovani atlete dalla formazione alla prima squadra. Significa investire sul talento del territorio e creare le condizioni affinch\u00e9 le migliori ragazze possano crescere a Bergamo, affermarsi ai massimi livelli e contribuire al futuro della nostra pallavolo\u00bb. Soddisfatta anche la sindaca di Bergamo <strong class=\"nero\">Elena Carnevali<\/strong>: \u00ab\u00c8 un progetto che rafforza il legame tra sport e comunit\u00e0 e contribuisce a promuovere l\u2019immagine di Bergamo ben oltre i confini del nostro territorio\u00bb.<\/p>\n","protected":false},"excerpt":{"rendered":"Un nuovo capitolo per la pallavolo femminile bergamasca. Volley Bergamo 1991 e ChorusLife hanno annunciato un accordo triennale&hellip;\n","protected":false},"author":3,"featured_media":563175,"comment_status":"","ping_status":"","sticky":false,"template":"","format":"standard","meta":{"footnotes":"","_share_on_mastodon":"0"},"categories":[1474],"tags":[2262,185,1970,247177,9943,2261,184,94317,310374,270276,187829,310377,14150,1537,90,89,2347,310375,2259,2260,2258,245,244,310376,1869],"class_list":["post-563174","post","type-post","status-publish","format-standard","has-post-thumbnail","category-volley","tag-adolescenza","tag-affari-e-finanza","tag-champions-league","tag-chorus-volley-bergamo-academy","tag-contratti","tag-costume","tag-economia","tag-elena-carnevali","tag-fabio-bosatelli","tag-funzionari-aziendali","tag-gewiss","tag-gianpaolo-sana","tag-informazione-dimpresa","tag-it","tag-italia","tag-italy","tag-pallavolo","tag-paolo-cervini","tag-questioni-sociali-generico","tag-sentimenti","tag-sociale","tag-sport","tag-sports","tag-stefano-rovetta","tag-volley"],"share_on_mastodon":{"url":"https:\/\/pubeurope.com\/@it\/116839663918825528","error":""},"_links":{"self":[{"href":"https:\/\/www.europesays.com\/it\/wp-json\/wp\/v2\/posts\/563174","targetHints":{"allow":["GET"]}}],"collection":[{"href":"https:\/\/www.europesays.com\/it\/wp-json\/wp\/v2\/posts"}],"about":[{"href":"https:\/\/www.europesays.com\/it\/wp-json\/wp\/v2\/types\/post"}],"author":[{"embeddable":true,"href":"https:\/\/www.europesays.com\/it\/wp-json\/wp\/v2\/users\/3"}],"replies":[{"embeddable":true,"href":"https:\/\/www.europesays.com\/it\/wp-json\/wp\/v2\/comments?post=563174"}],"version-history":[{"count":0,"href":"https:\/\/www.europesays.com\/it\/wp-json\/wp\/v2\/posts\/563174\/revisions"}],"wp:featuredmedia":[{"embeddable":true,"href":"https:\/\/www.europesays.com\/it\/wp-json\/wp\/v2\/media\/563175"}],"wp:attachment":[{"href":"https:\/\/www.europesays.com\/it\/wp-json\/wp\/v2\/media?parent=563174"}],"wp:term":[{"taxonomy":"category","embeddable":true,"href":"https:\/\/www.europesays.com\/it\/wp-json\/wp\/v2\/categories?post=563174"},{"taxonomy":"post_tag","embeddable":true,"href":"https:\/\/www.europesays.com\/it\/wp-json\/wp\/v2\/tags?post=563174"}],"curies":[{"name":"wp","href":"https:\/\/api.w.org\/{rel}","templated":true}]}}