{"id":563219,"date":"2026-06-30T15:38:23","date_gmt":"2026-06-30T15:38:23","guid":{"rendered":"https:\/\/www.europesays.com\/it\/563219\/"},"modified":"2026-06-30T15:38:23","modified_gmt":"2026-06-30T15:38:23","slug":"le-case-piu-belle-pubblicate-a-giugno-2026-sul-sito-di-living","status":"publish","type":"post","link":"https:\/\/www.europesays.com\/it\/563219\/","title":{"rendered":"Le case pi\u00f9 belle pubblicate a giugno 2026 sul sito di Living"},"content":{"rendered":"<p>\t\t\t\t\t\t\t\t<img loading=\"lazy\" decoding=\"async\" class=\"wp-image-716542 size-full\" src=\"https:\/\/www.europesays.com\/it\/wp-content\/uploads\/2026\/06\/01-The-z-show-atelierzero-livingcorriere.jpg\" alt=\"The-z-show-atelierzero-livingcorriere\" width=\"1080\" height=\"720\"  \/>Foto Specchi Studio<\/p>\n<p>Foto Specchi Studio<\/p>\n<p><strong>Affreschi<\/strong> che riemergono sotto l\u2019intonaco, una porta <strong>Art Nouveau<\/strong> tornata protagonista, la sala di un appartamento che un tempo apparteneva a un pirata, un <strong>pavimento<\/strong> che riproduce il movimento delle onde e un <strong>corridoio<\/strong> trasformato in un porticato domestico.<\/p>\n<p><img decoding=\"async\" class=\"wp-image-715992 size-full lazyload\" alt=\"casa con archi\" width=\"1200\" height=\"800\" src=\"https:\/\/www.europesays.com\/it\/wp-content\/uploads\/2026\/06\/CasaVenezia_02A4587.jpg\" loading=\"lazy\"  data-\/>Foto Sara Magni<\/p>\n<p>Foto Sara Magni<\/p>\n<p>Le <a href=\"https:\/\/living.corriere.it\/tag\/case-piu-belle\/\" target=\"_blank\" rel=\"noopener nofollow\" data-wpel-link=\"internal\"><strong>case pi\u00f9 belle pubblicate su Living a giugno<\/strong><\/a> attraversano epoche, citt\u00e0 e paesaggi diversi, ma condividono lo stesso desiderio di costruire nuovi modi di abitare a partire da ci\u00f2 che gi\u00e0 esiste, spesso <strong>dettagli da riscoprire e valorizzare<\/strong>.<\/p>\n<p><img decoding=\"async\" class=\"wp-image-714646 size-full lazyload\" alt=\"appartamento con archi\" width=\"2500\" height=\"1875\" src=\"https:\/\/www.europesays.com\/it\/wp-content\/uploads\/2026\/06\/Casa-GZ-Deferrari-Modesti-Foto-di-Anna-Positano-e-Gaia-Cambiaggi-Studio-Campo-DSCF6809.jpg\" loading=\"lazy\"  data-\/>Foto di Anna Positano e Gaia Cambiaggi | Studio Campo<\/p>\n<p>Foto di Anna Positano e Gaia Cambiaggi | Studio Campo<\/p>\n<p>Da <strong>Firenze<\/strong> a <strong>Bolzano<\/strong>, da Matar\u00f3, sulla<strong> costa catalana<\/strong>, a <strong>Zoagli<\/strong> fino a <strong>Milano<\/strong>, i progetti firmati da <strong><a href=\"https:\/\/living.corriere.it\/case\/ristrutturazione-casa-100-mq-a-firenze-con-giardino-deferrari-modesti\/\" target=\"_blank\" rel=\"noopener nofollow\" data-wpel-link=\"internal\">Deferrari+Modesti<\/a>, <a href=\"https:\/\/living.corriere.it\/case\/ristrutturazione-appartamento-95-metri-qaudri-ristrutturato-villino-bolzano-studio02a\/\" target=\"_blank\" rel=\"noopener nofollow\" data-wpel-link=\"internal\">02A studio<\/a>, <a href=\"https:\/\/living.corriere.it\/case\/eclettiche\/casa-del-pirata-raul-sanchez-ristrutturazione-con-affreschi\/\" target=\"_blank\" rel=\"noopener nofollow\" data-wpel-link=\"internal\">Ra\u00fal S\u00e1nchez<\/a>, <a href=\"https:\/\/living.corriere.it\/case\/eclettiche\/casa-mare-bianco-blu-zoagli-atelier-nima\/\" target=\"_blank\" rel=\"noopener nofollow\" data-wpel-link=\"internal\">Atelier Nima<\/a> e <a href=\"https:\/\/living.corriere.it\/case\/eclettiche\/appartamento-diviso-in-due-con-monolocale-atelierzero\/\" target=\"_blank\" rel=\"noopener nofollow\" data-wpel-link=\"internal\">Atelierzero<\/a> <\/strong>rappresentano cinque ristrutturazioni in cui memoria, materiali, luce sono gli strumenti per dare una nuova identit\u00e0 agli spazi, senza rinunciare alle tracce del passato.<\/p>\n<p><img decoding=\"async\" class=\"wp-image-714926 size-full lazyload\" alt=\"Le case pi\u00f9 belle pubblicate a giugno sul sito di Living\" width=\"1200\" height=\"1799\" src=\"https:\/\/www.europesays.com\/it\/wp-content\/uploads\/2026\/06\/Zoagli_118661745_B.jpg\" loading=\"lazy\"  data-\/>Foto Carolina Gheri \u2013 Styling Rerum studio<\/p>\n<p>Foto Carolina Gheri \u2013 Styling Rerum studio<\/p>\n","protected":false},"excerpt":{"rendered":"Foto Specchi Studio Foto Specchi Studio Affreschi che riemergono sotto l\u2019intonaco, una porta Art Nouveau tornata protagonista, la&hellip;\n","protected":false},"author":3,"featured_media":563220,"comment_status":"","ping_status":"","sticky":false,"template":"","format":"standard","meta":{"footnotes":"","_share_on_mastodon":"0"},"categories":[1446],"tags":[12136,6656,1615,1613,1614,1611,1610,17719,14807,727,89833,1612,32281,203,2266,1148,204,1537,90,89,106910,2050,28,37919],"class_list":["post-563219","post","type-post","status-publish","format-standard","has-post-thumbnail","category-arte-e-design","tag-affreschi","tag-appartamento","tag-arte","tag-arte-e-design","tag-arteedesign","tag-arts","tag-arts-and-design","tag-belle","tag-blu","tag-case","tag-case-belle","tag-design","tag-diviso","tag-entertainment","tag-firenze","tag-giugno","tag-intrattenimento","tag-it","tag-italia","tag-italy","tag-living","tag-mare","tag-milano","tag-pirata"],"share_on_mastodon":{"url":"https:\/\/pubeurope.com\/@it\/116839810407013408","error":""},"_links":{"self":[{"href":"https:\/\/www.europesays.com\/it\/wp-json\/wp\/v2\/posts\/563219","targetHints":{"allow":["GET"]}}],"collection":[{"href":"https:\/\/www.europesays.com\/it\/wp-json\/wp\/v2\/posts"}],"about":[{"href":"https:\/\/www.europesays.com\/it\/wp-json\/wp\/v2\/types\/post"}],"author":[{"embeddable":true,"href":"https:\/\/www.europesays.com\/it\/wp-json\/wp\/v2\/users\/3"}],"replies":[{"embeddable":true,"href":"https:\/\/www.europesays.com\/it\/wp-json\/wp\/v2\/comments?post=563219"}],"version-history":[{"count":0,"href":"https:\/\/www.europesays.com\/it\/wp-json\/wp\/v2\/posts\/563219\/revisions"}],"wp:featuredmedia":[{"embeddable":true,"href":"https:\/\/www.europesays.com\/it\/wp-json\/wp\/v2\/media\/563220"}],"wp:attachment":[{"href":"https:\/\/www.europesays.com\/it\/wp-json\/wp\/v2\/media?parent=563219"}],"wp:term":[{"taxonomy":"category","embeddable":true,"href":"https:\/\/www.europesays.com\/it\/wp-json\/wp\/v2\/categories?post=563219"},{"taxonomy":"post_tag","embeddable":true,"href":"https:\/\/www.europesays.com\/it\/wp-json\/wp\/v2\/tags?post=563219"}],"curies":[{"name":"wp","href":"https:\/\/api.w.org\/{rel}","templated":true}]}}