{"id":563322,"date":"2026-06-30T17:01:15","date_gmt":"2026-06-30T17:01:15","guid":{"rendered":"https:\/\/www.europesays.com\/it\/563322\/"},"modified":"2026-06-30T17:01:15","modified_gmt":"2026-06-30T17:01:15","slug":"rosa-elettrica-una-serie-sulla-camorra-che-evita-le-trappole-alla-gomorra","status":"publish","type":"post","link":"https:\/\/www.europesays.com\/it\/563322\/","title":{"rendered":"\u00abRosa Elettrica\u00bb, una serie sulla camorra che evita le trappole alla Gomorra"},"content":{"rendered":"<p>    di<br \/>\n    Aldo Grasso<\/p>\n<p class=\"summary-art is-line-h-12\">Su Sky Serie Maria Chiara Giannetta e Francesco Di Napoli in fuga, bersagli sia della criminalit\u00e0 organizzata sia delle istituzioni<\/p>\n<p class=\"chapter-paragraph\">\u00abRosa Elettrica &#8211; In fuga con il nemico\u00bb \u00e8 un thriller on the road che mescola crime, azione e racconto generazionale, adattando liberamente il romanzo di Giampaolo Simi (Sky Serie). Diretta da Davide Marengo, la serie segue Rosa Valera, giovane agente del Nucleo Protezione Testimoni, incaricata di sorvegliare Coc\u00ecss, giovane e sbruffone camorrista deciso a collaborare con la giustizia. Quando Rosa capisce che dietro l\u2019operazione si nasconde un tradimento interno alla polizia, sceglie di fidarsi del proprio istinto: salva Coc\u00ecss da una morte annunciata e fugge con lui attraverso l\u2019Italia.\u00a0<\/p>\n<p class=\"chapter-paragraph\"><b>Da quel momento i due diventano bersagli<\/b> sia della criminalit\u00e0 organizzata sia delle istituzioni che avrebbero dovuto proteggerli. Tra inseguimenti, scontri e fughe in auto, nasce un rapporto ambiguo fatto di diffidenza, ironia e bisogno reciproco di salvezza.    &#13;<br \/>\n&#13;<br \/>\n&#13;<br \/>\n&#13;<br \/>\n&#13;<br \/>\n&#13;<br \/>\n&#13;<br \/>\n&#13;<br \/>\n&#13;<br \/>\n&#13;<br \/>\n&#13;<br \/>\n&#13;<br \/>\n&#13;<br \/>\n&#13;<br \/>\n&#13;<br \/>\n&#13;<br \/>\n&#13;<br \/>\n&#13;<br \/>\n&#13;<br \/>\n&#13;<br \/>\n&#13;<br \/>\n&#13;<br \/>\n&#13;<br \/>\n&#13;<br \/>\n&#13;<br \/>\n&#13;<br \/>\n&#13;<br \/>\n&#13;<br \/>\n&#13;<br \/>\n&#13;<br \/>\n&#13;<br \/>\n&#13;<br \/>\n&#13;<br \/>\n&#13;<br \/>\n&#13;<br \/>\n&#13;<br \/>\n&#13;<br \/>\n&#13;<br \/>\n&#13;<br \/>\n&#13;<br \/>\n&#13;<br \/>\n&#13;<br \/>\n&#13;<br \/>\n&#13;<br \/>\n&#13;<br \/>\n&#13;<br \/>\n&#13;<br \/>\n&#13;<br \/>\n&#13;<br \/>\n&#13;<br \/>\n&#13;<br \/>\n&#13;<br \/>\n&#13;\n<\/p>\n<p class=\"chapter-paragraph\"><b>Il vero motore \u00e8 il dualismo tra Maria Chiara Giannetta<\/b> e Francesco Di Napoli. Se la prima conferma una versatilit\u00e0 ormai matura nel dare corpo a una donna che nasconde le fragilit\u00e0 dietro la durezza, Di Napoli infonde a Coc\u00ecss una fisicit\u00e0 nervosa e autentica. Il loro legame, fortunatamente privo di derive romantiche scontate, si basa su un\u2019interessante dicotomia caratteriale.<\/p>\n<p class=\"chapter-paragraph\"><b>Evitando la trappola del &#8220;villain&#8221; alla Gomorra<\/b>, la scrittura si concentra sull\u2019evoluzione interiore dei personaggi, rendendo la loro trasformazione pi\u00f9 interessante della risoluzione del mistero stesso. La serie funziona anche dal punto di vista visivo: la regia di Marengo punta a un\u2019estetica cinematografica, con una fotografia curata e una macchina da presa sempre vicina ai personaggi, capace di trasmettere ansia, fatica e senso di precariet\u00e0.<\/p>\n<p class=\"chapter-paragraph\"><b>La sceneggiatura, pur cercando di umanizzare<\/b> tutti i personaggi, a volte eccede nei dialoghi esplicativi e nelle sottotrame poco approfondite (fastidiosa la bambina che funziona da grillo parlante di Rosa).<\/p>\n<p class=\"chapter-paragraph\"><b>Il gioco continuo di tradimenti interni alla polizia<\/b>, pur essendo un classico del genere, rischia a volte di appesantire il racconto, rendendo la trama inutilmente densa in alcuni passaggi intermedi.<\/p>\n<p class=\"is-last-update\" datetime=\"2026-06-30T17:28:57+02:00\">30 giugno 2026<\/p>\n<p class=\"is-copyright\">\n            \u00a9 RIPRODUZIONE RISERVATA\n        <\/p>\n","protected":false},"excerpt":{"rendered":"di Aldo Grasso Su Sky Serie Maria Chiara Giannetta e Francesco Di Napoli in fuga, bersagli sia della&hellip;\n","protected":false},"author":3,"featured_media":563323,"comment_status":"","ping_status":"","sticky":false,"template":"","format":"standard","meta":{"footnotes":"","_share_on_mastodon":"0"},"categories":[1444],"tags":[76667,310518,310519,40,89075,310520,224680,2687,12850,310521,27010,203,1250,201470,2242,5228,89073,310522,310523,229,151687,34743,204,1537,90,89,248,3965,5569,1821,253],"class_list":["post-563322","post","type-post","status-publish","format-standard","has-post-thumbnail","category-tv","tag-bersagli","tag-bersagli-criminalita","tag-bersagli-criminalita-organizzata","tag-chiara","tag-chiara-giannetta","tag-chiara-giannetta-francesco","tag-cociss","tag-criminalita","tag-criminalita-organizzata","tag-criminalita-organizzata-istituzioni","tag-elettrica","tag-entertainment","tag-francesco","tag-francesco-napoli","tag-fuga","tag-funziona","tag-giannetta","tag-giannetta-francesco","tag-giannetta-francesco-napoli","tag-giovane","tag-gomorra","tag-interessante","tag-intrattenimento","tag-it","tag-italia","tag-italy","tag-napoli","tag-personaggi","tag-rosa","tag-serie","tag-tv"],"share_on_mastodon":{"url":"","error":"Validation failed: Text character limit of 500 exceeded"},"_links":{"self":[{"href":"https:\/\/www.europesays.com\/it\/wp-json\/wp\/v2\/posts\/563322","targetHints":{"allow":["GET"]}}],"collection":[{"href":"https:\/\/www.europesays.com\/it\/wp-json\/wp\/v2\/posts"}],"about":[{"href":"https:\/\/www.europesays.com\/it\/wp-json\/wp\/v2\/types\/post"}],"author":[{"embeddable":true,"href":"https:\/\/www.europesays.com\/it\/wp-json\/wp\/v2\/users\/3"}],"replies":[{"embeddable":true,"href":"https:\/\/www.europesays.com\/it\/wp-json\/wp\/v2\/comments?post=563322"}],"version-history":[{"count":0,"href":"https:\/\/www.europesays.com\/it\/wp-json\/wp\/v2\/posts\/563322\/revisions"}],"wp:featuredmedia":[{"embeddable":true,"href":"https:\/\/www.europesays.com\/it\/wp-json\/wp\/v2\/media\/563323"}],"wp:attachment":[{"href":"https:\/\/www.europesays.com\/it\/wp-json\/wp\/v2\/media?parent=563322"}],"wp:term":[{"taxonomy":"category","embeddable":true,"href":"https:\/\/www.europesays.com\/it\/wp-json\/wp\/v2\/categories?post=563322"},{"taxonomy":"post_tag","embeddable":true,"href":"https:\/\/www.europesays.com\/it\/wp-json\/wp\/v2\/tags?post=563322"}],"curies":[{"name":"wp","href":"https:\/\/api.w.org\/{rel}","templated":true}]}}