{"id":563481,"date":"2026-06-30T19:15:16","date_gmt":"2026-06-30T19:15:16","guid":{"rendered":"https:\/\/www.europesays.com\/it\/563481\/"},"modified":"2026-06-30T19:15:16","modified_gmt":"2026-06-30T19:15:16","slug":"campionati-nazionali-2026-jakob-soderqvist-domina-la-cronometro-in-svezia","status":"publish","type":"post","link":"https:\/\/www.europesays.com\/it\/563481\/","title":{"rendered":"Campionati Nazionali 2026, Jakob S\u00f6derqvist domina la cronometro in Svezia"},"content":{"rendered":"<p>\t\t<img width=\"1200\" height=\"800\" src=\"https:\/\/www.europesays.com\/it\/wp-content\/uploads\/2026\/06\/Jakub-Soderqvist-Tappa-1-Giro-Next-Gen-2024.jpg\" class=\"attachment-full size-full wp-post-image\" alt=\"\" data-main-img=\"1\" decoding=\"async\" fetchpriority=\"high\"  \/><\/p>\n<p>\t\t\t\t\t\t\t \u00a9 LaPresse<\/p>\n<p>\t\t\t\t\t<a href=\"https:\/\/cyclingpro.net\/spaziociclismo\/altro\/scopri-lapp-ufficiale-di-spaziociclismo\/\" title=\"\" rel=\"nofollow noopener\" target=\"_blank\"><br \/>\n\t\t\t\t\t\t<img loading=\"lazy\" decoding=\"async\" src=\"https:\/\/www.europesays.com\/it\/wp-content\/uploads\/2025\/09\/1758060682_662_Banner-App-SpazioCiclismo.png\" alt=\"\" width=\"728\" height=\"91\"\/><br \/>\n\t\t\t\t\t<\/a><\/p>\n<p>Successo di <strong>Jakob S\u00f6derqvist<\/strong> nella cronometro in <strong>Svezia<\/strong> dei <strong>Campionati Nazionali 2026<\/strong>. Il corridore della <strong>Lidl-Trek<\/strong> si conferma il migliore nella prova contro il tempo nazionale, conquistando il terzo titolo consecutivo. Dopo il sesto posto nella prova in linea, il campione iridato Under23 non ha sbagliato nella sua specialit\u00e0, andando a dominare la corsa odierna. S\u00f6derqvist si \u00e8 imposto nei 32 km con partenza e arrivo a B\u00e4linge in 35\u201945\u201d, rifilando un distacco di ben 2\u201951\u201d al secondo classificato, Gustav Lovidius (Svealand Cycling Team), mentre completa il podio Jimmy Carlsson a 3\u201906\u201d. Nella giornata odierna si \u00e8 corsa anche la prova a cronometro femminile, dove ha vinto <strong>Mika S\u00f6derstr\u00f6m<\/strong>, precedendo di 15\u201d Julia Borgstr\u00f6m e di 54\u201d Ella Wahlstr\u00f6m.<\/p>\n<p>Seguici<\/p>\n<p>\t\t\t\t\t\t\t\t\t\t<a href=\"https:\/\/news.google.com\/publications\/CAAqBwgKMNaVhQswhaiCAw?hl=it&amp;gl=IT&amp;ceid=IT%3Ait\" title=\"Google News\" target=\"_blank\" rel=\"nofollow noopener\" class=\"post-followus-btn google-new-btn\"><br \/>\n\t\t\t\t\t\t<img decoding=\"async\" src=\"https:\/\/cyclingpro.net\/spaziociclismo\/wp-content\/themes\/jannah\/assets\/images\/google-news.svg\" alt=\"Google News\" loading=\"lazy\" width=\"120\" height=\"22\"\/><br \/>\n\t\t\t\t\t<\/a><br \/>\n\t\t\t\t\t\t\t\t\t\t<a href=\"https:\/\/flipboard.com\/@SpazioCiclismo\" title=\"Flipboard\" target=\"_blank\" rel=\"nofollow noopener\" class=\"post-followus-btn flipboard-btn\"><br \/>\n\t\t\t\t\t\t<img decoding=\"async\" src=\"https:\/\/cyclingpro.net\/spaziociclismo\/wp-content\/themes\/jannah\/assets\/images\/flipboard.svg\" alt=\"Flipboard\" loading=\"lazy\" width=\"152\" height=\"30\"\/><br \/>\n\t\t\t\t\t<\/a><\/p>\n","protected":false},"excerpt":{"rendered":"\u00a9 LaPresse Successo di Jakob S\u00f6derqvist nella cronometro in Svezia dei Campionati Nazionali 2026. Il corridore della Lidl-Trek&hellip;\n","protected":false},"author":3,"featured_media":563482,"comment_status":"","ping_status":"","sticky":false,"template":"","format":"standard","meta":{"footnotes":"","_share_on_mastodon":"0"},"categories":[1456],"tags":[177131,1824,1825,1537,90,89,41039,245,244],"class_list":["post-563481","post","type-post","status-publish","format-standard","has-post-thumbnail","category-ciclismo","tag-campionati-nazionali-2026","tag-ciclismo","tag-cycling","tag-it","tag-italia","tag-italy","tag-jakob-soderqvist","tag-sport","tag-sports"],"share_on_mastodon":{"url":"https:\/\/pubeurope.com\/@it\/116840662926813705","error":""},"_links":{"self":[{"href":"https:\/\/www.europesays.com\/it\/wp-json\/wp\/v2\/posts\/563481","targetHints":{"allow":["GET"]}}],"collection":[{"href":"https:\/\/www.europesays.com\/it\/wp-json\/wp\/v2\/posts"}],"about":[{"href":"https:\/\/www.europesays.com\/it\/wp-json\/wp\/v2\/types\/post"}],"author":[{"embeddable":true,"href":"https:\/\/www.europesays.com\/it\/wp-json\/wp\/v2\/users\/3"}],"replies":[{"embeddable":true,"href":"https:\/\/www.europesays.com\/it\/wp-json\/wp\/v2\/comments?post=563481"}],"version-history":[{"count":0,"href":"https:\/\/www.europesays.com\/it\/wp-json\/wp\/v2\/posts\/563481\/revisions"}],"wp:featuredmedia":[{"embeddable":true,"href":"https:\/\/www.europesays.com\/it\/wp-json\/wp\/v2\/media\/563482"}],"wp:attachment":[{"href":"https:\/\/www.europesays.com\/it\/wp-json\/wp\/v2\/media?parent=563481"}],"wp:term":[{"taxonomy":"category","embeddable":true,"href":"https:\/\/www.europesays.com\/it\/wp-json\/wp\/v2\/categories?post=563481"},{"taxonomy":"post_tag","embeddable":true,"href":"https:\/\/www.europesays.com\/it\/wp-json\/wp\/v2\/tags?post=563481"}],"curies":[{"name":"wp","href":"https:\/\/api.w.org\/{rel}","templated":true}]}}