{"id":563633,"date":"2026-06-30T21:21:13","date_gmt":"2026-06-30T21:21:13","guid":{"rendered":"https:\/\/www.europesays.com\/it\/563633\/"},"modified":"2026-06-30T21:21:13","modified_gmt":"2026-06-30T21:21:13","slug":"muore-in-auto-dopo-lincidente-inutili-i-soccorsi-per-un-42enne-tragedia-sulla-provinciale","status":"publish","type":"post","link":"https:\/\/www.europesays.com\/it\/563633\/","title":{"rendered":"Muore in auto dopo l\u2019incidente: inutili i soccorsi per un 42enne. Tragedia sulla provinciale"},"content":{"rendered":"<p>Fucecchio, 30 giugno 2026 \u2013\u00a0Un uomo<strong> di 42 anni <\/strong>\u00e8 morto nel pomeriggio di marted\u00ec in un incidente a Fucecchio, intorno alle 18:30, sulla Sp11. L&#8217;uomo, a bordo di una Smart, si \u00e8 scontrato frontalmente con un&#8217;auto <strong>di grossa cilindrata <\/strong>finendo con l&#8217;auto in un fosso. Sono intervenuti i soccorsi del 118 e i vigili del fuoco per estrarre il 42enne dall&#8217;auto. L&#8217;uomo \u00e8 morto sul posto. A bordo dell&#8217;altra auto c&#8217;era un ragazzo di 22 anni, ferito in modo lieve: \u00e8 stato infatti trasportato in codice verde all&#8217;ospedale di Empoli. Sul posto anche i carabinieri che stanno indagando sulle cause dell&#8217;incidente. I vigili del fuoco hanno poi messo in sicurezza i mezzi.\u00a0<\/p>\n","protected":false},"excerpt":{"rendered":"Fucecchio, 30 giugno 2026 \u2013\u00a0Un uomo di 42 anni \u00e8 morto nel pomeriggio di marted\u00ec in un incidente&hellip;\n","protected":false},"author":3,"featured_media":563634,"comment_status":"","ping_status":"","sticky":false,"template":"","format":"standard","meta":{"footnotes":"","_share_on_mastodon":"0"},"categories":[79],"tags":[2765,14,93,94,298,102281,1537,90,89,13293,7,15,36788,9289,9500,11,84,91,12,85,92],"class_list":["post-563633","post","type-post","status-publish","format-standard","has-post-thumbnail","category-italia","tag-auto","tag-cronaca","tag-cronaca-italiana","tag-cronacaitaliana","tag-incidente","tag-inutili","tag-it","tag-italia","tag-italy","tag-muore","tag-news","tag-notizie","tag-provinciale","tag-soccorsi","tag-tragedia","tag-ultime-notizie","tag-ultime-notizie-e-news-di-oggi","tag-ultime-notizie-italia","tag-ultimenotizie","tag-ultimenotizieenewsdioggi","tag-ultimenotizieitalia"],"share_on_mastodon":{"url":"https:\/\/pubeurope.com\/@it\/116841158322049747","error":""},"_links":{"self":[{"href":"https:\/\/www.europesays.com\/it\/wp-json\/wp\/v2\/posts\/563633","targetHints":{"allow":["GET"]}}],"collection":[{"href":"https:\/\/www.europesays.com\/it\/wp-json\/wp\/v2\/posts"}],"about":[{"href":"https:\/\/www.europesays.com\/it\/wp-json\/wp\/v2\/types\/post"}],"author":[{"embeddable":true,"href":"https:\/\/www.europesays.com\/it\/wp-json\/wp\/v2\/users\/3"}],"replies":[{"embeddable":true,"href":"https:\/\/www.europesays.com\/it\/wp-json\/wp\/v2\/comments?post=563633"}],"version-history":[{"count":0,"href":"https:\/\/www.europesays.com\/it\/wp-json\/wp\/v2\/posts\/563633\/revisions"}],"wp:featuredmedia":[{"embeddable":true,"href":"https:\/\/www.europesays.com\/it\/wp-json\/wp\/v2\/media\/563634"}],"wp:attachment":[{"href":"https:\/\/www.europesays.com\/it\/wp-json\/wp\/v2\/media?parent=563633"}],"wp:term":[{"taxonomy":"category","embeddable":true,"href":"https:\/\/www.europesays.com\/it\/wp-json\/wp\/v2\/categories?post=563633"},{"taxonomy":"post_tag","embeddable":true,"href":"https:\/\/www.europesays.com\/it\/wp-json\/wp\/v2\/tags?post=563633"}],"curies":[{"name":"wp","href":"https:\/\/api.w.org\/{rel}","templated":true}]}}