{"id":564094,"date":"2026-07-01T05:00:13","date_gmt":"2026-07-01T05:00:13","guid":{"rendered":"https:\/\/www.europesays.com\/it\/564094\/"},"modified":"2026-07-01T05:00:13","modified_gmt":"2026-07-01T05:00:13","slug":"francesca-lollobrigida-presto-mamma-bis-la-foto-della-campionessa-olimpica-con-il-pancione","status":"publish","type":"post","link":"https:\/\/www.europesays.com\/it\/564094\/","title":{"rendered":"Francesca Lollobrigida presto mamma bis, la foto della campionessa olimpica con il pancione"},"content":{"rendered":"<p>Pochi mesi fa, sul ghiaccio di casa, due ori olimpici e un record polverizzato davanti agli occhi del piccolo Tommaso. Oggi, una foto con il pancione. <strong>Francesca Lollobrigida<\/strong> ha scelto i social per dare l\u2019annuncio pi\u00f9 dolce: diventer\u00e0 mamma per la seconda volta, e il piccolo Tommaso presto sar\u00e0 fratello maggiore.<\/p>\n<p>A dare la notizia \u00e8 stata lei stessa, con un post pubblicato in collaborazione con Verissimo, il programma di <strong>Silvia Toffanin<\/strong> che l\u2019aveva accolta a fine febbraio, reduce dal trionfo di Milano Cortina. Poche parole e le prime immagini dell\u2019attesa, con la <strong>pancia ormai in evidenza<\/strong>. Sul sesso del bambino e sulla data presunta del parto, invece, ancora nessun dettaglio. Quanto basta, comunque, per far esplodere gli auguri dei fan, che da mesi seguono con affetto il suo percorso.\n<\/p>\n<p>Il desiderio di un secondo figlio, gi\u00e0 raccontato<\/p>\n<p>Che volesse allargare la famiglia, del resto, <a href=\"https:\/\/dilei.it\/vip\/francesca-lollobrigida-chi\/2085913\/\" rel=\"nofollow noopener\" target=\"_blank\">Francesca Lollobrigida<\/a> non l\u2019aveva mai tenuto nascosto. Lo aveva detto chiaramente proprio a Verissimo, con le due medaglie d\u2019oro ancora al collo: dopo i Giochi, il suo obiettivo era <strong>dare una sorellina o un fratellino a Tommaso<\/strong>, il primo figlio nato nel 2023. Un desiderio dichiarato, pensato, messo in conto, esattamente come tutto il resto nella sua vita. \u201cHo sempre programmato tutto, anche la gravidanza\u201d, aveva confidato in una recente intervista. Francesca Lollobrigida \u00e8 un\u2019atleta d\u2019altronde, e bisogna essere rigorosi in tutti gli aspetti della vita per vincere gli ori. E cos\u00ec anche questa seconda attesa arriva al termine di un percorso deciso con cura, nei tempi e nei modi.<\/p>\n<blockquote class=\"instagram-media\" data-instgrm-captioned=\"\" data-instgrm-permalink=\"https:\/\/www.instagram.com\/p\/DaNLhbfAp1N\/?utm_source=ig_embed&amp;utm_campaign=loading\" data-instgrm-version=\"14\" style=\" background:#FFF; border:0; border-radius:3px; box-shadow:0 0 1px 0 rgba(0,0,0,0.5),0 1px 10px 0 rgba(0,0,0,0.15); margin: 1px; max-width:100%; min-width:326px; padding:0; width:99.375%; width:-webkit-calc(100% - 2px); width:calc(100% - 2px);\"\/>\n<p>L\u2019abbraccio a Tommaso dopo l\u2019oro<\/p>\n<p>Resta poi un\u2019immagine che, pi\u00f9 di altre, aveva fatto il giro dei social: quella di Francesca che, <strong>subito dopo l\u2019oro nei 3000 m<\/strong>etri, correva ad abbracciare Tommaso sugli spalti. Un gesto spontaneo, all\u2019epoca anche discusso, che lei aveva spiegato cos\u00ec: voleva che il figlio vedesse i titoli della sua mamma con i propri occhi, e non soltanto da lontano.<\/p>\n<p>Campionessa e mamma, senza dover scegliere<\/p>\n<p>Nata a Frascati nel 1991, pronipote di <a href=\"https:\/\/dilei.it\/star-e-vip\/gina-lollobrigida\/\" rel=\"nofollow noopener\" target=\"_blank\">Gina Lollobrigida<\/a> (se ve lo siete chiesti lo confermiamo) , Francesca ha riscritto la storia dello sport italiano <strong>diventando la prima azzurra a salire su un podio olimpico nel pattinaggio di velocit\u00e0<\/strong>. Una strada cominciata da bambina sui pattini a rotelle, dove aveva gi\u00e0 messo in bacheca quindici titoli, prima del passaggio al ghiaccio.<\/p>\n<p>Quella di <a href=\"https:\/\/dilei.it\/bellastoria\/francesca-lollobrigida-oro-olimpico-milano-cortina-figlio-tommaso\/2139026\/\" rel=\"nofollow noopener\" target=\"_blank\">Milano Cortina<\/a> \u00e8 stata <strong>la sua quarta Olimpiade<\/strong>, dopo Sochi, PyeongChang e Pechino, dove nel 2022 aveva gi\u00e0 conquistato un argento e un bronzo. Stavolta ha messo in fila due ori, nei 3000 e nei 5000 metri, al termine di una stagione complicata persino da un\u2019infezione virale che l\u2019aveva spinta a pensare al ritiro.<\/p>\n<p>Dopo la nascita di Tommaso era tornata in pista in tempi rapidissimi, appena quattro mesi dopo il parto, trasformando la maternit\u00e0 in un capitolo della sua carriera e non in una pausa. Accanto a lei, come sempre, <strong>il marito Matteo<\/strong>, la sua ancora dentro e fuori dalla pista. Stavolta, per\u00f2, \u00e8 stata proprio Francesca Lollobrigida a lasciare aperto un finale diverso: di recente aveva ammesso che tornare a gareggiare dopo il secondo figlio \u201csarebbe egoistico\u201d, raccontando di un Tommaso che fatica a sopportare le lunghe assenze della mamma, via da casa anche 250 giorni l\u2019anno.<\/p>\n<p>Per ora, per\u00f2, il pensiero \u00e8 tutto per l\u2019attesa che verr\u00e0. E sui pattini, ha detto, vuole tornare soprattutto per il piacere di farlo.<\/p>\n<p>\t<script async src=\"\/\/www.instagram.com\/embed.js\"><\/script><\/p>\n","protected":false},"excerpt":{"rendered":"Pochi mesi fa, sul ghiaccio di casa, due ori olimpici e un record polverizzato davanti agli occhi del&hellip;\n","protected":false},"author":3,"featured_media":564095,"comment_status":"","ping_status":"","sticky":false,"template":"","format":"standard","meta":{"footnotes":"","_share_on_mastodon":"0"},"categories":[176],"tags":[1232,1537,90,89,245,244,22839,86],"class_list":["post-564094","post","type-post","status-publish","format-standard","has-post-thumbnail","category-sport","tag-gravidanza","tag-it","tag-italia","tag-italy","tag-sport","tag-sports","tag-verissimo","tag-vip"],"share_on_mastodon":{"url":"https:\/\/pubeurope.com\/@it\/116842963295326000","error":""},"_links":{"self":[{"href":"https:\/\/www.europesays.com\/it\/wp-json\/wp\/v2\/posts\/564094","targetHints":{"allow":["GET"]}}],"collection":[{"href":"https:\/\/www.europesays.com\/it\/wp-json\/wp\/v2\/posts"}],"about":[{"href":"https:\/\/www.europesays.com\/it\/wp-json\/wp\/v2\/types\/post"}],"author":[{"embeddable":true,"href":"https:\/\/www.europesays.com\/it\/wp-json\/wp\/v2\/users\/3"}],"replies":[{"embeddable":true,"href":"https:\/\/www.europesays.com\/it\/wp-json\/wp\/v2\/comments?post=564094"}],"version-history":[{"count":0,"href":"https:\/\/www.europesays.com\/it\/wp-json\/wp\/v2\/posts\/564094\/revisions"}],"wp:featuredmedia":[{"embeddable":true,"href":"https:\/\/www.europesays.com\/it\/wp-json\/wp\/v2\/media\/564095"}],"wp:attachment":[{"href":"https:\/\/www.europesays.com\/it\/wp-json\/wp\/v2\/media?parent=564094"}],"wp:term":[{"taxonomy":"category","embeddable":true,"href":"https:\/\/www.europesays.com\/it\/wp-json\/wp\/v2\/categories?post=564094"},{"taxonomy":"post_tag","embeddable":true,"href":"https:\/\/www.europesays.com\/it\/wp-json\/wp\/v2\/tags?post=564094"}],"curies":[{"name":"wp","href":"https:\/\/api.w.org\/{rel}","templated":true}]}}