{"id":564104,"date":"2026-07-01T05:06:15","date_gmt":"2026-07-01T05:06:15","guid":{"rendered":"https:\/\/www.europesays.com\/it\/564104\/"},"modified":"2026-07-01T05:06:15","modified_gmt":"2026-07-01T05:06:15","slug":"incidente-grave-un-uomo-finisce-con-la-moto-contro-un-camion-trasferito-con-lelisoccorso","status":"publish","type":"post","link":"https:\/\/www.europesays.com\/it\/564104\/","title":{"rendered":"Incidente: grave un uomo. Finisce con la moto contro un camion, trasferito con l\u2019elisoccorso"},"content":{"rendered":"<p>Civitella in Valdichiana (Arezzo), 30 giugno 2026 \u2013\u00a0Paura per un incidente accaduto nel territorio comunale di Civitella in Valdichiana: un 33enne \u00e8 ora ricovetato all\u2019ospedale Le Scotte di Siena. Accade nel pomeriggio di marted\u00ec 30 giugno <strong>in localit\u00e0 Tegoleto<\/strong>. L\u2019uomo era su una moto ed \u00e8 finito contro un mezzo pesante: la dinamica \u00e8 da accertare. Ad avere la peggio \u00e8 stato lo stesso centauro, ferito gravemente.<\/p>\n<p>I soccorsi <\/p>\n<p>Sono stati altri automobilisti di passaggio e il camionista, che si \u00e8 fermato, a chiamare i soccorsi. Sono intervenuti il 118 con un\u2019ambulanza della Croce Bianca di Arezzo,<strong> l\u2019automedica <\/strong>oltre ai vigili del fuoco e ai carabinieri. Le condizioni del motociclista sono apparse subito gravi. Per questo \u00e8 stato chiesto l\u2019intervento dell\u2019elisoccorso Pegaso, che lo ha trasportato appunto all\u2019ospedale senese. I vigili del fuoco si sono occupati della messa in sicurezza dei mezzi, mentre sono adesso i carabinieri che ricostruiscono la dinamica.\u00a0<\/p>\n","protected":false},"excerpt":{"rendered":"Civitella in Valdichiana (Arezzo), 30 giugno 2026 \u2013\u00a0Paura per un incidente accaduto nel territorio comunale di Civitella in&hellip;\n","protected":false},"author":3,"featured_media":564105,"comment_status":"","ping_status":"","sticky":false,"template":"","format":"standard","meta":{"footnotes":"","_share_on_mastodon":"0"},"categories":[79],"tags":[691,14,93,94,4649,3224,830,298,1537,90,89,1783,7,15,63861,11,84,91,12,85,92],"class_list":["post-564104","post","type-post","status-publish","format-standard","has-post-thumbnail","category-italia","tag-camion","tag-cronaca","tag-cronaca-italiana","tag-cronacaitaliana","tag-elisoccorso","tag-finisce","tag-grave","tag-incidente","tag-it","tag-italia","tag-italy","tag-moto","tag-news","tag-notizie","tag-trasferito","tag-ultime-notizie","tag-ultime-notizie-e-news-di-oggi","tag-ultime-notizie-italia","tag-ultimenotizie","tag-ultimenotizieenewsdioggi","tag-ultimenotizieitalia"],"share_on_mastodon":{"url":"https:\/\/pubeurope.com\/@it\/116842986547582920","error":""},"_links":{"self":[{"href":"https:\/\/www.europesays.com\/it\/wp-json\/wp\/v2\/posts\/564104","targetHints":{"allow":["GET"]}}],"collection":[{"href":"https:\/\/www.europesays.com\/it\/wp-json\/wp\/v2\/posts"}],"about":[{"href":"https:\/\/www.europesays.com\/it\/wp-json\/wp\/v2\/types\/post"}],"author":[{"embeddable":true,"href":"https:\/\/www.europesays.com\/it\/wp-json\/wp\/v2\/users\/3"}],"replies":[{"embeddable":true,"href":"https:\/\/www.europesays.com\/it\/wp-json\/wp\/v2\/comments?post=564104"}],"version-history":[{"count":0,"href":"https:\/\/www.europesays.com\/it\/wp-json\/wp\/v2\/posts\/564104\/revisions"}],"wp:featuredmedia":[{"embeddable":true,"href":"https:\/\/www.europesays.com\/it\/wp-json\/wp\/v2\/media\/564105"}],"wp:attachment":[{"href":"https:\/\/www.europesays.com\/it\/wp-json\/wp\/v2\/media?parent=564104"}],"wp:term":[{"taxonomy":"category","embeddable":true,"href":"https:\/\/www.europesays.com\/it\/wp-json\/wp\/v2\/categories?post=564104"},{"taxonomy":"post_tag","embeddable":true,"href":"https:\/\/www.europesays.com\/it\/wp-json\/wp\/v2\/tags?post=564104"}],"curies":[{"name":"wp","href":"https:\/\/api.w.org\/{rel}","templated":true}]}}