{"id":564332,"date":"2026-07-01T08:43:19","date_gmt":"2026-07-01T08:43:19","guid":{"rendered":"https:\/\/www.europesays.com\/it\/564332\/"},"modified":"2026-07-01T08:43:19","modified_gmt":"2026-07-01T08:43:19","slug":"il-volo-ryanair-da-orio-a-catania-con-19-ore-di-ritardo-sveglia-alle-4-30-del-mattino-4-euro-per-la-colazione-ma-la-partenza-e-rinviata-ancora-alle-15","status":"publish","type":"post","link":"https:\/\/www.europesays.com\/it\/564332\/","title":{"rendered":"Il volo Ryanair da Orio a Catania con 19 ore di ritardo. Sveglia alle 4.30 del mattino, 4 euro per la colazione, ma la partenza \u00e8 rinviata (ancora) alle 15"},"content":{"rendered":"<p>    di<br \/>\n    Fabio Paravisi<\/p>\n<p class=\"summary-art is-line-h-12\">Il decollo era previsto alle 21.05 di venerd\u00ec ma \u00e8 stato pi\u00f9 volte rinviato al giorno dopo. E nella citt\u00e0 siciliana ad aspettare l&#8217;aereo c&#8217;erano i passeggeri che sarebbero dovuti partire la sera prima alle 22.50<\/p>\n<p class=\"chapter-paragraph\">Vacanze, lavoro, famiglia: ognuno aveva i suoi motivi per andare a Catania, e ognuno di loro ci \u00e8 arrivato con<b> diciannove  ore<\/b> di ritardo. Qualcuno ha dovuto dormire in aeroporto, mentre chi ha avuto una camera d\u2019hotel <b>si \u00e8 alzato alle 4 del mattino solo per decollare nel tardo pomeriggio<\/b>. Mentre dall\u2019altra parte del tragitto, nella citt\u00e0 siciliana, c\u2019era chi ha vissuto le stesse ore d\u2019attesa aspettando l\u2019aereo che li avrebbe portati a Orio. Sono in tanti a protestare, tra i passeggeri del<b> volo FR2892 di Ryanair<\/b> che sarebbe dovuto decollare alle  21.05 di venerd\u00ec scorso.<\/p>\n<p class=\"chapter-paragraph\">Alle 19.50 arriva ai passeggeri un messaggino che annuncia il posticipo del volo <b>alle 7 del giorno dopo<\/b>. Ma ormai quasi tutti i passeggeri sono gi\u00e0 a Orio, e chi ha avuto il volo prenotato dalla ditta non ha nemmeno il messaggio. Ne arriva un secondo alle 20.54 che annuncia <b>la sistemazione in albergo <\/b>(ma non per chi non ha il messaggino e si deve arrangiare sulle poltroncine dell\u2019aeroporto). <b>Alle 4.30 di sabato<\/b> i passeggeri salgono sui pulmini per  Orio ma tre minuti dopo i loro cellulari trillano:<b>  il volo partir\u00e0 alle 13.30.\u00a0<\/b>    &#13;<br \/>\n&#13;<br \/>\n&#13;<br \/>\n&#13;<br \/>\n&#13;<br \/>\n&#13;<br \/>\n&#13;<br \/>\n&#13;<br \/>\n&#13;<br \/>\n&#13;<br \/>\n&#13;<br \/>\n&#13;<br \/>\n&#13;<br \/>\n&#13;<br \/>\n&#13;<br \/>\n&#13;<br \/>\n&#13;<br \/>\n&#13;<br \/>\n&#13;<br \/>\n&#13;<br \/>\n&#13;<br \/>\n&#13;<br \/>\n&#13;<br \/>\n&#13;<br \/>\n&#13;<br \/>\n&#13;<br \/>\n&#13;<br \/>\n&#13;<br \/>\n&#13;<br \/>\n&#13;<br \/>\n&#13;<br \/>\n&#13;<br \/>\n&#13;<br \/>\n&#13;<br \/>\n&#13;<br \/>\n&#13;<br \/>\n&#13;<br \/>\n&#13;<br \/>\n&#13;<br \/>\n&#13;<br \/>\n&#13;<br \/>\n&#13;<br \/>\n&#13;<br \/>\n&#13;<br \/>\n&#13;<br \/>\n&#13;<br \/>\n&#13;<br \/>\n&#13;<br \/>\n&#13;<br \/>\n&#13;<br \/>\n&#13;<br \/>\n&#13;<br \/>\n&#13;\n<\/p>\n<p class=\"chapter-paragraph\">Quando arrivano in aeroporto scoprono che alle <b>6.45 un aereo decoller\u00e0<\/b> per Catania, solo che non \u00e8 il loro, e tanti non la prendono bene.\u00a0I pi\u00f9 esasperati si piazzano davanti alla porta del gate con  l\u2019intenzione di non far partire nemmeno quel volo, e devono arrivare gli agenti della polizia di frontiera e il responsabile dello scalo, che <b>garantisce la  partenza alle 13<\/b>. Si scopre che il  ritardo \u00e8 causato da un guasto all\u2019aereo: si cerca di ripararlo, viene spiegato, o al massimo si utilizzer\u00e0  quello nell\u2019hangar. Alle 9.45 nuovo messaggio: <b>si parte alle 15.\u00a0<\/b><\/p>\n<p class=\"chapter-paragraph\">Una rappresentante dell\u2019autorit\u00e0 aeroportuale distribuisce la Carta dei diritti del passeggero, sottolineando che ci sono <b>i presupposti per il risarcimento<\/b> poich\u00e9 il ritardo \u00e8 imputabile a problemi tecnici e non a cause di forza maggiore (cosa sulla quale, si scoprir\u00e0 poi, Ryanair non concorda, attribuendo il tutto agli orari dell\u2019aero-porto di Catania che non avrebbe permesso decollo e ripartenza di notte). Alle 15 ci si imbarca ma si deve aspettare ancora per <b>un problema legato all\u2019approvvigionamento<\/b> delle provviste.\u00a0<\/p>\n<p class=\"chapter-paragraph\"><b>L\u2019aereo  decolla infine alle 16 per atterrare alle 18 a Catania<\/b>, dove trova ad aspettarlo i passeggeri che sarebbero dovuti partire la sera prima alle 22.50. \u00abC\u2019erano centinaia di persone, famiglie con bambini, e <b>abbiamo avuto solo un voucher da 4 euro per la colazione<\/b> \u2014 racconta uno di loro,<b> Corrado Lauretta<\/b> \u2014. In tanti abbiamo presentato richiesta di rimborso ma non so cosa otterremo\u00bb. Ryanair per ora non commenta la vicenda.<\/p>\n<p>APPROFONDISCI CON IL PODCAST<\/p>\n<p class=\"is-mr-t-20 is-mr-b-20\"><b><br \/>\n                    <a href=\"https:\/\/bergamo.corriere.it\/?intcmp=Notizielocali_nd_010623_corriere_ss_bergamo\" target=\"_blank\" rel=\"nofollow noopener\">Vai a tutte le notizie di Bergamo<\/a><br \/>\n            <\/b><\/p>\n<p class=\"chapter-paragraph\"><b><a href=\"https:\/\/www.corriere.it\/newsletter\/?theme=61&amp;intcmp=NL-artic_nd_050624_corriere_ss_bergamo\" target=\"_blank\" rel=\"nofollow noopener\">Iscriviti alla newsletter di Corriere Bergamo<\/a><\/b><\/p>\n<p class=\"is-last-update\" datetime=\"2026-07-01T08:37:54+02:00\">1 luglio 2026 ( modifica il 1 luglio 2026 | 08:37)<\/p>\n<p class=\"is-copyright\">\n            \u00a9 RIPRODUZIONE RISERVATA\n        <\/p>\n","protected":false},"excerpt":{"rendered":"di Fabio Paravisi Il decollo era previsto alle 21.05 di venerd\u00ec ma \u00e8 stato pi\u00f9 volte rinviato al&hellip;\n","protected":false},"author":3,"featured_media":564333,"comment_status":"","ping_status":"","sticky":false,"template":"","format":"standard","meta":{"footnotes":"","_share_on_mastodon":"0"},"categories":[172],"tags":[1005,867,178,271,2478,18249,177,3753,262,65569,9286,66439,311119,311120,1907,724,311121,1537,90,89,7024,217847,6411,47310,7255,3530,311122,11021,16887,17932,5248,4652],"class_list":["post-564332","post","type-post","status-publish","format-standard","has-post-thumbnail","category-affari","tag-aereo","tag-aeroporto","tag-affari","tag-annuncia","tag-arriva","tag-aspettare","tag-business","tag-catania","tag-colazione","tag-decollare","tag-decollo","tag-dovuti","tag-dovuti-partire","tag-dovuti-partire-sera","tag-dovuto","tag-euro","tag-euro-colazione","tag-it","tag-italia","tag-italy","tag-mattino","tag-messaggino","tag-messaggio","tag-orio","tag-partenza","tag-partire","tag-partire-sera","tag-passeggeri","tag-ritardo","tag-ryanair","tag-tanti","tag-volo"],"share_on_mastodon":{"url":"https:\/\/pubeurope.com\/@it\/116843840072958337","error":""},"_links":{"self":[{"href":"https:\/\/www.europesays.com\/it\/wp-json\/wp\/v2\/posts\/564332","targetHints":{"allow":["GET"]}}],"collection":[{"href":"https:\/\/www.europesays.com\/it\/wp-json\/wp\/v2\/posts"}],"about":[{"href":"https:\/\/www.europesays.com\/it\/wp-json\/wp\/v2\/types\/post"}],"author":[{"embeddable":true,"href":"https:\/\/www.europesays.com\/it\/wp-json\/wp\/v2\/users\/3"}],"replies":[{"embeddable":true,"href":"https:\/\/www.europesays.com\/it\/wp-json\/wp\/v2\/comments?post=564332"}],"version-history":[{"count":0,"href":"https:\/\/www.europesays.com\/it\/wp-json\/wp\/v2\/posts\/564332\/revisions"}],"wp:featuredmedia":[{"embeddable":true,"href":"https:\/\/www.europesays.com\/it\/wp-json\/wp\/v2\/media\/564333"}],"wp:attachment":[{"href":"https:\/\/www.europesays.com\/it\/wp-json\/wp\/v2\/media?parent=564332"}],"wp:term":[{"taxonomy":"category","embeddable":true,"href":"https:\/\/www.europesays.com\/it\/wp-json\/wp\/v2\/categories?post=564332"},{"taxonomy":"post_tag","embeddable":true,"href":"https:\/\/www.europesays.com\/it\/wp-json\/wp\/v2\/tags?post=564332"}],"curies":[{"name":"wp","href":"https:\/\/api.w.org\/{rel}","templated":true}]}}