{"id":564431,"date":"2026-07-01T10:05:17","date_gmt":"2026-07-01T10:05:17","guid":{"rendered":"https:\/\/www.europesays.com\/it\/564431\/"},"modified":"2026-07-01T10:05:17","modified_gmt":"2026-07-01T10:05:17","slug":"bmw-x5-2026-dimensioni-motori-interni-prezzo","status":"publish","type":"post","link":"https:\/\/www.europesays.com\/it\/564431\/","title":{"rendered":"BMW X5 2026: dimensioni, motori, interni, prezzo"},"content":{"rendered":"<p>La <strong>BMW X5<\/strong> \u00e8 considerata l\u2019antesignana dei SUV premium di Monaco. Quando negli anni \u201990 l\u2019allora responsabile dello sviluppo, Burkhard G\u00f6schel, spinse l\u2019idea di un SUV BMW, rischi\u00f2 quasi il posto. In molti, all\u2019interno dell\u2019Azienda, allora non volevano o non riuscivano a capire quale successo avrebbe avuto quel concetto. La BMW X5 ha reso \u201caccettabile\u201d il SUV nel <strong>segmento premium<\/strong> e ancora oggi \u00e8 ritenuta una delle principali macchine da margine per BMW.<\/p>\n<p>Per questo, quando arriva una nuova generazione, non sono ammessi passi falsi. A fine <strong>novembre 2026 BMW<\/strong> porter\u00e0 al debutto la <strong>quinta generazione<\/strong> di questo modello di successo. E l\u2019arsenale tecnologico \u00e8 notevole: per la prima volta un modello del marchio bavarese riunisce <strong>cinque soluzioni<\/strong> di motorizzazione sotto un\u2019unica carrozzeria, dal classico sei cilindri diesel e benzina ai <strong>plug-in hybrid<\/strong> pi\u00f9 potenti, fino alla versione <strong>100% elettrica iX5<\/strong> e a una successiva piccola serie <strong>a idrogeno<\/strong>. Per gestire questo \u201ctutto in uno\u201d, la rivale storica della <strong>Mercedes GLE<\/strong> attinge al pacchetto tecnologico della <strong>Neue Klasse<\/strong>, adottandone la moderna architettura elettronica. Abbiamo analizzato tutti i dettagli su dimensioni, motori, assetto e tempistiche di lancio.<\/p>\n<p><a id=\"esterni\"\/>BMW X5 2026: gli esterni<\/p>\n<p>Dal punto di vista estetico, la nuova BMW X5 2026 non passa inosservata. La postura \u00e8 molto verticale e l\u2019insieme appare decisamente monolitico. Probabilmente lo scriveranno in molti, ma \u00e8 cos\u00ec: \u00e8 \u2013 beh \u2013 davvero <strong>monolitica<\/strong>. Le \u201cXe\u201d nelle luci ricordano certe soluzioni decorative viste su altri modelli (come alcune firme luminose Mercedes), ma ci sono mercati che apprezzano questi elementi e, in questo caso, le <strong>X-signature<\/strong> possono anche essere disattivate.<\/p>\n<p>                            <a href=\"http:\/\/it.motor1.com\/photos\/928534\/bmw-x5-40-xdrive-2026\/#8530441_bmw-x5-40xdrive-2026\" class=\"msnt-photo-thumb-gallery-main-photo-box\" itemprop=\"image\" itemscope=\"\" itemtype=\"https:\/\/schema.org\/ImageObject\" data-url=\"\/photos\/928534\/bmw-x5-40-xdrive-2026\/#8530441_bmw-x5-40xdrive-2026\" data-thumb=\"\" data-caption=\"BMW X5 40xDrive (2026)\" data-src=\"\" data-sub-html=\"BMW X5 40xDrive (2026)\" data-entity-id=\"8530441\" data-download-url=\"\" rel=\"nofollow noopener\" target=\"_blank\"><\/p>\n<p>                                    <img decoding=\"async\" src=\"https:\/\/www.europesays.com\/it\/wp-content\/uploads\/2025\/07\/16x9-tr.png\" loading=\"lazy\" alt=\"BMW X5 40xDrive (2026)\" width=\"16\" height=\"9\"\/><\/p>\n<p>                            <\/a><\/p>\n<p>\n                            Fonte: BMW                        <\/p>\n<p>        <img decoding=\"async\" src=\"https:\/\/www.europesays.com\/it\/wp-content\/uploads\/2025\/07\/16x9-tr.png\" alt=\"BMW X5 40 xDrive (2026)\" width=\"16\" height=\"9\" loading=\"lazy\"\/><\/p>\n<p>BMW iX5 60 xDrive (2026) &#8211; Il frontale<\/p>\n<p>Foto Di: BMW<\/p>\n<p>        <img decoding=\"async\" src=\"https:\/\/www.europesays.com\/it\/wp-content\/uploads\/2025\/07\/16x9-tr.png\" alt=\"BMW X5 M60e xDrive (2026)\" width=\"16\" height=\"9\" loading=\"lazy\"\/><\/p>\n<p>BMW X5 M60e xDrive (2026) &#8211; I nuovi fanali posteriori<\/p>\n<p>Foto Di: BMW<\/p>\n<p>La calandra, piacevolmente compatta, offre l&#8217;<strong>illuminazione di serie<\/strong>. A incorniciare il frontale ci sono le citate \u201cdoppie icone luminose a X\u201d. I nuovi gruppi ottici integrano anabbaglianti e luci diurne senza i classici moduli a lente aggiuntivi, concentrando tutto in un unico elemento grafico. Interessante: il frontale delle versioni termiche si differenzia da quello della iX5 elettrica soprattutto per prese d\u2019aria inferiori sensibilmente pi\u00f9 grandi.<\/p>\n<p><strong>I 2 metri di larghezza<\/strong> possono sembrare eccessivi e poco amichevoli nei parcheggi multipiano, ma in realt\u00e0 anche il modello uscente non era pi\u00f9 stretto. La <strong>nuova generazione<\/strong>, per\u00f2, aumenta la carreggiata: guardate i passaruota, ora sono completamente lisci. Le estensioni dei passaruota sono state \u201cripulite\u201d fino a ottenere una superficie uniforme.\u00a0<\/p>\n<p>        <img decoding=\"async\" src=\"https:\/\/www.europesays.com\/it\/wp-content\/uploads\/2025\/07\/16x9-tr.png\" alt=\"BMW iX5 60 xDrive (2026)\" width=\"16\" height=\"9\" loading=\"lazy\"\/><\/p>\n<p>BMW iX5 60 xDrive (2026) &#8211; La fiancata<\/p>\n<p>Foto Di: BMW<\/p>\n<p>        <img decoding=\"async\" src=\"https:\/\/www.europesays.com\/it\/wp-content\/uploads\/2025\/07\/16x9-tr.png\" alt=\"BMW iX5 60 xDrive (2026)\" width=\"16\" height=\"9\" loading=\"lazy\"\/><\/p>\n<p>BMW iX5 60 xDrive (2026) &#8211;\u00a0 La nuova &#8220;maniglia della porta&#8221; da vicino<\/p>\n<p>Immagini di: BMW<\/p>\n<p>La lunghezza della nuova &#8220;G65&#8221; \u00e8 di <strong>4,99 m<\/strong>, l\u2019altezza di <strong>1,75 m<\/strong>.\u00a0Dettaglio importante per le proporzioni: il <strong>passo<\/strong> cresce in modo evidente di <strong>60 mm<\/strong>, arrivando a <strong>3.035 mm<\/strong>. Oltre al frontale, anche il posteriore a un primo sguardo ricorda\u00a0iX3\u00a0, ma risulta pi\u00f9 gradevole grazie a fanali pi\u00f9 sottili. Resta comunque una questione di gusti. Forse ci si abituer\u00e0 all\u2019idea che molte nuove BMW richiamino certe Lincoln dei primi anni 2000. \u00a0<\/p>\n<p>        <img decoding=\"async\" src=\"https:\/\/www.europesays.com\/it\/wp-content\/uploads\/2025\/07\/16x9-tr.png\" alt=\"BMW X5 M60e xDrive (2026)\" width=\"16\" height=\"9\" loading=\"lazy\"\/><\/p>\n<p>BMW X5 M60e xDrive (2026) &#8211; Il nuovo posteriore<\/p>\n<p>Foto di: BMW<\/p>\n<p>Avrete notato anche che le fiancate delle porte sono completamente \u201cpulite\u201d. Il timore di non riuscire pi\u00f9 a entrare nella nuova X5 svanisce guardando i finestrini: qui compaiono piccoli satelliti aerodinamici che fungono da maniglie, reagendo alla trazione o al tocco. Secondo BMW non ci sono svantaggi aerodinamici (valore <strong>Cx 0,28<\/strong>) n\u00e9 di rumorosit\u00e0. \u00c8 possibile anche aprire tutte e quattro le porte contemporaneamente con il telecomando. Sembra un gadget pensato per i social. Resta da vedere quanto spesso, nella vita reale, le porte elettriche finiranno per creare frustrazione.<\/p>\n<p>Il top di gamma provvisorio in chiave sportiva \u00e8 la <strong>X5 M60e xDrive<\/strong>. Si distingue per le cornici della calandra in tinta scura e per le <strong>\u201cM Yellow Lights\u201d<\/strong> gialle in stile endurance. Al lancio sono previste <strong>11 tinte carrozzeria<\/strong> (incluse nuove finiture opache Frozen) e cerchi in lega da <strong>21 a 23 pollici<\/strong>.<\/p>\n<p>BMW X5 2026: le dimensioni<\/p>\n<tr>\n<td style=\"width: 25%;\">Lunghezza<\/td>\n<td style=\"width: 25%;\">Larghezza<\/td>\n<td style=\"width: 25%;\">Altezza<\/td>\n<td style=\"width: 25%;\">Passo<\/td>\n<\/tr>\n<tr>\n<td style=\"width: 25%;\">4,99 metri<\/td>\n<td style=\"width: 25%;\">2 metri<\/td>\n<td style=\"width: 25%;\">1,75 metri<\/td>\n<td style=\"width: 25%;\">3,03 metri<\/td>\n<\/tr>\n<p><a id=\"interni\"\/>BMW X5 2026: gli interni<\/p>\n<p>L\u2019abitacolo della nuova <a href=\"https:\/\/it.motor1.com\/bmw\/x5\/\" data-inline-widget=\"internal-links\" data-type-id=\"1\" data-params=\"%7B%22make_alias%22%3A%22bmw%22%2C%22alias%22%3A%22x5%22%7D\" rel=\"nofollow noopener\" target=\"_blank\">BMW X5<\/a> \u00e8 stato semplificato in modo radicale e adotta lo<strong> stile Neue Klasse<\/strong> gi\u00e0 visto su iX3, i3 e Serie 7. Nella X5 di generazione G65 non si trovano pi\u00f9 tasti analogici n\u00e9 il classico controller iDrive. In compenso arriva il nuovo <strong>BMW Panoramic Vision<\/strong>: una superficie di proiezione ad alta risoluzione che si estende per tutta la parte inferiore del parabrezza e visualizza informazioni di guida e infotainment. Il guidatore ha inoltre un nuovo <strong>Head-Up Display 3D<\/strong> direttamente nel campo visivo.<\/p>\n<p>        <img decoding=\"async\" src=\"https:\/\/www.europesays.com\/it\/wp-content\/uploads\/2025\/07\/16x9-tr.png\" alt=\"BMW X5 M60e xDrive (2026)\" width=\"16\" height=\"9\" loading=\"lazy\"\/><\/p>\n<p>Stephan Wagner nella BMW iX5 60 xDrive (2026)<\/p>\n<p>        <img decoding=\"async\" src=\"https:\/\/www.europesays.com\/it\/wp-content\/uploads\/2025\/07\/16x9-tr.png\" alt=\"BMW iX5 60 xDrive (2026)\" width=\"16\" height=\"9\" loading=\"lazy\"\/><\/p>\n<p>BMW iX5 60 xDrive (2026) &#8211; I sedili<\/p>\n<p>        <img decoding=\"async\" src=\"https:\/\/www.europesays.com\/it\/wp-content\/uploads\/2025\/07\/16x9-tr.png\" alt=\"BMW iX5 60 xDrive (2026)\" width=\"16\" height=\"9\" loading=\"lazy\"\/><\/p>\n<p>BMW iX5 60 xDrive (2026) &#8211; Gli interni<\/p>\n<p>Foto Di: BMW<\/p>\n<p>Immagini di: BMW<\/p>\n<p>Il comando principale passa da un display centrale touch da <strong>17,9 pollici<\/strong>, con un particolare design asimmetrico chiamato Free-Cut. Su questo schermo gira il nuovo <strong>BMW Operating System X<\/strong>, basato su <strong>Android Open Source<\/strong>, che promette una navigazione dei menu molto rapida e intuitiva grazie ai widget. Una novit\u00e0 \u00e8 l\u2019impiego opzionale di <strong>vera ardesia sottilissima<\/strong> come finitura sulla console centrale (parte del pacchetto interni \u201cClear &amp; Bold\u201d). L\u2019inserto in pietra integra una funzione touch con feedback aptico, con cui si possono gestire con un tocco funzioni base come le quattro frecce, il freno di stazionamento elettrico o la selezione dei profili di guida.<\/p>\n<p>        <img decoding=\"async\" src=\"https:\/\/www.europesays.com\/it\/wp-content\/uploads\/2025\/07\/16x9-tr.png\" alt=\"BMW iX5 60 xDrive (2026)\" width=\"16\" height=\"9\" loading=\"lazy\"\/><\/p>\n<p>BMW iX5 60 xDrive (2026) &#8211; A richiesta ci pu\u00f2 essere anche un secondo mega schermo per il passeggero<\/p>\n<p>Foto di: BMW<\/p>\n<p>Per il passeggero anteriore \u00e8 disponibile &#8211; a pagamento &#8211; uno schermo Full HD da <strong>14,6 pollici<\/strong>, per streaming video o giochi durante la marcia. Una telecamera interna integrata nel cielo del tetto monitora costantemente i movimenti oculari del guidatore e oscura automaticamente lo schermo passeggero non appena il conducente tenta di spostare lo sguardo dalla strada verso il display. <strong>L\u2019aumento del passo<\/strong> ha un impatto solo limitato <strong>sull\u2019abitabilit\u00e0 posteriore<\/strong>. Nulla da temere: dietro si sta molto bene, ma per un SUV da 5 m <strong>lo spazio non \u00e8 \u201cmonumentale\u201d<\/strong>. D\u2019altronde, sulla X5 non lo \u00e8 mai stato. Consigliati: i cuscini per il collo fissati ai poggiatesta (optional) danno un vero sapore da ammiraglia. La capacit\u00e0 del bagagliaio varia a seconda della motorizzazione:<\/p>\n<ul>\n<li>Benzina e diesel: <strong>650\u20131.850 litri<\/strong><\/li>\n<li>BMW iX5 (elettrica): <strong>655\u20131.850 litri<\/strong><\/li>\n<li>Plug-in hybrid: <strong>525\u20131.680 litri<\/strong> (per via dell\u2019ingombro di elettronica di potenza e batteria sopra l\u2019asse posteriore)<\/li>\n<\/ul>\n<p>        <img decoding=\"async\" src=\"https:\/\/www.europesays.com\/it\/wp-content\/uploads\/2025\/07\/16x9-tr.png\" alt=\"BMW iX5 60 xDrive (2026)\" width=\"16\" height=\"9\" loading=\"lazy\"\/><\/p>\n<p>BMW iX5 60 xDrive (2026) &#8211; I sedili posteriori<\/p>\n<p>Foto Di: BMW<\/p>\n<p>        <img decoding=\"async\" src=\"https:\/\/www.europesays.com\/it\/wp-content\/uploads\/2025\/07\/16x9-tr.png\" alt=\"BMW iX5 60 xDrive (2026)\" width=\"16\" height=\"9\" loading=\"lazy\"\/><\/p>\n<p>BMW iX5 60 xDrive (2026) &#8211; Il bagagliaio<\/p>\n<p>Immagini di: BMW<\/p>\n<p>Un altro aspetto emerso al primo contatto con la BMW 5 2026: il <strong>nuovo volante con tasti capacitivi<\/strong> dietro vetro non sembra un vero passo avanti. Qui, meno sarebbe stato meglio. Nota interessante: per evitare che il tema delle \u201cporte ad apertura elettrica\u201d diventi una <strong>questione di sicurezza<\/strong>, BMW integra un pulsante dedicato nel pannello porta per lo sblocco meccanico. Arriva anche un nuovo tetto panoramico in vetro XXL, che pu\u00f2 essere aperto.<\/p>\n<p><strong>Qualit\u00e0 percepita e assemblaggi<\/strong> sembrano nel complesso <strong>convincenti a un primo sguardo<\/strong>. Tuttavia, come purtroppo capita sempre pi\u00f9 spesso (e non solo tra i premium tedeschi), nella parte bassa delle porte si trova plastica molto rigida ed economica. Non c\u2019\u00e8 nemmeno un rivestimento nelle tasche portaoggetti. In questa categoria \u00e8 un punto critico: un trend che andrebbe invertito.\u00a0<\/p>\n<p><a id=\"motori\"\/>BMW X5 2026: i motori<\/p>\n<p>Sotto il cofano della nuova BMW X5 la scelta \u00e8 davvero vasta, in un momento in cui l\u2019industria raramente offre un ventaglio simile. Il portafoglio copre praticamente ogni tipo di propulsione, per rispondere alle esigenze dei diversi mercati globali.<\/p>\n<p>        <img decoding=\"async\" src=\"https:\/\/www.europesays.com\/it\/wp-content\/uploads\/2025\/07\/16x9-tr.png\" alt=\"BMW iX5 60 xDrive (2026)\" width=\"16\" height=\"9\" loading=\"lazy\"\/><\/p>\n<p>BMW iX5 60 xDrive (2026) &#8211; Arriva la tecnologia eDrive di 6^ generazione<\/p>\n<p>Foto di: BMW<\/p>\n<p>All\u2019inizio \u00e8 l\u2019unica proposta completamente elettrica della nuova gamma. Dalla Neue Klasse arrivano la tecnologia eDrive di <strong>6\u00aa generazione<\/strong> con celle cilindriche. Un motore asincrono all\u2019asse anteriore (<strong>249 CV<\/strong>) e una macchina sincrona a eccitazione elettrica al posteriore (<strong>329 CV<\/strong>) sviluppano una potenza di sistema di <strong>425 kW (578 CV)<\/strong> e una coppia massima di <strong>805 Nm<\/strong>. Lo 0\u2013100 km\/h avviene in <strong>4,6 secondi<\/strong>. La batteria da <strong>141 kWh netti<\/strong> consente un\u2019autonomia WLTP di <strong>645\u2013845 km<\/strong>. Grazie all\u2019architettura a <strong>800 Volt<\/strong> sono possibili potenze di ricarica fino a <strong>460 kW<\/strong>, con passaggio dal 10 all\u201980% in <strong>23 minuti<\/strong>. Inoltre, il sistema supporta di serie la ricarica bidirezionale (<strong>Vehicle-to-Load, Vehicle-to-Home e Vehicle-to-Grid<\/strong>).<\/p>\n<p>        <img decoding=\"async\" src=\"https:\/\/www.europesays.com\/it\/wp-content\/uploads\/2025\/07\/16x9-tr.png\" alt=\"BMW X5 40xDrive (2026)\" width=\"16\" height=\"9\" loading=\"lazy\"\/><\/p>\n<p>BMW X5 40xDrive (2026) con 6 cilindri in linea da 3 l<\/p>\n<p>Foto di: BMW<\/p>\n<p>il sei cilindri in linea 3,0 litri, profondamente ottimizzato, arriva a <strong>294 kW (400 CV)<\/strong> e offre una coppia di sistema di <strong>580 Nm<\/strong>. Lo 0\u2013100 km\/h \u00e8 in <strong>5,3 secondi<\/strong>, la velocit\u00e0 massima \u00e8 limitata elettronicamente a <strong>250 km\/h<\/strong>. Con <strong>2.365 kg<\/strong> (incluso il guidatore) \u00e8 la pi\u00f9 leggera tra le nuove X5.<\/p>\n<p>Una buona notizia per chi macina km in Europa: BMW mantiene il diesel. Il sei cilindri in linea common-rail eroga <strong>230 kW (313 CV)<\/strong> e invia all\u2019xDrive una coppia di <strong>670 Nm<\/strong>. 0\u2013100 km\/h in <strong>6,1 secondi<\/strong>, velocit\u00e0 massima <strong>230 km\/h<\/strong>. Consumo WLTP dichiarato: <strong>7,0\u20137,3 l\/100 km<\/strong>.<\/p>\n<p>        <img decoding=\"async\" src=\"https:\/\/www.europesays.com\/it\/wp-content\/uploads\/2025\/07\/16x9-tr.png\" alt=\"BMW X5 M60e xDrive (2026)\" width=\"16\" height=\"9\" loading=\"lazy\"\/><\/p>\n<p>BMW X5 M60e xDrive (2026) il PHEV con batteria da\u00a026,5 kWh netti<\/p>\n<p>Foto di: BMW<\/p>\n<p>Entrambe le PHEV combinano il collaudato sei cilindri in linea benzina 3,0 litri con un motore elettrico integrato nell\u2019automatico a 8 rapporti, che aggiunge <strong>197 CV<\/strong>. La batteria agli ioni di litio ha <strong>26,5 kWh netti<\/strong>. La potenza di sistema della <strong>X5 50e xDrive<\/strong> \u00e8 di <strong>360 kW (489 CV)<\/strong>, con 0\u2013100 km\/h in <strong>5,0 secondi<\/strong>. La <strong>M60e xDrive<\/strong> sale a <strong>450 kW (612 CV)<\/strong> e <strong>800 Nm<\/strong>, per uno 0\u2013100 km\/h in <strong>4,5 secondi<\/strong>.<\/p>\n<p>        <img decoding=\"async\" src=\"https:\/\/www.europesays.com\/it\/wp-content\/uploads\/2025\/07\/16x9-tr.png\" alt=\"BMW iX5 Hydrogen (2026)\" width=\"16\" height=\"9\" loading=\"lazy\"\/><\/p>\n<p>BMW iX5 Hydrogen (2026) con\u00a0fuel cell a idrogeno di 3^ generazione<\/p>\n<p>Foto di: BMW<\/p>\n<p>Nel <strong>2028<\/strong> BMW introdurr\u00e0 una piccola serie con fuel cell a idrogeno di <strong>3\u00aa generazione<\/strong>, sviluppata in stretta collaborazione con Toyota. Il veicolo stocca circa <strong>7 kg di idrogeno<\/strong> in sette innovativi serbatoi piatti nel pianale e dovrebbe permettere autonomie realistiche fino a <strong>750 km<\/strong> senza soste di ricarica.<\/p>\n<p>Assetto e dinamica: il \u201csupercervello\u201d digitale prende il comando<\/p>\n<p>Nonostante la massa a vuoto importante \u2013 la iX5 elettrica arriva a <strong>2.900 kg<\/strong> \u2013 BMW promette che la X5 rester\u00e0 il modello pi\u00f9 agile e dinamico del segmento. La base \u00e8 una ripartizione dei pesi vicina al <strong>50:50<\/strong>, abbinata all\u2019<strong>assetto adattivo di serie<\/strong> con ammortizzatori a controllo elettronico.<\/p>\n<p>        <img decoding=\"async\" src=\"https:\/\/www.europesays.com\/it\/wp-content\/uploads\/2025\/07\/16x9-tr.png\" alt=\"BMW X5 M60e xDrive (2026)\" width=\"16\" height=\"9\" loading=\"lazy\"\/><\/p>\n<p>BMW X5 M60e xDrive (2026) &#8211; Con sospensioni pneumatiche e stabilizzazione attiva del rollio<\/p>\n<p>Foto di: BMW<\/p>\n<p>Sulle versioni termiche e <strong>plug-in hybrid<\/strong>, la gestione della dinamica trasversale di decima generazione coordina tutti i flussi di coppia e gli interventi in frenata. Le varianti elettrica e a idrogeno ricevono invece il nuovo \u201csuperbrain\u201d digitale chiamato <strong>Heart of Joy<\/strong>: uno stack integrato per stabilit\u00e0 e trazione che unifica tutte le funzioni dinamiche e regola fino a <strong>dieci volte pi\u00f9 velocemente<\/strong> rispetto alle precedenti centraline separate.<\/p>\n<p>A richiesta sono disponibili le sospensioni pneumatiche a due assi e lo sterzo integrale. Da ferma, la coda pu\u00f2 abbassarsi di <strong>40 mm<\/strong> per facilitare il carico del bagagliaio. Chi vuole il massimo in termini di dinamica deve scegliere la <strong>\u201cAdaptive Chassis Control Professional\u201d<\/strong>, che aggiunge anche una stabilizzazione attiva del rollio a <strong>48 Volt<\/strong>.<\/p>\n<p>                            <a href=\"http:\/\/it.motor1.com\/photos\/928529\/bmw-ix5-60-xdrive-2026\/#8530327_bmw-ix5-60-xdrive-2026\" class=\"msnt-photo-thumb-gallery-main-photo-box\" itemprop=\"image\" itemscope=\"\" itemtype=\"https:\/\/schema.org\/ImageObject\" data-url=\"\/photos\/928529\/bmw-ix5-60-xdrive-2026\/#8530327_bmw-ix5-60-xdrive-2026\" data-thumb=\"\" data-caption=\"BMW iX5 60 xDrive (2026)\" data-src=\"\" data-sub-html=\"BMW iX5 60 xDrive (2026)\" data-entity-id=\"8530327\" data-download-url=\"\" rel=\"nofollow noopener\" target=\"_blank\"><\/p>\n<p>                                    <img decoding=\"async\" src=\"https:\/\/www.europesays.com\/it\/wp-content\/uploads\/2025\/07\/16x9-tr.png\" loading=\"lazy\" alt=\"BMW iX5 60 xDrive (2026)\" width=\"16\" height=\"9\"\/><\/p>\n<p>                            <\/a><\/p>\n<p>                                    76                                <\/p>\n<p>\n                            Fonte: BMW                        <\/p>\n<p>BMW raggruppa la nuova generazione di ADAS sotto il nome <strong>BMW Symbiotic Drive<\/strong>. Questi sistemi di <strong>livello 2<\/strong> dovrebbero garantire un\u2019interazione fluida e non invasiva tra lo stile di guida umano e il supporto della macchina, evitando correzioni nervose dello sterzo o eccessivi avvisi acustici. Sulla iX3, questo approccio funziona molto bene.<\/p>\n<p>Oltre ai fari <strong>Matrix LED di serie<\/strong>, con portata fino a <strong>600 m<\/strong>, la nuova X5 punta sulla protezione di occupanti e altri utenti della strada soprattutto nelle fasi di ingresso e uscita dall\u2019auto. I sensori radar installati attorno al veicolo mettono in sicurezza in modo completo le nuove porte automatiche. Se, per esempio, viene rilevato un ciclista in avvicinamento da dietro o un altro veicolo, l\u2019apertura elettrica delle porte viene immediatamente interrotta in caso di rischio.<\/p>\n<p>Chi sceglie il pacchetto opzionale <strong>BMW Digital Premium<\/strong> riceve anche il nuovo <strong>\u201cSecurity Assistant\u201d<\/strong>: in caso di urto in parcheggio o tentativo di furto invia subito una notifica push con live stream video dalle telecamere esterne direttamente sullo smartphone del proprietario. Il BMW Drive Recorder integrato, inoltre, in caso di incidente salva automaticamente i filmati degli <strong>ultimi 30 secondi<\/strong> prima e dopo l\u2019impatto.<\/p>\n<p><a id=\"prezzi\"\/>BMW X5 2026: i prezzi<\/p>\n<p>La produzione in serie della quinta generazione della BMW X5 partir\u00e0 ad <strong>agosto 2026<\/strong> nello stabilimento <a href=\"https:\/\/it.motor1.com\/bmw\/\" data-inline-widget=\"internal-links\" data-type-id=\"2\" data-params=\"%7B%22alias%22%3A%22bmw%22%7D\" rel=\"nofollow noopener\" target=\"_blank\">BMW<\/a> di Spartanburg, negli Stati Uniti. Il lancio ufficiale per le versioni termiche \u00e8 previsto per <strong>fine novembre 2026<\/strong>. Plug-in hybrid e iX5 elettrica arriveranno nelle concessionarie a <strong>inizio 2027<\/strong>. Nel <strong>2028<\/strong> seguir\u00e0 la variante a idrogeno della iX5. Per ora non sono stati indicati i <strong>prezzi della BMW X5 2026<\/strong>. Considerate le numerose novit\u00e0 tecnologiche, \u00e8 comunque probabile un aumento del prezzo d\u2019ingresso. L\u2019attuale modello parte dal diesel da 298 CV a <strong>90.500 euro<\/strong>.<\/p>\n<p class=\"comfort-title-large flex gap-spacing-sm-base items-center\">\n<p>\t\tVogliamo la tua opinione!\n\t<\/p>\n<p>Cosa vorresti vedere su Motor1.com?<\/p>\n<p>\t\t<a href=\"https:\/\/it.motor1.com\/survey\/2025\/\" rel=\"nofollow noopener\" target=\"_blank\"><br \/>\n\t\t\tPartecipa al nostro sondaggio di 3 minuti.\t\t<\/a><\/p>\n<p class=\"compact-body-medium\">&#8211; Il team di Motor1.com<\/p>\n","protected":false},"excerpt":{"rendered":"La BMW X5 \u00e8 considerata l\u2019antesignana dei SUV premium di Monaco. Quando negli anni \u201990 l\u2019allora responsabile dello&hellip;\n","protected":false},"author":3,"featured_media":564432,"comment_status":"","ping_status":"","sticky":false,"template":"","format":"standard","meta":{"footnotes":"","_share_on_mastodon":"0"},"categories":[172],"tags":[178,25419,210089,177,1537,90,89,22988,7224],"class_list":["post-564431","post","type-post","status-publish","format-standard","has-post-thumbnail","category-affari","tag-affari","tag-auto-tedesche","tag-bmw-x5","tag-business","tag-it","tag-italia","tag-italy","tag-nuove-auto","tag-suv-crossover"],"share_on_mastodon":{"url":"https:\/\/pubeurope.com\/@it\/116844163665023498","error":""},"_links":{"self":[{"href":"https:\/\/www.europesays.com\/it\/wp-json\/wp\/v2\/posts\/564431","targetHints":{"allow":["GET"]}}],"collection":[{"href":"https:\/\/www.europesays.com\/it\/wp-json\/wp\/v2\/posts"}],"about":[{"href":"https:\/\/www.europesays.com\/it\/wp-json\/wp\/v2\/types\/post"}],"author":[{"embeddable":true,"href":"https:\/\/www.europesays.com\/it\/wp-json\/wp\/v2\/users\/3"}],"replies":[{"embeddable":true,"href":"https:\/\/www.europesays.com\/it\/wp-json\/wp\/v2\/comments?post=564431"}],"version-history":[{"count":0,"href":"https:\/\/www.europesays.com\/it\/wp-json\/wp\/v2\/posts\/564431\/revisions"}],"wp:featuredmedia":[{"embeddable":true,"href":"https:\/\/www.europesays.com\/it\/wp-json\/wp\/v2\/media\/564432"}],"wp:attachment":[{"href":"https:\/\/www.europesays.com\/it\/wp-json\/wp\/v2\/media?parent=564431"}],"wp:term":[{"taxonomy":"category","embeddable":true,"href":"https:\/\/www.europesays.com\/it\/wp-json\/wp\/v2\/categories?post=564431"},{"taxonomy":"post_tag","embeddable":true,"href":"https:\/\/www.europesays.com\/it\/wp-json\/wp\/v2\/tags?post=564431"}],"curies":[{"name":"wp","href":"https:\/\/api.w.org\/{rel}","templated":true}]}}