{"id":564644,"date":"2026-07-01T13:08:15","date_gmt":"2026-07-01T13:08:15","guid":{"rendered":"https:\/\/www.europesays.com\/it\/564644\/"},"modified":"2026-07-01T13:08:15","modified_gmt":"2026-07-01T13:08:15","slug":"cardinale-chiama-liberali-la-strategia-del-proprietario-del-milan","status":"publish","type":"post","link":"https:\/\/www.europesays.com\/it\/564644\/","title":{"rendered":"Cardinale chiama Liberali: la strategia del proprietario del Milan"},"content":{"rendered":"<p>                                Dopo due anni deludenti e la critica feroce dei tifosi, il numero uno di RedBird ha cambiato decisamente registro, scendendo in campo in prima persona. E dopo Goncalo Ramos si occupa anche del giovane talento<\/p>\n<p class=\"paragraph\" spellcheck=\"true\">&#8220;Pronto Mattia? Sono Gerry Cardinale&#8221;. Immaginatevi la scena: da una parte della cornetta c&#8217;\u00e8 Liberali, talentino classe 2007 impegnato in Galles con l&#8217;Italia all&#8217;Europeo Under 19; dall&#8217;altra, un miliardario di quasi 60 anni,\u00a0 numero uno di RedBird, fondo proprietario del Milan, che fino a questa estate non si era mai occupato cos\u00ec dettagliatamente di calciomercato. Eppure, Cardinale si sta muovendo in prima persona anche per un affare che agli occhi esterni pu\u00f2 sembrare &#8220;minore&#8221;, cio\u00e9 l&#8217;eventuale ritorno in rossonero di una stellina mollata forse troppo in fretta un anno fa da chi l&#8217;americano aveva delegato di gestire il &#8220;suo&#8221; Milan. Ora, su spinta anche del nuovo tecnico Ruben Amorim, Gerry sta provando a correre ai ripari per evitare che Liberali vada al Como e il Diavolo perda la possibilit\u00e0 di riaverlo a Milanello.<\/p>\n<p>        cambio registro\u2014 \u00a0<\/p>\n<p class=\"paragraph\" spellcheck=\"true\">In fondo Cardinale l&#8217;aveva anticipato nel giorno in cui aveva in un colpo solo azzerato tutti i vertici di via Aldo Rossi, dall&#8217;ad Furlani al ds Tare, passando per il dt Moncada e l&#8217;allenatore Allegri: d&#8217;ora in poi decido io e mi occupo io in prima persona del Milan. Detto, fatto. Perch\u00e9 dalla scelta dell&#8217;allenatore alla ristrutturazione dell&#8217;organigramma e ora alle trattative di mercato, il numero uno di RedBird non \u00e8 pi\u00f9 solo persona informata dei fatti, ma attore protagonista. L&#8217;impegno sta prevedendo tempo (Cardinale ha presenziato &#8211; se non fisicamente, in videocall &#8211; ai colloqui per il tecnico ed \u00e8 stato in Italia pi\u00f9 volte nell&#8217;ultimo mese) e denaro (ieri Gon\u00e7alo Ramos \u00e8 diventato ufficialmente il calciatore pi\u00f9 caro della storia del Milan), ma Gerry se lo era (e lo aveva) promesso dopo due anni deludenti che hanno messo la tifoseria sul piede di guerra contro la propriet\u00e0 americana.\u00a0<\/p>\n<p><a class=\"is-partner-link\" href=\"https:\/\/abbonamenti.gazzetta.it\/de-promo-mondiali\/?pwcmp=cta&amp;forceBrowser=true\" rel=\"nofollow noopener\" target=\"_blank\">Gazzetta Mondiale: ogni notte un\u2019edizione straordinaria esclusiva. Non perdertela, abbonati a 1\u20ac\/mese!<\/a><\/p>\n<p>        sogni\u2014 \u00a0<\/p>\n<p class=\"paragraph\" spellcheck=\"true\">E leggendo i social, si intuisce come almeno parte del tifo rossonero abbia cambiato gi\u00e0 mood. Perch\u00e9 i 70 milioni circa pagati al Psg per Ramos sono molto pi\u00f9 che parole al vento. Cos\u00ec come oggi le call con Liberali (nel pomeriggio \u00e8 prevista un meeting telematico con l&#8217;azzurrino) o i nomi che il Milan sta sondando sul mercato. In un mese, Cardinale sta portando i tifosi dalla depressione (sportivamente parlando) per una squadra senza risultati e identit\u00e0 al sogno di costruire un nuovo ciclo. E a proposito di sogni, quello di Gerry per la difesa si chiama Virgil van Dijk. Difficile, quasi impossibile, come appunto sono i sogni. Ma ecco, prima che Cardinale scendesse in campo, ai tifosi rossoneri era &#8220;vietato sognare&#8221;, parafrasando un vecchio striscione in Curva Sud. Oggi possono farlo a occhi aperti.\u00a0 \u00a0<\/p>\n<p class=\"is-copyright\">\u00a9 RIPRODUZIONE RISERVATA<\/p>\n","protected":false},"excerpt":{"rendered":"Dopo due anni deludenti e la critica feroce dei tifosi, il numero uno di RedBird ha cambiato decisamente&hellip;\n","protected":false},"author":3,"featured_media":564645,"comment_status":"","ping_status":"","sticky":false,"template":"","format":"standard","meta":{"footnotes":"","_share_on_mastodon":"0"},"categories":[1452],"tags":[735,311246,1960,721,2295,921,843,2205,264709,45,1740,32359,1537,90,89,30323,1412,3783,553,1312,206793,1890,1915,17921,33181,24823,33177,28382,9611,1739,9654,245,244,3375,6035,3747],"class_list":["post-564644","post","type-post","status-publish","format-standard","has-post-thumbnail","category-calcio","tag-affare","tag-affare-occhi","tag-allenatore","tag-calcio","tag-cambiato","tag-campo","tag-cardinale","tag-chiama","tag-deludenti","tag-fondo","tag-football","tag-gerry","tag-it","tag-italia","tag-italy","tag-liberali","tag-mercato","tag-mese","tag-milan","tag-numero","tag-numero-redbird","tag-occhi","tag-persona","tag-proprietario","tag-proprietario-milan","tag-ramos","tag-redbird","tag-registro","tag-rossonero","tag-soccer","tag-sogni","tag-sport","tag-sports","tag-tecnico","tag-tifosi","tag-trattative"],"share_on_mastodon":{"url":"https:\/\/pubeurope.com\/@it\/116844882068889541","error":""},"_links":{"self":[{"href":"https:\/\/www.europesays.com\/it\/wp-json\/wp\/v2\/posts\/564644","targetHints":{"allow":["GET"]}}],"collection":[{"href":"https:\/\/www.europesays.com\/it\/wp-json\/wp\/v2\/posts"}],"about":[{"href":"https:\/\/www.europesays.com\/it\/wp-json\/wp\/v2\/types\/post"}],"author":[{"embeddable":true,"href":"https:\/\/www.europesays.com\/it\/wp-json\/wp\/v2\/users\/3"}],"replies":[{"embeddable":true,"href":"https:\/\/www.europesays.com\/it\/wp-json\/wp\/v2\/comments?post=564644"}],"version-history":[{"count":0,"href":"https:\/\/www.europesays.com\/it\/wp-json\/wp\/v2\/posts\/564644\/revisions"}],"wp:featuredmedia":[{"embeddable":true,"href":"https:\/\/www.europesays.com\/it\/wp-json\/wp\/v2\/media\/564645"}],"wp:attachment":[{"href":"https:\/\/www.europesays.com\/it\/wp-json\/wp\/v2\/media?parent=564644"}],"wp:term":[{"taxonomy":"category","embeddable":true,"href":"https:\/\/www.europesays.com\/it\/wp-json\/wp\/v2\/categories?post=564644"},{"taxonomy":"post_tag","embeddable":true,"href":"https:\/\/www.europesays.com\/it\/wp-json\/wp\/v2\/tags?post=564644"}],"curies":[{"name":"wp","href":"https:\/\/api.w.org\/{rel}","templated":true}]}}