{"id":564652,"date":"2026-07-01T13:13:19","date_gmt":"2026-07-01T13:13:19","guid":{"rendered":"https:\/\/www.europesays.com\/it\/564652\/"},"modified":"2026-07-01T13:13:19","modified_gmt":"2026-07-01T13:13:19","slug":"robbie-williams-sorpresa-a-siviglia-canta-angels-con-un-musicista-di-strada-video-i-sky-tg24","status":"publish","type":"post","link":"https:\/\/www.europesays.com\/it\/564652\/","title":{"rendered":"Robbie Williams, sorpresa a Siviglia: canta Angels con un musicista di strada. VIDEO I Sky TG24"},"content":{"rendered":"<p>L\u2019artista britannico, atteso in citt\u00e0 per il concerto in programma il giorno successivo, \u00e8 stato protagonista di una comparsata spontanea che ha immediatamente catturato l\u2019attenzione di residenti e turisti. Il gesto, ripreso da pi\u00f9 telefoni e diffuso sui social, ha contribuito a rafforzare l\u2019immagine di una popstar capace di rompere la distanza tra palco e strada<\/p>\n<p><a data-intcmp=\"skytg24_foglia articolo_interlink_text\" href=\"https:\/\/tg24.sky.it\/argomenti\/robbie-williams\" target=\"_self\" rel=\"nofollow noopener\">Robbie Williams<\/a> ha regalato a Siviglia un episodio imprevisto e rapidamente diventato virale, trasformando una semplice passeggiata nel centro storico in un momento di spettacolo collettivo: ha cantato la sua canzone Angels assieme a un musicista di strada. L\u2019artista britannico, atteso in citt\u00e0 per il concerto in programma il giorno successivo (ossia marted\u00ec 30 giugno 2026), \u00e8 stato protagonista di una comparsata spontanea che ha immediatamente catturato l\u2019attenzione di residenti e turisti. Il gesto, ripreso da pi\u00f9 telefoni e diffuso sui social, ha contribuito a rafforzare l\u2019immagine di una popstar capace di rompere la distanza tra palco e strada, scegliendo un contatto diretto e informale con il pubblico.<\/p>\n<p>\u00a0<\/p>\n<p>L\u2019episodio si \u00e8 consumato in un clima estivo e informale nel cuore di Siviglia, dove una normale serata si \u00e8 improvvisamente trasformata in un evento inatteso. L\u2019area del centro storico, gi\u00e0 animata dalla presenza di un musicista di strada, \u00e8 diventata in pochi istanti il teatro di una scena che ha assunto i contorni dell\u2019eccezionalit\u00e0. L\u2019arrivo improvviso del cantante, la reazione istintiva della folla e la successiva diffusione dei video online hanno consolidato la percezione di un momento destinato a restare nella memoria di chi vi ha assistito.<\/p>\n<p>\u00a0<\/p>\n<p>Potete guardare il video di Robbie Williams che canta Angels insieme con un musicista di strada nella clip che trovate in fondo a questo articolo.\u00a0<\/p>\n<p>\t\t \tUn\u2019apparizione inattesa nel cuore di Siviglia<\/p>\n<p>Robbie Williams ha sorpreso fan e passanti luned\u00ec a Siviglia, in Spagna, unendosi all\u2019esibizione di un musicista di strada. Davanti a una folla di curiosi, il cantante britannico ha improvvisato una versione della sua celebre Angels, accompagnato dalla chitarra del busker.<\/p>\n<p>\u00a0<\/p>\n<p>La scena ha assunto i tratti di un piccolo concerto improvvisato, con la strada che si \u00e8 rapidamente riempita di persone attratte dall\u2019evento. Le immagini circolate online hanno documentato un momento informale ma fortemente emotivo, nato senza alcuna pianificazione e sviluppatosi in pochi minuti.<\/p>\n<p>\t\t\t<a class=\"c-inline-card j-inline-card c-inline-card--with-image\" href=\"https:\/\/tg24.sky.it\/spettacolo\/2026\/05\/05\/robbie-williams-dente\" rel=\"follow nofollow noopener\" data-intcmp=\"skytg24_articolo_approfondimenti_inline\" target=\"_blank\"><\/p>\n<p>\t\t\t         <img decoding=\"async\" crossorigin=\"anonymous\" alt=\"\" src=\"https:\/\/www.europesays.com\/it\/wp-content\/uploads\/2026\/07\/robbie_williams_ig.jpg\"  loading=\"lazy\"  bad-src=\"https:\/\/www.europesays.com\/it\/wp-content\/uploads\/2026\/07\/robbie_williams_ig.jpg\"\/><\/p>\n<p>\n\t\t\t         Approfondimento<br \/>\n\t\t\t         Robbie Williams perde mezzo dente (e racconta come ha fatto). FOTO\n\t\t\t      <\/p>\n<p>\t\t\t<\/a><\/p>\n<p>\t\t \tLa scena in Calle Santa Mar\u00eda la Blanca<\/p>\n<p>Tutto \u00e8 avvenuto in Calle Santa Mar\u00eda la Blanca, nel cuore della citt\u00e0 andalusa. Un musicista di strada stava gi\u00e0 intrattenendo i presenti quando un uomo con cappellino e occhiali scuri si \u00e8 avvicinato chiedendo di poter utilizzare il microfono.<\/p>\n<p>\u00a0<\/p>\n<p>Per alcuni istanti nessuno ha compreso cosa stesse accadendo. La dinamica dell\u2019incontro \u00e8 apparsa inizialmente ordinaria, quasi insignificante, fino al momento in cui qualcuno tra la folla ha riconosciuto il volto dell\u2019artista. \u00c8 stato allora che la situazione si \u00e8 trasformata, con le urla di sorpresa che hanno rapidamente attraversato la strada.<\/p>\n<p>\t\t\t<a class=\"c-inline-card j-inline-card c-inline-card--with-image\" href=\"https:\/\/tg24.sky.it\/spettacolo\/musica\/2026\/01\/16\/album-robbie-williams-britpop\" rel=\"follow nofollow noopener\" data-intcmp=\"skytg24_articolo_approfondimenti_inline\" target=\"_blank\"><\/p>\n<p>\t\t\t         <img decoding=\"async\" crossorigin=\"anonymous\" alt=\"\" src=\"https:\/\/www.europesays.com\/it\/wp-content\/uploads\/2026\/07\/robbie-williams-britpop.jpg\"  loading=\"lazy\"  bad-src=\"https:\/\/www.europesays.com\/it\/wp-content\/uploads\/2026\/07\/robbie-williams-britpop.jpg\"\/><\/p>\n<p>\n\t\t\t         Approfondimento<br \/>\n\t\t\t         Robbie Williams torna a sorpresa con il nuovo album Britpop\n\t\t\t      <\/p>\n<p>\t\t\t<\/a><\/p>\n<p>\t\t \tIl riconoscimento e la reazione della folla<\/p>\n<p>Una volta avvenuto il riconoscimento, la reazione del pubblico \u00e8 stata immediata e intensa. L\u2019identit\u00e0 dell\u2019uomo si \u00e8 rivelata essere quella di Robbie Williams, una delle figure pi\u00f9 riconoscibili del pop britannico, artista con oltre 100 milioni di dischi venduti nel mondo e gi\u00e0 noto sia per l\u2019esperienza con i Take That sia per la successiva carriera solista.<\/p>\n<p>\u00a0<\/p>\n<p>La sorpresa ha lasciato spazio a un entusiasmo crescente, con i presenti che hanno rapidamente reagito alla comparsa dell\u2019artista in un contesto cos\u00ec informale e ravvicinato. Il momento ha assunto i contorni di un evento collettivo improvvisato, amplificato dalla partecipazione spontanea del pubblico.<\/p>\n<p>\t\t\t<a class=\"c-inline-card j-inline-card c-inline-card--with-image\" href=\"https:\/\/tg24.sky.it\/spettacolo\/2025\/11\/16\/robbie-williams-vista\" rel=\"follow nofollow noopener\" data-intcmp=\"skytg24_articolo_approfondimenti_inline\" target=\"_blank\"><\/p>\n<p>\t\t\t         <img decoding=\"async\" crossorigin=\"anonymous\" alt=\"\" src=\"https:\/\/www.europesays.com\/it\/wp-content\/uploads\/2026\/07\/robbie-williams-GettyImages-2198143622.jpg\"  loading=\"lazy\"  bad-src=\"https:\/\/www.europesays.com\/it\/wp-content\/uploads\/2026\/07\/robbie-williams-GettyImages-2198143622.jpg\"\/><\/p>\n<p>\n\t\t\t         Approfondimento<br \/>\n\t\t\t         Robbie Williams: &#8220;Sto perdendo la vista a causa di un farmaco&#8221;\n\t\t\t      <\/p>\n<p>\t\t\t<\/a><\/p>\n<p>\t\t \t\u201cAngels\u201d e l\u2019esibizione improvvisata<\/p>\n<p>L\u2019artista ha iniziato a cantare Angels, la ballata pubblicata nel 1997 e diventata uno dei brani pi\u00f9 rappresentativi della sua carriera. L\u2019esecuzione, priva di qualsiasi struttura scenica, ha immediatamente coinvolto i presenti.<\/p>\n<p>\u00a0<\/p>\n<p>Nel giro di pochi secondi, decine di persone hanno iniziato a unirsi al ritornello, trasformando la strada in un coro spontaneo. L\u2019assenza di elementi tipici di un concerto \u2014 nessuna scenografia, nessun impianto visivo, nessuna distanza tra palco e pubblico \u2014 ha reso l\u2019esperienza ancora pi\u00f9 diretta e partecipata.<\/p>\n<p>La diffusione social e la viralit\u00e0 del momento<\/p>\n<p>I telefoni si sono alzati quasi simultaneamente per catturare la scena, e i video hanno iniziato a circolare rapidamente sui social network. Le immagini sono state pubblicate dalla pagina Instagram Conciertos en Sevilla, contribuendo alla rapida diffusione dell\u2019episodio.<\/p>\n<p>\t\t\t<a class=\"c-inline-card j-inline-card c-inline-card--with-image\" href=\"https:\/\/tg24.sky.it\/spettacolo\/2025\/10\/02\/robbie-williams-tourette\" rel=\"follow nofollow noopener\" data-intcmp=\"skytg24_articolo_approfondimenti_inline\" target=\"_blank\"><\/p>\n<p>\t\t\t         <img decoding=\"async\" crossorigin=\"anonymous\" alt=\"\" src=\"https:\/\/www.europesays.com\/it\/wp-content\/uploads\/2026\/07\/robbie-williams-ipa.jpg\"  loading=\"lazy\"  bad-src=\"https:\/\/www.europesays.com\/it\/wp-content\/uploads\/2026\/07\/robbie-williams-ipa.jpg\"\/><\/p>\n<p>\n\t\t\t         Approfondimento<br \/>\n\t\t\t         Robbie Williams: &#8220;Ho la sindrome di Tourette, i tour mi terrorizzano&#8221;\n\t\t\t      <\/p>\n<p>\t\t\t<\/a><\/p>\n<p>\t\t \tAlla vigilia del concerto a Plaza de Espa\u00f1a<\/p>\n<p>L\u2019episodio si \u00e8 verificato alla vigilia del concerto che Robbie Williams ha tenuto il 30 giugno 2026 a Plaza de Espa\u00f1a, nell\u2019ambito dell\u2019Ic\u00f3nica Santaluc\u00eda Sevilla Fest. Prima dello spettacolo ufficiale, l\u2019artista ha scelto di regalare ai presenti un momento spontaneo e privo di formalit\u00e0, lontano dalla struttura dei grandi eventi dal vivo.<\/p>\n<p>\u00a0<\/p>\n<p>Nessuna scenografia, nessun maxischermo, soltanto una chitarra, un microfono e una strada del centro storico. In questo contesto minimale, la performance ha assunto un carattere intimo e irripetibile, trasformando una normale serata sivigliana in un episodio destinato a rimanere nella memoria di chi vi ha assistito.<\/p>\n<p>\t\t\t<a class=\"c-inline-card j-inline-card c-inline-card--with-image\" href=\"https:\/\/tg24.sky.it\/spettacolo\/musica\/2025\/10\/06\/robbie-williams-concerto-istanbul-cancellato\" rel=\"follow nofollow noopener\" data-intcmp=\"skytg24_articolo_approfondimenti_inline\" target=\"_blank\"><\/p>\n<p>\t\t\t         <img decoding=\"async\" crossorigin=\"anonymous\" alt=\"\" src=\"https:\/\/www.europesays.com\/it\/wp-content\/uploads\/2026\/07\/robbie-williams-getty.jpg\"  loading=\"lazy\"  bad-src=\"https:\/\/www.europesays.com\/it\/wp-content\/uploads\/2026\/07\/robbie-williams-getty.jpg\"\/><\/p>\n<p>\n\t\t\t         Approfondimento<br \/>\n\t\t\t         Robbie Williams, cancellato concerto Istanbul, ragioni di &#8220;sicurezza&#8221;\n\t\t\t      <\/p>\n<p>\t\t\t<\/a><\/p>\n<p>\t            TAG:<\/p>\n","protected":false},"excerpt":{"rendered":"L\u2019artista britannico, atteso in citt\u00e0 per il concerto in programma il giorno successivo, \u00e8 stato protagonista di una&hellip;\n","protected":false},"author":3,"featured_media":564653,"comment_status":"","ping_status":"","sticky":false,"template":"","format":"standard","meta":{"footnotes":"","_share_on_mastodon":"0"},"categories":[1443],"tags":[203,204,1537,90,89,1538,1539,31372],"class_list":["post-564652","post","type-post","status-publish","format-standard","has-post-thumbnail","category-musica","tag-entertainment","tag-intrattenimento","tag-it","tag-italia","tag-italy","tag-music","tag-musica","tag-robbie-williams"],"share_on_mastodon":{"url":"https:\/\/pubeurope.com\/@it\/116844902575883103","error":""},"_links":{"self":[{"href":"https:\/\/www.europesays.com\/it\/wp-json\/wp\/v2\/posts\/564652","targetHints":{"allow":["GET"]}}],"collection":[{"href":"https:\/\/www.europesays.com\/it\/wp-json\/wp\/v2\/posts"}],"about":[{"href":"https:\/\/www.europesays.com\/it\/wp-json\/wp\/v2\/types\/post"}],"author":[{"embeddable":true,"href":"https:\/\/www.europesays.com\/it\/wp-json\/wp\/v2\/users\/3"}],"replies":[{"embeddable":true,"href":"https:\/\/www.europesays.com\/it\/wp-json\/wp\/v2\/comments?post=564652"}],"version-history":[{"count":0,"href":"https:\/\/www.europesays.com\/it\/wp-json\/wp\/v2\/posts\/564652\/revisions"}],"wp:featuredmedia":[{"embeddable":true,"href":"https:\/\/www.europesays.com\/it\/wp-json\/wp\/v2\/media\/564653"}],"wp:attachment":[{"href":"https:\/\/www.europesays.com\/it\/wp-json\/wp\/v2\/media?parent=564652"}],"wp:term":[{"taxonomy":"category","embeddable":true,"href":"https:\/\/www.europesays.com\/it\/wp-json\/wp\/v2\/categories?post=564652"},{"taxonomy":"post_tag","embeddable":true,"href":"https:\/\/www.europesays.com\/it\/wp-json\/wp\/v2\/tags?post=564652"}],"curies":[{"name":"wp","href":"https:\/\/api.w.org\/{rel}","templated":true}]}}