{"id":564660,"date":"2026-07-01T13:17:15","date_gmt":"2026-07-01T13:17:15","guid":{"rendered":"https:\/\/www.europesays.com\/it\/564660\/"},"modified":"2026-07-01T13:17:15","modified_gmt":"2026-07-01T13:17:15","slug":"vera-wang-soffia-su-77-candeline-e-sembra-sempre-piu-giovane","status":"publish","type":"post","link":"https:\/\/www.europesays.com\/it\/564660\/","title":{"rendered":"Vera Wang soffia su 77 candeline e sembra sempre pi\u00f9 giovane"},"content":{"rendered":"<p><strong>Vera Wang<\/strong>, mistero della natura e dello showbiz: l\u2019ex pattinatrice diventata una delle stiliste pi\u00f9 famose al mondo che pare andare a ritroso nel tempo e <strong>ad ogni compleanno ringiovanire<\/strong>. Come nel celebre film con Brad Pitt, il curioso caso di Benjamin Button, Vera a 40, 50 anni sembrava pi\u00f9 anziana di oggi, che \u00e8 over settanta. La stilista ha infatti <strong>soffiato il 27 giugno 2026 su 77 candeline<\/strong>, e ha organizzato una cena in un ristorante di lusso con gli amici, documentato sui suoi canali social. Magrissimi e,incredibilmente biondissima, Vera sembrava la festeggiata di un 18esimo.<\/p>\n<blockquote class=\"instagram-media\" data-instgrm-captioned=\"\" data-instgrm-permalink=\"https:\/\/www.instagram.com\/p\/DaLJYCRiF_7\/?utm_source=ig_embed&amp;utm_campaign=loading\" data-instgrm-version=\"14\" style=\" background:#FFF; border:0; border-radius:3px; box-shadow:0 0 1px 0 rgba(0,0,0,0.5),0 1px 10px 0 rgba(0,0,0,0.15); margin: 1px; max-width:100%; min-width:326px; padding:0; width:99.375%; width:-webkit-calc(100% - 2px); width:calc(100% - 2px);\"\/>\n<p>Lei continua a sostenere di mangiare McDonald\u2019s pi\u00f9 volte al mese, di concedersi un drink al giorno a base di vodka \u2013 guai a chi glielo tocca- \u00a0e che i suoi <strong>unici elisir di giovinezza siano il lavoro e un riposo adeguato<\/strong> (non dorme mai meno di 9 ore al giorno). Non c\u2019\u00e8 dubbio che la genetica le abbia dato una gran mano. E pure gli occhiali da sole che non leva quasi mai, perch\u00e9, si sa, spesso lo sguardo e gli occhi sono lo specchio della vera et\u00e0.<\/p>\n<p>In un\u2019intervista del 2022 con BBC 100 Women, Wang, che \u00e8 ancora oggi la direttrice creativa del suo brand, ha dichiarato che il suo \u201celisir magico\u201d per rimanere giovane \u00e8 il lavoro. Anche perch\u00e9 a livello di alimentazione farebbe inorridire qualunque nustrizionista, visto che afferma di fare uso regolare di vodka, nel McDonald\u2019s e ciambelle.<\/p>\n<p>\u201cEbbene s\u00ec, mangio al McDonald\u2019s, lo ordino anche tutti i giorni, poi magari per un po\u2019 mi fermo\u201d, ha dichiarato a Page Six l\u2019anno scorso. E sebbene nessuno le creda, un altro dei suoi migliori consigli per rimanere giovani \u00e8 lavorare. Vera insiste sul fatto che <strong>lavorare mantiene mente, corpo e anima per sempre giovani<\/strong>\u00a0e attribuisce il suo aspetto favoloso anche alla sua routine serale, che prevede <strong>nove ore di sonno ogni notte<\/strong>. Oltre al fatto di non prendere sole da anni.<\/p>\n<p>La Wang lavora nel settore della moda da quando aveva 18 anni, dopo aver rinunciato alle sue giovani speranze di diventare una pattinatrice professionista. A 23 anni, ha fatto la storia diventando la pi\u00f9 giovane fashion editor di Vogue, ma \u00e8 stato solo quasi 20 anni dopo che ha lanciato il suo marchio di moda omonimo, inizialmente di abiti da sposa. Oggi \u00e8 una delle \u00e8 una delle stiliste americane pi\u00f9 iconiche e influenti al mondo, scelta da star come Hailey Bieber, Ariana Grande, Kim Kardashian e Michelle Obama per eventi di gala e matrimoni. Famosa per l\u2019uso magistrale di strati di tulle, drappeggi e corsetti scultorei. Ma soprattutto, per i suoi look personali d\u2019avanguardia che sfidano l\u2019et\u00e0 sui red carpet internazionali.<\/p>\n<p>Ma attenzione: Vera ha pi\u00f9 volte dichiarato di provare <strong>fastidio questo continuo parlare della sua et\u00e0 e del suo invecchiare all\u2019indietro\u00a0 <\/strong>\u2013 age reverse \u2013 \u00a0definendo proprio <strong>l\u2019ageismo<\/strong> (la discriminazione basata sull\u2019et\u00e0) come qualcosa di \u201csuperato e vecchio stile\u201d. La stilista ha spiegato di non aver mai cercato in modo ossessivo di preservare la giovinezza, ma di aver sempre vissuto con l\u2019obiettivo di continuare a crescere e celebrare ogni compleanno come un traguardo fortunato.<\/p>\n<p>\t\t\t\tScopri i personaggi in trend, le storie del momento e molto altro.<br \/>Dove? Sul <a href=\"https:\/\/whatsapp.com\/channel\/0029Vb68mVyHVvTWezDm7d0R\" target=\"_blank\" rel=\"noopener nofollow\">canale WhatsApp di DiLei!<\/a><\/p>\n<p>\t\t\t<a class=\"buttonCall\" href=\"https:\/\/whatsapp.com\/channel\/0029Vb68mVyHVvTWezDm7d0R\" target=\"_blank\" rel=\"noopener nofollow\" title=\"Seguici su WhatsApp\"><br \/>\n\t\t\t\tSeguici su WhatsApp<br \/>\n\t\t\t<\/a><\/p>\n<p>\t<script async src=\"\/\/www.instagram.com\/embed.js\"><\/script><\/p>\n","protected":false},"excerpt":{"rendered":"Vera Wang, mistero della natura e dello showbiz: l\u2019ex pattinatrice diventata una delle stiliste pi\u00f9 famose al mondo&hellip;\n","protected":false},"author":3,"featured_media":564661,"comment_status":"","ping_status":"","sticky":false,"template":"","format":"standard","meta":{"footnotes":"","_share_on_mastodon":"0"},"categories":[174],"tags":[8165,12814,1449,203,204,1537,90,89,49367,18011,86],"class_list":["post-564660","post","type-post","status-publish","format-standard","has-post-thumbnail","category-intrattenimento","tag-alimentazione","tag-bevande","tag-compleanni","tag-entertainment","tag-intrattenimento","tag-it","tag-italia","tag-italy","tag-sfilate","tag-stilisti","tag-vip"],"share_on_mastodon":{"url":"https:\/\/pubeurope.com\/@it\/116844917489655477","error":""},"_links":{"self":[{"href":"https:\/\/www.europesays.com\/it\/wp-json\/wp\/v2\/posts\/564660","targetHints":{"allow":["GET"]}}],"collection":[{"href":"https:\/\/www.europesays.com\/it\/wp-json\/wp\/v2\/posts"}],"about":[{"href":"https:\/\/www.europesays.com\/it\/wp-json\/wp\/v2\/types\/post"}],"author":[{"embeddable":true,"href":"https:\/\/www.europesays.com\/it\/wp-json\/wp\/v2\/users\/3"}],"replies":[{"embeddable":true,"href":"https:\/\/www.europesays.com\/it\/wp-json\/wp\/v2\/comments?post=564660"}],"version-history":[{"count":0,"href":"https:\/\/www.europesays.com\/it\/wp-json\/wp\/v2\/posts\/564660\/revisions"}],"wp:featuredmedia":[{"embeddable":true,"href":"https:\/\/www.europesays.com\/it\/wp-json\/wp\/v2\/media\/564661"}],"wp:attachment":[{"href":"https:\/\/www.europesays.com\/it\/wp-json\/wp\/v2\/media?parent=564660"}],"wp:term":[{"taxonomy":"category","embeddable":true,"href":"https:\/\/www.europesays.com\/it\/wp-json\/wp\/v2\/categories?post=564660"},{"taxonomy":"post_tag","embeddable":true,"href":"https:\/\/www.europesays.com\/it\/wp-json\/wp\/v2\/tags?post=564660"}],"curies":[{"name":"wp","href":"https:\/\/api.w.org\/{rel}","templated":true}]}}