{"id":564682,"date":"2026-07-01T13:35:18","date_gmt":"2026-07-01T13:35:18","guid":{"rendered":"https:\/\/www.europesays.com\/it\/564682\/"},"modified":"2026-07-01T13:35:18","modified_gmt":"2026-07-01T13:35:18","slug":"formazioni-belgio-senegal-le-ultime-sulla-partita-e-dove-vederla-in-tv-e-in-streaming","status":"publish","type":"post","link":"https:\/\/www.europesays.com\/it\/564682\/","title":{"rendered":"Formazioni Belgio-Senegal: le ultime sulla partita e dove vederla in tv e in streaming"},"content":{"rendered":"<p data-testid=\"article-teaser\">Belgio-Senegal si preannuncia come uno dei sedicesimi pi\u00f9 equilibrati dei Mondiali 2026: Lukaku a caccia del riscatto contro Man\u00e9. <\/p>\n<p>La sfida tra Belgio e Senegal \u00e8 una delle pi\u00f9 attese dei sedicesimi. De Bruyne e Lukaku sono all&#8217;ultima grande chiamata per un Mondiale da protagonisti, Man\u00e9 punta a fare ancora una volta la storia col suo Senegal.<\/p>\n<p>Il Belgio ha conquistato il primo posto nel suo girone, ma con soli 5 punti. Il Senegal si \u00e8 invece qualificato tra le migliori terze, grazie all&#8217;unica larga vittoria conquistata nell&#8217;ultima gara contro l&#8217;Iraq.<\/p>\n<p><img loading=\"lazy\" decoding=\"async\" src=\"https:\/\/www.europesays.com\/it\/wp-content\/uploads\/2026\/06\/Lzc7Vfm3cmIBLzko8O-_k.png\" alt=\"crest\" width=\"20\" height=\"20\"\/>BEL<img loading=\"lazy\" decoding=\"async\" src=\"https:\/\/www.europesays.com\/it\/wp-content\/uploads\/2026\/06\/QjivUSwaaHvQ1SuWfWR23.png\" alt=\"crest\" width=\"20\" height=\"20\"\/>SEN<\/p>\n<p>Rudi Garcia conferma la stessa formazione che ha travolto la Nuova Zelanda. De Ketelaere ancora preferito a Lukaku nel ruolo di punta, ma Big Rom \u00e8 pronto a dare il suo contributo dalla panchina come fatto nell&#8217;ultima partita con un goal e un assist. <\/p>\n<p>Il Senegal deve invece fare a meno del portiere titolare Mendy, al suo posto gioca Diaw. Koulibaly ancora in panchina a favore di Seck, nel tridente offensivo spazio a Ndiaye con Sarr e Man\u00e9. <\/p>\n<p><b><strong>DOVE VEDERE LA PARTITA IN TV E STREAMING<\/strong><\/b><\/p>\n<p>Belgio-Senegal sar\u00e0 visibile su DAZN e in chiaro su Rai 1 con fischio d&#8217;inizio alle ore 22. Disponibile anche la visione in streaming su Rai Play. <\/p>\n","protected":false},"excerpt":{"rendered":"Belgio-Senegal si preannuncia come uno dei sedicesimi pi\u00f9 equilibrati dei Mondiali 2026: Lukaku a caccia del riscatto contro&hellip;\n","protected":false},"author":3,"featured_media":564683,"comment_status":"","ping_status":"","sticky":false,"template":"","format":"standard","meta":{"footnotes":"","_share_on_mastodon":"0"},"categories":[1452],"tags":[291,311273,65451,311274,721,100612,1740,1537,90,89,36860,1739,245,244,32959],"class_list":["post-564682","post","type-post","status-publish","format-standard","has-post-thumbnail","category-calcio","tag-belgio","tag-belgio-vs-senegal","tag-belgium","tag-belgium-vs-senegal","tag-calcio","tag-coppa-del-mondo","tag-football","tag-it","tag-italia","tag-italy","tag-senegal","tag-soccer","tag-sport","tag-sports","tag-world-cup"],"share_on_mastodon":{"url":"https:\/\/pubeurope.com\/@it\/116844988780153206","error":""},"_links":{"self":[{"href":"https:\/\/www.europesays.com\/it\/wp-json\/wp\/v2\/posts\/564682","targetHints":{"allow":["GET"]}}],"collection":[{"href":"https:\/\/www.europesays.com\/it\/wp-json\/wp\/v2\/posts"}],"about":[{"href":"https:\/\/www.europesays.com\/it\/wp-json\/wp\/v2\/types\/post"}],"author":[{"embeddable":true,"href":"https:\/\/www.europesays.com\/it\/wp-json\/wp\/v2\/users\/3"}],"replies":[{"embeddable":true,"href":"https:\/\/www.europesays.com\/it\/wp-json\/wp\/v2\/comments?post=564682"}],"version-history":[{"count":0,"href":"https:\/\/www.europesays.com\/it\/wp-json\/wp\/v2\/posts\/564682\/revisions"}],"wp:featuredmedia":[{"embeddable":true,"href":"https:\/\/www.europesays.com\/it\/wp-json\/wp\/v2\/media\/564683"}],"wp:attachment":[{"href":"https:\/\/www.europesays.com\/it\/wp-json\/wp\/v2\/media?parent=564682"}],"wp:term":[{"taxonomy":"category","embeddable":true,"href":"https:\/\/www.europesays.com\/it\/wp-json\/wp\/v2\/categories?post=564682"},{"taxonomy":"post_tag","embeddable":true,"href":"https:\/\/www.europesays.com\/it\/wp-json\/wp\/v2\/tags?post=564682"}],"curies":[{"name":"wp","href":"https:\/\/api.w.org\/{rel}","templated":true}]}}