{"id":564708,"date":"2026-07-01T13:55:16","date_gmt":"2026-07-01T13:55:16","guid":{"rendered":"https:\/\/www.europesays.com\/it\/564708\/"},"modified":"2026-07-01T13:55:16","modified_gmt":"2026-07-01T13:55:16","slug":"pallavolo-padova-lascia-il-main-sponsor-sonepar-cremonese-logiche-che-non-possiamo-controllare","status":"publish","type":"post","link":"https:\/\/www.europesays.com\/it\/564708\/","title":{"rendered":"Pallavolo Padova, lascia il main sponsor Sonepar. Cremonese: &#8220;Logiche che non possiamo controllare&#8221;"},"content":{"rendered":"<p>\nLa Pallavolo Padova \u00e8 alla ricerca di un nuovo main sponsor dopo l&#8217;addio anticipato di Sonepar. Si \u00e8 chiuso dopo due anni intensi il rapporto di main sponsorship. Evidentemente per\u00f2 la scelta di Sonepar di utilizzare la clausola di uscita dall\u2019accordo indica che non tutto e\u0300 andato come ci si sarebbe aspettato o piuttosto che l\u2019azienda non considera sufficiente il ritorno d\u2019immagine avuto con la sponsorizzazione del club bianconero. &#8220;Le scelte delle grandi multinazionali seguono logiche legittime che non possiamo controllare. Cio\u0300 che conta davvero e\u0300 aver lavorato bene insieme, con rispetto e continuita\u0300, costruendo qualcosa di concreto lungo il percorso&#8221; ha detto &#8211; come riporta il Corriere Veneto &#8211; il presidente della societa\u0300 patavina, Fabio <strong>Cremonese<\/strong>.\n<\/p>\n<p>        <img src=\"https:\/\/www.europesays.com\/it\/wp-content\/uploads\/2026\/07\/865399fc5fa026021dc263e5466ed780-1024x683.jpeg\"   width=\"1280\" height=\"854\" alt=\"Sonepar_Padova\" title=\"Sonepar_Padova\" loading=\"eager\" fetchpriority=\"high\" decoding=\"sync\" class=\"w-full h-auto aspect-3\/2 object-cover object-top rounded-lg\"\/><\/p>\n<p>\nL&#8217;azienda evidenzia come la collaborazione sia stata \u00abun\u2019esperienza condivisa fatta di valori, crescita reciproca e relazioni umane autentiche\u00bb. Comunicati e dichiarazioni distensive da ambo le parti dunque, ora per\u00f2 il primo club di pallavolo cittadino dovr\u00e0 colmare la lacuna.<\/p>\n","protected":false},"excerpt":{"rendered":"La Pallavolo Padova \u00e8 alla ricerca di un nuovo main sponsor dopo l&#8217;addio anticipato di Sonepar. Si \u00e8&hellip;\n","protected":false},"author":3,"featured_media":564709,"comment_status":"","ping_status":"","sticky":false,"template":"","format":"standard","meta":{"footnotes":"","_share_on_mastodon":"0"},"categories":[1474],"tags":[579,4072,63744,311301,311302,554,13211,6297,1537,90,89,89582,151280,2347,129176,245,244,1869],"class_list":["post-564708","post","type-post","status-publish","format-standard","has-post-thumbnail","category-volley","tag-accordo","tag-azienda","tag-clausola","tag-clausola-uscita","tag-clausola-uscita-accordo","tag-club","tag-controllare","tag-cremonese","tag-it","tag-italia","tag-italy","tag-logiche","tag-main","tag-pallavolo","tag-sonepar","tag-sport","tag-sports","tag-volley"],"share_on_mastodon":{"url":"https:\/\/pubeurope.com\/@it\/116845067849589307","error":""},"_links":{"self":[{"href":"https:\/\/www.europesays.com\/it\/wp-json\/wp\/v2\/posts\/564708","targetHints":{"allow":["GET"]}}],"collection":[{"href":"https:\/\/www.europesays.com\/it\/wp-json\/wp\/v2\/posts"}],"about":[{"href":"https:\/\/www.europesays.com\/it\/wp-json\/wp\/v2\/types\/post"}],"author":[{"embeddable":true,"href":"https:\/\/www.europesays.com\/it\/wp-json\/wp\/v2\/users\/3"}],"replies":[{"embeddable":true,"href":"https:\/\/www.europesays.com\/it\/wp-json\/wp\/v2\/comments?post=564708"}],"version-history":[{"count":0,"href":"https:\/\/www.europesays.com\/it\/wp-json\/wp\/v2\/posts\/564708\/revisions"}],"wp:featuredmedia":[{"embeddable":true,"href":"https:\/\/www.europesays.com\/it\/wp-json\/wp\/v2\/media\/564709"}],"wp:attachment":[{"href":"https:\/\/www.europesays.com\/it\/wp-json\/wp\/v2\/media?parent=564708"}],"wp:term":[{"taxonomy":"category","embeddable":true,"href":"https:\/\/www.europesays.com\/it\/wp-json\/wp\/v2\/categories?post=564708"},{"taxonomy":"post_tag","embeddable":true,"href":"https:\/\/www.europesays.com\/it\/wp-json\/wp\/v2\/tags?post=564708"}],"curies":[{"name":"wp","href":"https:\/\/api.w.org\/{rel}","templated":true}]}}