{"id":564723,"date":"2026-07-01T14:06:16","date_gmt":"2026-07-01T14:06:16","guid":{"rendered":"https:\/\/www.europesays.com\/it\/564723\/"},"modified":"2026-07-01T14:06:16","modified_gmt":"2026-07-01T14:06:16","slug":"mappa-annuncia-novita-per-chainsaw-man-jujutsu-kaisen-e-altri-anime-per-il-suo-15-anniversario","status":"publish","type":"post","link":"https:\/\/www.europesays.com\/it\/564723\/","title":{"rendered":"MAPPA annuncia novit\u00e0 per Chainsaw Man, Jujutsu Kaisen e altri anime per il suo 15\u00b0 anniversario"},"content":{"rendered":"<p class=\"wp-block-paragraph\">Lo studio di animazione giapponese MAPPA, tra i pi\u00f9 noti e influenti degli ultimi anni e autore di serie come Jujutsu Kaisen, Chainsaw Man, Banana Fish e Dorohedoro, ha celebrato nei giorni scorsi il suo quindicesimo anniversario con un evento trasmesso in streaming, durante il quale ha presentato aggiornamenti sulle sue produzioni e annunciato diversi nuovi progetti anime.<\/p>\n<p class=\"wp-block-paragraph\"><strong>Chainsaw Man.<\/strong> MAPPA ha diffuso un nuovo trailer di Assassins Arc, ciclo narrativo in cui gli assassini danno la caccia a Denji, il protagonista del manga di Tatsuki Fujimoto da cui \u00e8 tratto l\u2019anime. Lo studio non ha ancora annunciato n\u00e9 una data di uscita n\u00e9 il formato del progetto, che potrebbe arrivare come serie televisiva oppure come film. \u00c8 stato inoltre presentato un videogioco mobile basato sulla serie, incentrato sulle meccaniche gacha.<\/p>\n<p class=\"wp-block-paragraph\"><strong>Jujutsu Kaisen.<\/strong> MAPPA ha mostrato un teaser dedicato a The Culling Game Arc Part 2, confermando che la prossima stagione dell\u2019anime \u00e8 in lavorazione.<\/p>\n<p class=\"wp-block-paragraph\"><strong>Ranma 1\/2.<\/strong> Il remake tratto dal manga di Rumiko Takahashi torner\u00e0 a ottobre con la terza stagione, di cui \u00e8 stato mostrato un nuovo trailer. Come le precedenti, sar\u00e0 distribuito in esclusiva su Netflix.<\/p>\n<p class=\"wp-block-paragraph\"><strong>Beat &amp; Motion.<\/strong> Lo studio adatter\u00e0 il manga di Naoki Fujita, pubblicato su Sh\u014dnen Jump Plus. La storia racconta l\u2019incontro tra un aspirante animatore che ha rinunciato ai propri sogni e una musicista indipendente che lo spinge a rimettersi in gioco. La serie sar\u00e0 distribuita da Netflix.<\/p>\n<p class=\"wp-block-paragraph\"><strong>Jimoto Saiko!<\/strong> MAPPA adatter\u00e0 il manga di usagi e Saizusha. La serie, in arrivo su Netflix nel 2027, \u00e8 una commedia nera dai toni surreali che segue una giovane teppista alle prese con la caotica citt\u00e0 in cui vive.<\/p>\n<p class=\"wp-block-paragraph\"><strong>Dorohedoro.<\/strong> Dopo il debutto della seconda stagione ad aprile, MAPPA ha confermato la produzione della terza.<\/p>\n<p class=\"wp-block-paragraph\"><strong>Fall in Love, You False Angels.<\/strong> MAPPA ha presentato il primo trailer dell\u2019adattamento dell\u2019omonimo manga romantico, previsto per il 2027. La serie segue due studenti modello che nascondono entrambi un lato molto diverso da quello mostrato in pubblico.<\/p>\n<p class=\"wp-block-paragraph\">Durante l\u2019evento si \u00e8 svolto anche uno speciale dedicato a Attack on Titan Final Season ed \u00e8 stata confermata la seconda stagione di Oblivion Battery, prevista per il 2027. La diretta si \u00e8 infine conclusa con la prima di My Life, cortometraggio celebrativo realizzato per il quindicesimo anniversario dello studio.<\/p>\n<p class=\"wp-block-paragraph\"><strong>Leggi anche: <a href=\"https:\/\/fumettologica.it\/2026\/07\/witch-hat-atelier-seconda-stagione-annuncio\/\" rel=\"nofollow noopener\" target=\"_blank\">Witch Hat Atelier avr\u00e0 una seconda stagione<\/a><\/strong><\/p>\n<p class=\"has-background wp-block-paragraph\" style=\"background-color:#eeeeee\"><strong>Seguici su Instagram, <a href=\"https:\/\/www.instagram.com\/fumettologica\/\" rel=\"nofollow noopener\" target=\"_blank\">clicca qui<\/a>. <br \/>Se leggi spesso Fumettologica, puoi aggiungerla alle tue fonti preferite su Google per trovare pi\u00f9 facilmente i nostri articoli tra le notizie che ti interessano. Aggiungi Fumettologica alle tue fonti preferite <a href=\"https:\/\/google.com\/preferences\/source?q=fumettologica.it\" rel=\"nofollow noopener\" target=\"_blank\">cliccando qui<\/a>.<\/strong><\/p>\n<p>    <script async src=\"\/\/www.instagram.com\/embed.js\"><\/script><\/p>\n","protected":false},"excerpt":{"rendered":"Lo studio di animazione giapponese MAPPA, tra i pi\u00f9 noti e influenti degli ultimi anni e autore di&hellip;\n","protected":false},"author":3,"featured_media":564724,"comment_status":"","ping_status":"","sticky":false,"template":"","format":"standard","meta":{"footnotes":"","_share_on_mastodon":"0"},"categories":[1444],"tags":[19352,181271,203,204,1537,90,89,304891,311306,253],"class_list":["post-564723","post","type-post","status-publish","format-standard","has-post-thumbnail","category-tv","tag-anime","tag-chainsaw-man","tag-entertainment","tag-intrattenimento","tag-it","tag-italia","tag-italy","tag-jujutsu-kaisen","tag-studio-mappa","tag-tv"],"share_on_mastodon":{"url":"https:\/\/pubeurope.com\/@it\/116845110172046706","error":""},"_links":{"self":[{"href":"https:\/\/www.europesays.com\/it\/wp-json\/wp\/v2\/posts\/564723","targetHints":{"allow":["GET"]}}],"collection":[{"href":"https:\/\/www.europesays.com\/it\/wp-json\/wp\/v2\/posts"}],"about":[{"href":"https:\/\/www.europesays.com\/it\/wp-json\/wp\/v2\/types\/post"}],"author":[{"embeddable":true,"href":"https:\/\/www.europesays.com\/it\/wp-json\/wp\/v2\/users\/3"}],"replies":[{"embeddable":true,"href":"https:\/\/www.europesays.com\/it\/wp-json\/wp\/v2\/comments?post=564723"}],"version-history":[{"count":0,"href":"https:\/\/www.europesays.com\/it\/wp-json\/wp\/v2\/posts\/564723\/revisions"}],"wp:featuredmedia":[{"embeddable":true,"href":"https:\/\/www.europesays.com\/it\/wp-json\/wp\/v2\/media\/564724"}],"wp:attachment":[{"href":"https:\/\/www.europesays.com\/it\/wp-json\/wp\/v2\/media?parent=564723"}],"wp:term":[{"taxonomy":"category","embeddable":true,"href":"https:\/\/www.europesays.com\/it\/wp-json\/wp\/v2\/categories?post=564723"},{"taxonomy":"post_tag","embeddable":true,"href":"https:\/\/www.europesays.com\/it\/wp-json\/wp\/v2\/tags?post=564723"}],"curies":[{"name":"wp","href":"https:\/\/api.w.org\/{rel}","templated":true}]}}