{"id":564729,"date":"2026-07-01T14:09:13","date_gmt":"2026-07-01T14:09:13","guid":{"rendered":"https:\/\/www.europesays.com\/it\/564729\/"},"modified":"2026-07-01T14:09:13","modified_gmt":"2026-07-01T14:09:13","slug":"bastoni-verso-il-no-alla-procura-la-difesa-e-la-ragazza-respingono-le-accuse","status":"publish","type":"post","link":"https:\/\/www.europesays.com\/it\/564729\/","title":{"rendered":"Bastoni verso il no alla Procura: la difesa e la ragazza respingono le accuse."},"content":{"rendered":"<p>                                Proseguono le indagini: il difensore dell&#8217;Inter valuta di non presentarsi alla convocazione, il legale esclude rapporti a pagamento. E anche la giovane coinvolta nega di aver ricevuto denaro. La prossima settimana saranno ascoltati altri calciatori<\/p>\n<p class=\"paragraph\" spellcheck=\"true\">Domande, chat, conversazioni e ipotesi. \u00c8 la mattinata dopo la tempesta, in cui la bufera \u00e8 passata e lascia spazio a dubbi e punti interrogativi. Il primo l\u2019ha provato a chiarire la difesa, nella persona dell\u2019avvocato Salvatore Scuto. &#8220;Escludo categoricamente che Alessandro Bastoni abbia avuto rapporti a pagamento, a maggior ragione con una minorenne&#8221;. <a href=\"https:\/\/www.gazzetta.it\/Calcio\/Serie-A\/Inter\/01-07-2026\/bastoni-chat-intercettazioni-escort-serata.shtml?intcmp=hyperlink-articolo-gazit\" rel=\"nofollow noopener\" target=\"_blank\">Il calciatore dell\u2019Inter \u00e8 stato convocato in Procura a Milano nella mattinata di venerd\u00ec,<\/a> ma la scelta sembra essere quella di non presentarsi. Domani, per\u00f2, sar\u00e0 comunicata la decisione finale. &#8220;\u00c8 una convocazione al buio&#8221;, aveva spiegato il legale.\u00a0<\/p>\n<p>    la versione della ragazza\u2014 \u00a0<\/p>\n<p class=\"paragraph is-inline\" spellcheck=\"true\">Intanto, anche la ragazza avrebbe negato la contestazione. &#8220;Non sono una prostituita e non ho preso soldi per fare sesso&#8221;, questo il senso della testimonianza resa agli inquirenti dalla ragazza, all&#8217;epoca dei fatti 17enne, che nel luglio 2020 avrebbe trascorso una notte con il difensore dell&#8217;Inter e della Nazionale. Secondo l\u2019accusa, Bastoni e la ragazza &#8211; allora 17enne &#8211; si sarebbero incontrati a Cinisello Balsamo per poi spostarsi insieme in casa del difensore nerazzurro, allora 21enne. Si tratterebbe &#8211; a quanto si apprende da fonti qualificate &#8211; dell&#8217;unico episodio finora emerso dalle indagini in cui \u00e8 coinvolta una minorenne.\u00a0<\/p>\n<p><a class=\"is-partner-link\" href=\"https:\/\/abbonamenti.gazzetta.it\/de-promo-mondiali\/?pwcmp=cta&amp;forceBrowser=true\" rel=\"nofollow noopener\" target=\"_blank\">Gazzetta Mondiale: ogni notte un\u2019edizione straordinaria esclusiva. Non perdertela, abbonati a 1\u20ac\/mese!<\/a><\/p>\n<p>    le altre audizioni\u2014 \u00a0<\/p>\n<p class=\"paragraph is-inline\" spellcheck=\"true\">Sono state poi fissate le audizioni di due dei tre calciatori che saranno ascoltati dagli inquirenti come persone informate sui fatti: Riccardo Calafiori e Kevin Bonifazi saranno ascoltati la settimana prossima, Maldini probabilmente in quella successiva. Potrebbero, per\u00f2, non essere gli unici. Anche perch\u00e9 non \u00e8 terminato lo spoglio delle intercettazioni telefoniche e potrebbero emergere nuovi sviluppi nei prossimi giorni.<\/p>\n<p class=\"is-copyright\">\u00a9 RIPRODUZIONE RISERVATA<\/p>\n","protected":false},"excerpt":{"rendered":"Proseguono le indagini: il difensore dell&#8217;Inter valuta di non presentarsi alla convocazione, il legale esclude rapporti a pagamento.&hellip;\n","protected":false},"author":3,"featured_media":564730,"comment_status":"","ping_status":"","sticky":false,"template":"","format":"standard","meta":{"footnotes":"","_share_on_mastodon":"0"},"categories":[176],"tags":[78280,2479,19898,1952,1331,38157,4053,71066,4031,486,21776,350,1537,90,89,8428,14973,40244,7844,10422,25152,1920,245,244],"class_list":["post-564729","post","type-post","status-publish","format-standard","has-post-thumbnail","category-sport","tag-ascoltati","tag-audizioni","tag-bastoni","tag-calciatori","tag-coinvolta","tag-convocazione","tag-difensore","tag-difensore-inter","tag-fatti","tag-indagini","tag-inquirenti","tag-inter","tag-it","tag-italia","tag-italy","tag-legale","tag-mattinata","tag-minorenne","tag-pagamento","tag-potrebbero","tag-presentarsi","tag-ragazza","tag-sport","tag-sports"],"share_on_mastodon":{"url":"https:\/\/pubeurope.com\/@it\/116845121834644799","error":""},"_links":{"self":[{"href":"https:\/\/www.europesays.com\/it\/wp-json\/wp\/v2\/posts\/564729","targetHints":{"allow":["GET"]}}],"collection":[{"href":"https:\/\/www.europesays.com\/it\/wp-json\/wp\/v2\/posts"}],"about":[{"href":"https:\/\/www.europesays.com\/it\/wp-json\/wp\/v2\/types\/post"}],"author":[{"embeddable":true,"href":"https:\/\/www.europesays.com\/it\/wp-json\/wp\/v2\/users\/3"}],"replies":[{"embeddable":true,"href":"https:\/\/www.europesays.com\/it\/wp-json\/wp\/v2\/comments?post=564729"}],"version-history":[{"count":0,"href":"https:\/\/www.europesays.com\/it\/wp-json\/wp\/v2\/posts\/564729\/revisions"}],"wp:featuredmedia":[{"embeddable":true,"href":"https:\/\/www.europesays.com\/it\/wp-json\/wp\/v2\/media\/564730"}],"wp:attachment":[{"href":"https:\/\/www.europesays.com\/it\/wp-json\/wp\/v2\/media?parent=564729"}],"wp:term":[{"taxonomy":"category","embeddable":true,"href":"https:\/\/www.europesays.com\/it\/wp-json\/wp\/v2\/categories?post=564729"},{"taxonomy":"post_tag","embeddable":true,"href":"https:\/\/www.europesays.com\/it\/wp-json\/wp\/v2\/tags?post=564729"}],"curies":[{"name":"wp","href":"https:\/\/api.w.org\/{rel}","templated":true}]}}