{"id":564761,"date":"2026-07-01T14:34:40","date_gmt":"2026-07-01T14:34:40","guid":{"rendered":"https:\/\/www.europesays.com\/it\/564761\/"},"modified":"2026-07-01T14:34:40","modified_gmt":"2026-07-01T14:34:40","slug":"mika-symphonique-larmonia-tra-due-mondi","status":"publish","type":"post","link":"https:\/\/www.europesays.com\/it\/564761\/","title":{"rendered":"Mika Symphonique, l\u2019armonia tra due mondi"},"content":{"rendered":"<p class=\"sottotitolo\">I grandi successi pop del cantautore libanese si fondono con l\u2019Orchestra del Teatro Comunale di Bologna e il Coro del Teatro Lirico Sperimentale di Spoleto, in uno spettacolo emozionante che conquista Piazza Duomo<\/p>\n<p>\u00a0<\/p>\n<p>\t\t\t\t\t\t\t\t<a href=\"https:\/\/spoletonline.com\/adv-1652-CircoloTennisSpoleto\" target=\"_blank\" rel=\"nofollow noopener\"><br \/>\n                                    <img decoding=\"async\" class=\"desk\" title=\"Circolo Tennis Spoleto\" alt=\"Circolo Tennis Spoleto\" src=\"https:\/\/www.europesays.com\/it\/wp-content\/uploads\/2026\/06\/1652_BannerCircoloTennisLongOK.png\"\/><br \/>\n                                    <img decoding=\"async\" class=\"phone\" title=\"Circolo Tennis Spoleto\" alt=\"Circolo Tennis Spoleto\" src=\"https:\/\/www.europesays.com\/it\/wp-content\/uploads\/2026\/06\/1652_phone_BannerCircoloTennisLongOK.png\"\/><\/a><\/p>\n<p>\t\t\t\t\t\t\t\t<a href=\"https:\/\/spoletonline.com\/adv-1474-StudioDentisticoMari\" target=\"_blank\" rel=\"nofollow noopener\"><br \/>\n                                    <img decoding=\"async\" class=\"desk\" title=\"Studio Dentistico Mari\" alt=\"Studio Dentistico Mari\" src=\"https:\/\/www.europesays.com\/it\/wp-content\/uploads\/2026\/07\/1474_MariBanner1.jpg\"\/><br \/>\n                                    <img decoding=\"async\" class=\"phone\" title=\"Studio Dentistico Mari\" alt=\"Studio Dentistico Mari\" src=\"https:\/\/www.europesays.com\/it\/wp-content\/uploads\/2026\/07\/1474_phone_MariBanner1.jpg\"\/><\/a><\/p>\n<p>Uno degli appuntamenti pi\u00f9 attesi del Festival dei Due Mondi, Mika si \u00e8 esibito ieri, marted\u00ec 30 giugno, nella splendida cornice di Piazza Duomo, accompagnato dall\u2019Orchestra del Teatro Comunale di Bologna e il Coro del Teatro Lirico Sperimentale di Spoleto, diretti dal compositore canadese Simon Leclerc. Un concerto che ha saputo andare oltre la dimensione del live pop, trasformandosi in un dialogo continuo tra orchestra, coro e artista, proprio nello spirito del tema scelto per questa edizione del Festival: Radici.<\/p>\n<p>&#13;<\/p>\n<p>Tra un brano e il successivo, infatti, Mika ha voluto condividere con il pubblico il significato che quel tema aveva assunto per lui, sottolineando come le radici non rappresentino soltanto il luogo da cui proveniamo, ma anche ci\u00f2 che ci spinge a cercare connessioni, a superare i confini e ad andare verso gli altri. Un\u2019immagine che ha trovato immediatamente forma nella musica, dove il suo linguaggio pop-elettronico si \u00e8 fuso con quello sinfonico fino a diventare un unico corpo sonoro emozionante e toccante. <br \/>\u201cLe radici sono molto pi\u00f9 potenti dei confini\u201d, ha specificato il cantautore, sintetizzando il senso di un concerto costruito proprio sull\u2019incontro tra mondi apparentemente lontani.<\/p>\n<p>&#13;<\/p>\n<p>Da quel momento, lo spettacolo ha mantenuto la promessa. Gli arrangiamenti orchestrali hanno regalato nuova profondit\u00e0 ai grandi successi di Mika, senza mai privarli della loro energia. Al contrario, brani conosciuti e cantati dal pubblico hanno assunto una veste inedita, pi\u00f9 ampia e teatrale, in cui l\u2019orchestra e il coro non hanno fatto da semplice accompagnamento, ma sono diventati parte integrante del racconto musicale.<\/p>\n<p>&#13;<\/p>\n<p>A colpire \u00e8 stata anche la straordinaria presenza scenica dell\u2019artista. Mika ha condotto gli spettatori nel suo mondo con la naturalezza e l\u2019entusiasmo che lo contraddistinguono, alternando momenti di leggerezza ad altri pi\u00f9 intimi, sempre con il sorriso e con quella teatralit\u00e0 spontanea che rende ogni sua esibizione coinvolgente. La sua voce, impeccabile, ha saputo muoversi con disinvoltura tra registri diversi, sostenuta da un\u2019orchestra capace di esaltarne ogni sfumatura.<\/p>\n<p>&#13;<\/p>\n<p>\u201cCome tante persone da quando questo Festival \u00e8 cominciato nel 1958, mettiamo in musica quello che non riusciamo ad esprimere in parole\u201d \u00e8 stata la promessa di Mika, ed \u00e8 forse questa la sensazione che il pubblico si \u00e8 portato a casa uscendo da Piazza Duomo: aver assistito non soltanto ad un concerto, ma ad uno spettacolo in cui la musica ha trovato un equilibrio raro tra nuovo e antico, dando pieno significato a quel tema, Radici, che per una sera \u00e8 sembrato parlare a tutti.<\/p>\n<p class=\"categoria\" style=\"color: black; text-align: center\">Fai una donazione a Spoletonline per aiutare il nostro progetto<\/p>\n<p><\/p>\n","protected":false},"excerpt":{"rendered":"I grandi successi pop del cantautore libanese si fondono con l\u2019Orchestra del Teatro Comunale di Bologna e il&hellip;\n","protected":false},"author":3,"featured_media":564762,"comment_status":"","ping_status":"","sticky":false,"template":"","format":"standard","meta":{"footnotes":"","_share_on_mastodon":"0"},"categories":[1443],"tags":[52278,34042,52270,203,52273,52275,52282,52274,4820,204,1537,90,89,1538,1539,52279,7,52272,52281,4056,980,9601,52276,52269,52277,52280,28253,52271],"class_list":["post-564761","post","type-post","status-publish","format-standard","has-post-thumbnail","category-musica","tag-arte-a-spoleto","tag-cascia","tag-cronaca-di-spoleto","tag-entertainment","tag-festival-dei-due-mondi","tag-francis-menotti","tag-galleria-civica-d","tag-giancarlo-menotti","tag-giornale","tag-intrattenimento","tag-it","tag-italia","tag-italy","tag-music","tag-musica","tag-musica-a-spoleto","tag-news","tag-norcia","tag-notizie-di-spoleto","tag-perugia","tag-quotidiano","tag-spoleto","tag-spoleto-festival","tag-spoleto-online","tag-teatro-a-spoleto","tag-teatro-lirico-sperimentale-di-spoleto","tag-umbria","tag-valnerina"],"share_on_mastodon":{"url":"https:\/\/pubeurope.com\/@it\/116845221167980253","error":""},"_links":{"self":[{"href":"https:\/\/www.europesays.com\/it\/wp-json\/wp\/v2\/posts\/564761","targetHints":{"allow":["GET"]}}],"collection":[{"href":"https:\/\/www.europesays.com\/it\/wp-json\/wp\/v2\/posts"}],"about":[{"href":"https:\/\/www.europesays.com\/it\/wp-json\/wp\/v2\/types\/post"}],"author":[{"embeddable":true,"href":"https:\/\/www.europesays.com\/it\/wp-json\/wp\/v2\/users\/3"}],"replies":[{"embeddable":true,"href":"https:\/\/www.europesays.com\/it\/wp-json\/wp\/v2\/comments?post=564761"}],"version-history":[{"count":0,"href":"https:\/\/www.europesays.com\/it\/wp-json\/wp\/v2\/posts\/564761\/revisions"}],"wp:featuredmedia":[{"embeddable":true,"href":"https:\/\/www.europesays.com\/it\/wp-json\/wp\/v2\/media\/564762"}],"wp:attachment":[{"href":"https:\/\/www.europesays.com\/it\/wp-json\/wp\/v2\/media?parent=564761"}],"wp:term":[{"taxonomy":"category","embeddable":true,"href":"https:\/\/www.europesays.com\/it\/wp-json\/wp\/v2\/categories?post=564761"},{"taxonomy":"post_tag","embeddable":true,"href":"https:\/\/www.europesays.com\/it\/wp-json\/wp\/v2\/tags?post=564761"}],"curies":[{"name":"wp","href":"https:\/\/api.w.org\/{rel}","templated":true}]}}